{"id":21189,"date":"2024-03-05T11:49:01","date_gmt":"2024-03-05T08:49:01","guid":{"rendered":"https:\/\/akdenizhaber.com.tr\/?p=21189"},"modified":"2024-03-05T11:49:01","modified_gmt":"2024-03-05T08:49:01","slug":"akdeniz-universitesinde-antalya-fetih-sempozyumu-duzenlendi","status":"publish","type":"post","link":"https:\/\/akdenizhaber.com.tr\/index.php\/2024\/03\/05\/akdeniz-universitesinde-antalya-fetih-sempozyumu-duzenlendi\/","title":{"rendered":"Akdeniz \u00dcniversitesi\u2019nde Antalya Fetih Sempozyumu d\u00fczenlendi"},"content":{"rendered":"\n<p><\/p>\n\n\n\n<p>Akdeniz \u00dcniversitesi ev sahipli\u011finde Antalya\u2019n\u0131n Fethinin 817. y\u0131l\u0131 kutlamalar\u0131 kapsam\u0131ndad\u00fczenlenen Antalya Fetih Sempozyumu geni\u015f kat\u0131l\u0131mla ba\u015flad\u0131.A\u00e7\u0131l\u0131\u015f oturumunda Prof. Dr. Feridun Emecen taraf\u0131ndan \u201cAntalya Kent Tarihinde Temel D\u00f6n\u00fc\u015f\u00fcmler\u201d konulu konferansverildi.<\/p>\n\n\n\n<p>Antalya\u2019n\u0131n Fethinin 817. y\u0131l\u0131 kutlamalar\u0131 kapsam\u0131nda&nbsp;\u201c<strong>Cumhuriyet\u2019in 100. Y\u0131l\u0131 An\u0131s\u0131na&nbsp;<\/strong><em>Fetihten Cumhuriyet\u2019e Antalya\u2019da&nbsp;<\/em><strong>T\u00fcrk<\/strong><strong>Tarihi ve Medeniyeti<\/strong>\u201d ba\u015fl\u0131\u011f\u0131yla d\u00fczenlenen Antalya&nbsp;Fetih&nbsp;Sempozyumu a\u00e7\u0131l\u0131\u015f konferans\u0131yla ba\u015flad\u0131. Akdeniz \u00dcniversitesi Edebiyat Fak\u00fcltesi\u2019nde d\u00fczenlenen sempozyumun a\u00e7\u0131l\u0131\u015f t\u00f6renine Antalya Valisi Hulusi \u015eahin, Akdeniz \u00dcniversitesi Rekt\u00f6r\u00fc Prof. Dr. \u00d6zlenen \u00d6zkan,Vali Yard\u0131mc\u0131lar\u0131 Yal\u00e7\u0131n Sezgin, Erol Tanr\u0131kulu, Antalya \u0130l Jandarma Komutan\u0131 Tu\u011fgeneral Tar\u0131k Hekimo\u011flu, Antalya \u0130l Emniyet M\u00fcd\u00fcr\u00fc Orhan \u00c7evik, Sahil G\u00fcvenlik Antalya Grup Komutan\u0131 Yarbay Tolga Co\u015fkun, Rekt\u00f6r Yard\u0131mc\u0131lar\u0131 Prof.Dr. Ay\u015fe G\u00fclbin Ar\u0131c\u0131, Prof.Dr. \u015e\u00fckr\u00fc \u00d6zen, Prof. Dr. Cengiz Toker,Edebiyat Fak\u00fcltesi Dekan\u0131Prof. Dr. Nur\u015fen Adak,\u00f6\u011fretim \u00fcyeleri ve \u00e7ok say\u0131da \u00f6\u011frenci kat\u0131ld\u0131.<\/p>\n\n\n\n<p>\u0130L\u0130MLE K\u00dcLT\u00dcRLE MEDEN\u0130YET \u0130N\u015eASIYLA YA\u015eADIK<\/p>\n\n\n\n<p>Sempozyumun a\u00e7\u0131l\u0131\u015f konu\u015fmas\u0131n\u0131 yapan Antalya Valisi Hulusi \u015eahin, \u201c817.fetih g\u00fcn\u00fcn\u00fc hep birlikte kutluyoruz ve bunu bir sempozyumla ba\u015flamaktan bir ilim meclisinde \u00fcniversitemizde ba\u015flatmak ger\u00e7ekten \u00e7ok de\u011ferli. Yahya Kemal\u2019in dedi\u011fi gibi ne harabi ne harabat\u0131y\u0131z, k\u00f6k\u00fc mazide olan atiyiz. Bizler bu co\u011frafyaya bu topraklara bir gas\u0131p olarak gelmedik. Biz Mo\u011fol da de\u011filiz, Ha\u00e7l\u0131 da de\u011filiz. Haramileri gibi ya da Mo\u011fol zalimleri gibi gelip yak\u0131p y\u0131k\u0131p yok edip gitmedik. Biz bu topraklara vatan aray\u0131\u015f\u0131 i\u00e7inde geldik, do\u011frudur at s\u0131rt\u0131nda yal\u0131nk\u0131l\u0131\u00e7 geldik ama ilimle k\u00fclt\u00fcrle ihya ettik. Ve bu ilimle k\u00fclt\u00fcrle medeniyet in\u015fas\u0131yla bu co\u011frafyada 800 y\u0131l\u0131n \u00fczerinde kald\u0131k.\u201d dedi.<\/p>\n\n\n\n<p>\u0130L\u0130M\u0130 KEND\u0130M\u0130ZE REHBER ED\u0130NMEL\u0130Y\u0130Z<\/p>\n\n\n\n<p>Bu cennet vatanda ilim ile k\u00fclt\u00fcr ile kal\u0131c\u0131 olunaca\u011f\u0131n\u0131 vurgulayan Vali \u015eahin, \u201cBu cennet vatanda elbette ki ilim ile k\u00fclt\u00fcr ile kendimizi bilerek kal\u0131c\u0131 olaca\u011f\u0131z.Durmu\u015f Hocao\u011flu\u2019nun dedi\u011fi gibi e\u011fer bunu yapmazsak Hititler gibi kaybolur gideriz. Kimse bizi hat\u0131rlamaz. 100 sene sonra gelenler burada bir medeniyet vard\u0131,kimdi bilemez diyor. Biz ancak ve ancak bunu ba\u015farabilirsek kal\u0131c\u0131 olabiliriz. Bunun i\u00e7in \u00e7al\u0131\u015f\u0131yoruz, bunun i\u00e7in m\u00fccadele ediyoruz.\u201d dedi. Bu topraklar\u0131n \u00e7ok say\u0131da \u00f6nemli alim yeti\u015ftirdi\u011finin alt\u0131n\u0131 \u00e7izen Vali \u015eahin,\u201cK\u00fcnd\u00fcri var,\u0130bni Sina var,&nbsp; Ah\u00ee Evran var. Hem yerli hem milli hem de b\u00fcy\u00fck bir bilim adam\u0131. Bizler yeti\u015ftirdik, daha da yeti\u015ftirmeliyiz. \u0130limi kendimize rehber edilmeliyiz.\u201d diye konu\u015ftu.<\/p>\n\n\n\n<p>ANTALYA B\u0130R D\u00dcNYA \u015eEHR\u0130<\/p>\n\n\n\n<p>Antalya Bilim Forumu\u2019ndan da bahseden Vali \u015eahin, \u201cAntalya ger\u00e7ekten d\u00fcnya \u015fehri.Burada 140\u2019\u0131n \u00fczerinde devlet temsilcisineson \u00fc\u00e7 g\u00fcnd\u00fcr ev sahipli\u011fi yapt\u0131. Gelen \u00fclkeler sadece cumhuriyet ile y\u00f6netilmiyorlar,tabii ba\u015fka y\u00f6netim \u015fekilleri de var. Biz \u015funu g\u00f6rd\u00fck, cumhuriyet bize \u00e7ok yak\u0131\u015fm\u0131\u015f, ya\u015fas\u0131n cumhuriyet dedik. \u00c7\u00fcnk\u00fc bizler her bir cumhuriyetin bireyi olarak nas\u0131l \u015ferefli, haysiyetli, onurlu birer birey haline geldi\u011fimizi son y\u00fczy\u0131lda \u015ferefle g\u00f6rd\u00fck. O y\u00fczden bunun da unutulmamas\u0131 laz\u0131m. \u00c7ar\u015famba g\u00fcn\u00fc bizler Atat\u00fcrk\u2019\u00fcm\u00fcz\u00fcn Antalya&#8217;ya geli\u015fini de kutlayaca\u011f\u0131z. Atat\u00fcrk bizim milletimizin \u00e7ok \u00f6nemli bir de\u011feridir ve bize her bir birey olarak hak etti\u011finiz \u015fan\u0131, \u015ferefi, haysiyeti kurdu\u011fu cumhuriyetle vermi\u015ftir. Bizi biz yapan de\u011ferleri, Antalya&#8217;y\u0131 bize yurt eden b\u00fcy\u00fck insanlar\u0131 unutmayal\u0131m.\u201d \u015feklinde konu\u015ftu.<\/p>\n\n\n\n<p>FET\u0130H SADECE ASKER\u0130 DE\u011e\u0130L B\u0130L\u0130M VE TEKNOLOJ\u0130 \u0130LE OLUR<\/p>\n\n\n\n<p>B\u00fcy\u00fck \u00d6nder Gazi Mustafa Kemal Atat\u00fcrk\u2019\u00fcn ifadesiyle d\u00fcnyan\u0131n en g\u00fczel \u015fehri Antalya\u2019n\u0131n fethinin 817. y\u0131ld\u00f6n\u00fcm\u00fcn\u00fc kutlamak i\u00e7in bir araya geldiklerini ifade edenAkdeniz \u00dcniversitesi Rekt\u00f6r\u00fc Prof. Dr. \u00d6zlenen \u00d6zkan \u201cB\u00f6yle g\u00fcnler, bizi biz yapan de\u011ferleri hat\u0131rlamam\u0131z i\u00e7in bir vesile olmal\u0131d\u0131r. Tarihimizden \u00e7\u0131kartaca\u011f\u0131m\u0131z \u00e7ok say\u0131da ders var. Antalya\u2019n\u0131n fethine sadece bir kahramanl\u0131k destan\u0131 olarak bakarsak, Anadolu\u2019yu bize vatan k\u0131lan atalar\u0131m\u0131za haks\u0131zl\u0131k etmi\u015f oluruz. Antalya\u2019n\u0131n fethi, sadece askeri bir zafer de\u011fil, bilime ve teknolojiye yap\u0131lan yat\u0131r\u0131mlar\u0131n da bir sonucudur.Sel\u00e7uklu d\u00f6nemi, \u00f6zellikle t\u0131p, matematik, astronomi ve co\u011frafya gibi alanlarda bilimsel geli\u015fmenin y\u00fcksek oldu\u011fu bir d\u00f6nemdi.\u201d dedi.<\/p>\n\n\n\n<p>GE\u00c7M\u0130\u015e\u0130N M\u0130RASI GELECE\u011eE TA\u015eINIYOR<\/p>\n\n\n\n<p>Gen\u00e7lere \u00fclkenin de\u011ferlerinin fark\u0131nda olun \u00e7a\u011fr\u0131s\u0131nda bulunan Rekt\u00f6r \u00d6zkan\u201cBug\u00fcn d\u00fcnya bizim de\u011ferlerimizin fark\u0131nda. Acaba biz kendi de\u011ferlerimizin ne kadar fark\u0131nday\u0131z. Gen\u00e7lerimize bu isimleri ne kadar tan\u0131tabiliyoruz. T\u00fcrkiye Cumhuriyeti\u2019nin \u00e7ok b\u00fcy\u00fck ve k\u00f6kl\u00fc bir medeniyet ge\u00e7mi\u015fi var. Bu e\u015fsiz miras\u0131 gelecek nesillere aktarabilmemiz laz\u0131m. Onun i\u00e7in KAAN diyoruz, O\u011fuz Kaan\u2019a g\u00f6klerden selam g\u00f6nderiyoruz. H\u00fcrku\u015f, Ak\u0131nc\u0131, G\u00f6kbey, Anka, K\u0131z\u0131lelma diyoruz. D\u00fcnden ilham alarak gelece\u011fe ko\u015fuyoruz. K\u00f6kl\u00fc medeniyetimiz ve onun yeti\u015ftirdi\u011fi b\u00fcy\u00fck dehalar bizlere her zaman yol g\u00f6sterecek. Bize bu cennet vatan\u0131 emanet eden kahramanl\u0131\u011f\u0131m\u0131z, cesaretimiz kadar i\u015fte bu b\u00fcy\u00fck dehalard\u0131r.\u201d ifadelerini kulland\u0131.<\/p>\n\n\n\n<p>KAAN, B\u0130ZLER \u0130\u00c7\u0130N B\u00dcY\u00dcK B\u0130R GURUR VES\u0130LES\u0130<\/p>\n\n\n\n<p>Bug\u00fcn de bu zorlu co\u011frafyada ayakta durman\u0131n ge\u00e7mi\u015ften al\u0131nan miras\u0131 s\u00fcrd\u00fcrebilmekle m\u00fcmk\u00fcn oldu\u011funu belirten Rekt\u00f6r \u00d6zkan, \u201cBu anlamda at\u0131lan \u00e7ok \u00f6nemli ad\u0131mlar var. En s\u0131cak \u00f6rne\u011fi, ge\u00e7ti\u011fimiz haftalarda g\u00f6ky\u00fcz\u00fcyle bulu\u015fan Milli Muharip U\u00e7a\u011f\u0131m\u0131z Kaan\u2019d\u0131r. \u00dcniversitemiz Teknokenti\u2019nde yaz\u0131l\u0131mlar\u0131n\u0131 yapt\u0131\u011f\u0131m\u0131z Kaan, bizler i\u00e7in b\u00fcy\u00fck bir gurur vesilesidir. Bu eser, Anadolu\u2019nun T\u00fcrk topra\u011f\u0131 olarak kalaca\u011f\u0131n\u0131n bir ni\u015fanesidir. Yine \u0130HA ve S\u0130HA\u2019lar\u0131m\u0131z\u0131n bir sava\u015f\u0131n kaderini nas\u0131l de\u011fi\u015ftirdi\u011fini, can Azerbaycan\u2019\u0131n Karaba\u011f\u2019da elde etti\u011fi b\u00fcy\u00fck zaferde g\u00f6rd\u00fck.Bize d\u00fc\u015fen, atalar\u0131m\u0131z\u0131n bu miras\u0131n\u0131 s\u00fcrd\u00fcrmektir. Cumhurba\u015fkan\u0131m\u0131z Recep Tayyip Erdo\u011fan\u2019\u0131n liderli\u011finde s\u00fcren yerli ve milli savunma sanayisi hamlesine destek vermek, atalar\u0131m\u0131za olan borcumuzdur.\u201d diye konu\u015ftu.<\/p>\n\n\n\n<p>\u00d6NEML\u0130 B\u0130R HAFTA KUTLUYORUZ<\/p>\n\n\n\n<p>Bu hafta \u00f6nemli kutlamalar\u0131n yap\u0131laca\u011f\u0131n\u0131 s\u00f6yleyen Edebiyat Fak\u00fcltesi Dekan\u0131Prof. Dr. Nur\u015fen Adak,\u201cAtat\u00fcrk\u2019\u00fcn Antalya\u2019ya geli\u015fi ve Antalya\u2019n\u0131n 817. Fetih y\u0131l\u0131 d\u00f6nemi nedeniyle kutlama yapaca\u011f\u0131z. Burada Antalya\u2019n\u0131n tarihi ve k\u00fclt\u00fcr\u00fcn\u00fc \u00e7ok de\u011ferli bilim insanlar\u0131ndan dinleyece\u011fiz, bu haftan\u0131n sonuna do\u011fru da 8 Mart D\u00fcnya Kad\u0131nlar G\u00fcn\u00fcn\u00fc Antalya\u2019da ve d\u00fcnyada kutlayaca\u011f\u0131z. Bu vesileyle bu sempozyuma da eme\u011fi ge\u00e7en herkesi te\u015fekk\u00fcrlerimi sunuyorum.\u201d dedi.<\/p>\n\n\n\n<p>Antalya B\u00fcy\u00fck\u015fehir Belediyesi K\u00fclt\u00fcr ve Sosyal \u0130\u015fler Daire Ba\u015fkan\u0131 Okan Yavuz da Antalya Kongresi kapsam\u0131nda elliye yak\u0131n akademisyenin iki g\u00fcn boyunca sunaca\u011f\u0131 bildirilerin kitapla\u015ft\u0131r\u0131laca\u011f\u0131n\u0131 belirterek eme\u011fi ge\u00e7enlere te\u015fekk\u00fcr etti.<\/p>\n\n\n\n<p>12 OTURUMDA 50 B\u0130LD\u0130R\u0130 SUNULACAK<\/p>\n\n\n\n<p>Sempozyum hakk\u0131nda bilgi veren Akdeniz \u00dcniversitesi Tarih B\u00f6l\u00fcm\u00fc Ba\u015fkan\u0131 Prof. Dr. G\u00fcven Din\u00e7, Antalya Valili\u011fi, Antalya B\u00fcy\u00fck\u015fehir Belediyesi ve Akdeniz \u00dcniversitesi i\u015fbirli\u011fi ile haz\u0131rlanan sempozyumun temas\u0131n\u0131n \u201cCumhuriyet\u2019in 100. Y\u0131l\u0131 An\u0131s\u0131na Fetihten Cumhuriyet\u2019e Antalya\u2019da T\u00fcrk Tarihi ve Medeniyeti\u201d olarak belirlendi\u011fini s\u00f6yledi. Prof. Dr. Din\u00e7, \u201cSempozyuma belirlenen bu temaya uygun olarak 85 ba\u015fvurudan bilim ve d\u00fczenleme kurulumuz kontenjan dahilinde 50 bildiriyi kabul edebildi. Sempozyumumuza 19 ayr\u0131 ilimizden Kazakistan\u2019dan ve Kuzey K\u0131br\u0131s T\u00fcrk Cumhuriyeti&#8217;nden \u00e7ok k\u0131ymetli bilim insanlar\u0131m\u0131z\u0131n birbirinden de\u011ferli bildirileri sunulacak. Bildiriler Sel\u00e7uklu, Osmanl\u0131 ve Cumhuriyet d\u00f6nemlerinde Antalya&#8217;m\u0131zdaki t\u00fcrk tarihini ve medeniyetini ortaya koyacak. Sempozyumumuz \u00f6\u011fleden sonra 2 salonumuzdan 12 oturumla birlikte devam edecek.\u201d \u015feklinde konu\u015ftu.<\/p>\n\n\n\n<p>A\u00e7\u0131l\u0131\u015f konu\u015fmalar\u0131n\u0131n ard\u0131ndan Antalya Fetih Sempozyumu\u2019nda Prof. Dr. Feridun Emecen taraf\u0131ndan \u201cAntalya Kent Tarihinde Temel D\u00f6n\u00fc\u015f\u00fcmler\u201d konulu konferansverildi. Konferans bitiminde Rekt\u00f6r \u00d6zkan g\u00fcn\u00fcn an\u0131s\u0131na Prof. Dr. Feridun Emecen\u2019e plaket takdim etti.&nbsp;<\/p>\n\n\n\n<p>Akdeniz \u00dcniversitesi Rekt\u00f6rl\u00fc\u011f\u00fc \/ B\u00fclten<\/p>\n","protected":false},"excerpt":{"rendered":"<p>Akdeniz \u00dcniversitesi ev sahipli\u011finde Antalya\u2019n\u0131n Fethinin 817. y\u0131l\u0131 kutlamalar\u0131 kapsam\u0131ndad\u00fczenlenen Antalya Fetih Sempozyumu geni\u015f kat\u0131l\u0131mla ba\u015flad\u0131.A\u00e7\u0131l\u0131\u015f oturumunda Prof. Dr. Feridun Emecen taraf\u0131ndan \u201cAntalya Kent Tarihinde <a href=\"https:\/\/akdenizhaber.com.tr\/index.php\/2024\/03\/05\/akdeniz-universitesinde-antalya-fetih-sempozyumu-duzenlendi\/\" class=\"read-more-link\">[more&#8230;]<\/a><\/p>\n","protected":false},"author":2,"featured_media":21190,"comment_status":"open","ping_status":"open","sticky":false,"template":"","format":"standard","meta":{"footnotes":""},"categories":[2],"tags":[],"class_list":["post-21189","post","type-post","status-publish","format-standard","has-post-thumbnail","hentry","category-gundem"],"_links":{"self":[{"href":"https:\/\/akdenizhaber.com.tr\/index.php\/wp-json\/wp\/v2\/posts\/21189","targetHints":{"allow":["GET"]}}],"collection":[{"href":"https:\/\/akdenizhaber.com.tr\/index.php\/wp-json\/wp\/v2\/posts"}],"about":[{"href":"https:\/\/akdenizhaber.com.tr\/index.php\/wp-json\/wp\/v2\/types\/post"}],"author":[{"embeddable":true,"href":"https:\/\/akdenizhaber.com.tr\/index.php\/wp-json\/wp\/v2\/users\/2"}],"replies":[{"embeddable":true,"href":"https:\/\/akdenizhaber.com.tr\/index.php\/wp-json\/wp\/v2\/comments?post=21189"}],"version-history":[{"count":0,"href":"https:\/\/akdenizhaber.com.tr\/index.php\/wp-json\/wp\/v2\/posts\/21189\/revisions"}],"wp:featuredmedia":[{"embeddable":true,"href":"https:\/\/akdenizhaber.com.tr\/index.php\/wp-json\/wp\/v2\/media\/21190"}],"wp:attachment":[{"href":"https:\/\/akdenizhaber.com.tr\/index.php\/wp-json\/wp\/v2\/media?parent=21189"}],"wp:term":[{"taxonomy":"category","embeddable":true,"href":"https:\/\/akdenizhaber.com.tr\/index.php\/wp-json\/wp\/v2\/categories?post=21189"},{"taxonomy":"post_tag","embeddable":true,"href":"https:\/\/akdenizhaber.com.tr\/index.php\/wp-json\/wp\/v2\/tags?post=21189"}],"curies":[{"name":"wp","href":"https:\/\/api.w.org\/{rel}","templated":true}]}}