{"id":21186,"date":"2024-03-04T12:03:52","date_gmt":"2024-03-04T09:03:52","guid":{"rendered":"https:\/\/akdenizhaber.com.tr\/?p=21186"},"modified":"2024-03-04T12:03:52","modified_gmt":"2024-03-04T09:03:52","slug":"meclis-uyesi-adaylari-basinla-bulustu","status":"publish","type":"post","link":"https:\/\/akdenizhaber.com.tr\/index.php\/2024\/03\/04\/meclis-uyesi-adaylari-basinla-bulustu\/","title":{"rendered":"Meclis \u00dcyesi Adaylar\u0131 Bas\u0131nla Bulu\u015ftu"},"content":{"rendered":"\n<p><\/p>\n\n\n\n<p>Cumhuriyet Halk Partisi Manavgat Belediye Ba\u015fkan Aday\u0131 \u201cHalk\u0131n Doktoru\u201d Niyazi Nefi Kara, kenti ileriye ta\u015f\u0131yacak olan gen\u00e7, liyakatli, vizyon sahibi ve donan\u0131ml\u0131 ki\u015filerden olu\u015fan meclis \u00fcyesi adaylar\u0131n\u0131,Sanayi07 Lokantas\u0131\u2019nda d\u00fczenledi\u011fi bas\u0131n toplant\u0131s\u0131 ile tan\u0131tt\u0131.<\/p>\n\n\n\n<p>Toplant\u0131ya, CHP Manavgat \u0130l\u00e7e Ba\u015fkan\u0131 Oykun Ba\u015far, CHP Se\u00e7im Komitesi Ba\u015fkan\u0131 Abbas Tarak\u00e7\u0131, kad\u0131n ve gen\u00e7lik kollar\u0131 ile Manavgat bas\u0131n\u0131 kat\u0131ld\u0131. CHP Manavgat Belediye Ba\u015fkan Aday\u0131 \u201cHalk\u0131n Doktoru\u201d Niyazi Nefi Kara, Manavgat\u2019ta ya\u015fayan herkesin do\u011fal bir meclis \u00fcyesi ve do\u011fal belediye ba\u015fkan\u0131 olaca\u011f\u0131n\u0131 vurgulayarak gece g\u00fcnd\u00fcz demeden kent halk\u0131n\u0131n emrinde olaca\u011f\u0131n\u0131 vurgulad\u0131.<\/p>\n\n\n\n<p>&nbsp;Ba\u015fkan Aday\u0131 Kara, \u201c\u00d6ncelikle 31 Mart Yerel Se\u00e7imleri i\u00e7in Manavgat\u2019\u0131m\u0131za beraber hizmet edece\u011fimiz ekibimizle birlikteyiz. Manavgat\u2019\u0131n ciddi sorunlar\u0131 oldu\u011funun fark\u0131nday\u0131z. Manavgat\u2019\u0131n de\u011ferlerini de biliyoruz. Hi\u00e7bir zaman yalan s\u00f6ylemeyece\u011fiz ve talana ge\u00e7it vermeyece\u011fiz. Az konu\u015fup, \u00e7ok i\u015f yapaca\u011f\u0131z. Bu ekibimizi siz de\u011ferli bas\u0131n mensubu arkada\u015flar\u0131m\u0131za tan\u0131tmak i\u00e7in bug\u00fcn buraday\u0131z. Bu ekibin hepsi bir arada ve biz birlikteyiz. Birlikte y\u00f6netece\u011fiz. Bu ekip, Manavgat i\u00e7in var olacak. Bizler, Manavgat\u2019\u0131 en \u00e7ok dola\u015fan ekibiz. K\u0131rsal mahallelerimiz ba\u015fta olmak \u00fczere bir\u00e7ok mahalle ziyaretlerimiz tamamlad\u0131k. Ama yeter mi? Yetmez diyoruz. Bu \u00e7al\u0131\u015fmalar\u0131m\u0131z her zaman devam edecek. Manavgat\u2019ta ya\u015fayan herkesin verdi\u011fi destek bizi mutlu ediyor. \u00d6n\u00fcm\u00fczdeki s\u00fcre\u00e7te de bu birli\u011fi, karde\u015fli\u011fi ve dostlu\u011fu beraberce ya\u015fataca\u011f\u0131z. Manavgat\u2019\u0131 ve Manavgat\u2019ta ya\u015fayan herkesi seviyoruz. \u00c7evremizi ve do\u011fam\u0131z\u0131 savunaca\u011f\u0131z. B\u00f6yle bir \u00e7al\u0131\u015fma anlay\u0131\u015f\u0131 i\u00e7erisinde hareket edece\u011fiz. Do\u011fal ve insan kayna\u011f\u0131 zengin olan bir kentte ya\u015f\u0131yoruz. Bu birlikteli\u011fi bir araya getirdi\u011fimizde buras\u0131 bir d\u00fcnya markas\u0131 olacak. Halk\u00e7\u0131, kat\u0131l\u0131mc\u0131, \u015feffaf, e\u015fit, hesap verebilir, demokratik ve adaletli bir belediye olaca\u011f\u0131z. Bunlar\u0131n hi\u00e7birinden asla taviz vermeyece\u011fiz. Sevgi, mutluluk ve ho\u015fg\u00f6r\u00fc bu kente hakim olacak. Gece g\u00fcnd\u00fcz demeden Manavgat\u2019\u0131n emrinde olaca\u011f\u0131z. Bunlar\u0131 yaparken ekip ve meclis olarak \u00e7al\u0131\u015faca\u011f\u0131z. Ama projelerimizi hayata ge\u00e7irirken Manavgat\u2019ta ya\u015fayan herkesin fikrine ve iradesine ba\u015fvuraca\u011f\u0131z. Manavgat\u2019\u0131 biz biriz ve birlikte y\u00f6netece\u011fiz diyerek ileri ta\u015f\u0131yaca\u011f\u0131z. Manavgat\u2019ta ya\u015fayan herkes do\u011fal bir meclis \u00fcyesi ve belediye ba\u015fkan\u0131d\u0131r. Ayr\u0131ms\u0131z ve ayr\u0131cal\u0131ks\u0131z olaca\u011f\u0131z. Kimsenin kimseye \u00fcst\u00fcnl\u00fc\u011f\u00fc olmayacak\u201d dedi.<\/p>\n\n\n\n<p>Ba\u015fkan Aday\u0131 Nefi Kara, konu\u015fmas\u0131n\u0131n ard\u0131ndan kente birlikte hizmet edece\u011fi yol arkada\u015flar\u0131n\u0131 tek tek bas\u0131n mensuplar\u0131na tan\u0131tt\u0131.<\/p>\n\n\n\n<p>CHP Manavgat Meclis \u00dcyesi Aday\u0131 listesi ise s\u0131ras\u0131yla \u015fu \u015fekilde;<\/p>\n\n\n\n<p>G\u00fcls\u00fcm \u00d6zer, Mehmet Burak \u00c7eker, Ay\u015fe Zehra Ak\u0131n, Seval \u00d6z \u00d6zgen\u00e7, \u00d6zlem Tarak\u00e7\u0131, Mehmet \u00c7evik, H\u00fcseyin S\u0131rcan, Mehmet \u00c7i\u00e7ek, Emine Sema \u00c7a\u011flar, Mehmet Engin T\u00fcter, Hayri Okutan, Mehmet Tosak, Burak Mutlu, Mustafa Kemal D\u00f6nmez, Osman Co\u015far, Levent Arslan, Mehmet Do\u011fan, Kas\u0131m K\u00fc\u00e7\u00fckkaya, Halil \u00dcnal, Mustafa Emek, \u00d6zg\u00fcn G\u00f6ll\u00fc, Selma B\u00fclb\u00fcl, Adil Baybu\u011f, Mesut Tok, Bar\u0131\u015f \u00c7akmak, K\u00fcbra Sar\u0131kaya, S\u00fcrayya Karaosmano\u011flu, Ertan Aysal, \u00dcmm\u00fc Do\u011fan, Akif Karakaya, Ahmet Koyak Mustafa Ke\u00e7er, Fatmaana Uyan\u0131k.<\/p>\n\n\n\n<p>Kontenjan adaylar\u0131 ise; Nazmi G\u00fcnd\u00fcz, Mustafa \u00d6zt\u00fcrk, Ahmet Uslu ve Hacer Ke\u00e7er Karako\u00e7<\/p>\n\n\n\n<p>Haber Merkezi<\/p>\n","protected":false},"excerpt":{"rendered":"<p>Cumhuriyet Halk Partisi Manavgat Belediye Ba\u015fkan Aday\u0131 \u201cHalk\u0131n Doktoru\u201d Niyazi Nefi Kara, kenti ileriye ta\u015f\u0131yacak olan gen\u00e7, liyakatli, vizyon sahibi ve donan\u0131ml\u0131 ki\u015filerden olu\u015fan meclis <a href=\"https:\/\/akdenizhaber.com.tr\/index.php\/2024\/03\/04\/meclis-uyesi-adaylari-basinla-bulustu\/\" class=\"read-more-link\">[more&#8230;]<\/a><\/p>\n","protected":false},"author":2,"featured_media":21187,"comment_status":"open","ping_status":"open","sticky":false,"template":"","format":"standard","meta":{"footnotes":""},"categories":[2],"tags":[],"class_list":["post-21186","post","type-post","status-publish","format-standard","has-post-thumbnail","hentry","category-gundem"],"_links":{"self":[{"href":"https:\/\/akdenizhaber.com.tr\/index.php\/wp-json\/wp\/v2\/posts\/21186","targetHints":{"allow":["GET"]}}],"collection":[{"href":"https:\/\/akdenizhaber.com.tr\/index.php\/wp-json\/wp\/v2\/posts"}],"about":[{"href":"https:\/\/akdenizhaber.com.tr\/index.php\/wp-json\/wp\/v2\/types\/post"}],"author":[{"embeddable":true,"href":"https:\/\/akdenizhaber.com.tr\/index.php\/wp-json\/wp\/v2\/users\/2"}],"replies":[{"embeddable":true,"href":"https:\/\/akdenizhaber.com.tr\/index.php\/wp-json\/wp\/v2\/comments?post=21186"}],"version-history":[{"count":0,"href":"https:\/\/akdenizhaber.com.tr\/index.php\/wp-json\/wp\/v2\/posts\/21186\/revisions"}],"wp:featuredmedia":[{"embeddable":true,"href":"https:\/\/akdenizhaber.com.tr\/index.php\/wp-json\/wp\/v2\/media\/21187"}],"wp:attachment":[{"href":"https:\/\/akdenizhaber.com.tr\/index.php\/wp-json\/wp\/v2\/media?parent=21186"}],"wp:term":[{"taxonomy":"category","embeddable":true,"href":"https:\/\/akdenizhaber.com.tr\/index.php\/wp-json\/wp\/v2\/categories?post=21186"},{"taxonomy":"post_tag","embeddable":true,"href":"https:\/\/akdenizhaber.com.tr\/index.php\/wp-json\/wp\/v2\/tags?post=21186"}],"curies":[{"name":"wp","href":"https:\/\/api.w.org\/{rel}","templated":true}]}}