{"id":21178,"date":"2024-03-04T12:00:58","date_gmt":"2024-03-04T09:00:58","guid":{"rendered":"https:\/\/akdenizhaber.com.tr\/?p=21178"},"modified":"2024-03-04T12:00:59","modified_gmt":"2024-03-04T09:00:59","slug":"bagimsiz-aday-manav-citayi-yukseltiyor","status":"publish","type":"post","link":"https:\/\/akdenizhaber.com.tr\/index.php\/2024\/03\/04\/bagimsiz-aday-manav-citayi-yukseltiyor\/","title":{"rendered":"Ba\u011f\u0131ms\u0131z Aday Manav \u00c7\u0131tay\u0131 Y\u00fckseltiyor"},"content":{"rendered":"\n<p> <p class=\"MsoNoSpacing\">Manavgat\u2019ta ya\u015fayan insanlar\u0131n \u0131srarlar\u0131 \u00fczerine 31 Mart\u2019ta yap\u0131lacak yerel se\u00e7imlerde Manavgat Belediyesi Ba\u011f\u0131ms\u0131z aday\u0131 olarak \u00e7al\u0131\u015fmalar\u0131n\u0131 s\u00fcrd\u00fcren Gazeteci Sedat Manav\u2019\u0131n \u00e7\u0131tas\u0131 her ge\u00e7en g\u00fcn y\u00fckseliyor.<\/p> <p class=\"MsoNoSpacing\">Se\u00e7im \u00e7al\u0131\u015fmalar\u0131 kapsam\u0131nda gece \u2013 g\u00fcnd\u00fcz ba\u015fta esnaflar olmak \u00fczere t\u00fcm mahalleleri ekibiyle birlikte ziyaret eden Sedat Manav\u2019a g\u00f6sterilen ilginin yo\u011fun olmas\u0131 g\u00f6ze \u00e7arparken Manav\u2019\u0131n oy potansiyelinin her ge\u00e7en g\u00fcn artt\u0131\u011f\u0131 g\u00f6zlemleniyor.<\/p> <p class=\"MsoNoSpacing\">Aylar \u00f6nce vatanda\u015flar\u0131n \u0131srarlar\u0131n\u0131 g\u00f6z ard\u0131 etmedi\u011fini, \u00f6nce siyasi bir partiden aday aday\u0131 olma yolunda ilerlerken parti i\u00e7indeki \u00e7alkant\u0131 sonucu ba\u011f\u0131ms\u0131z belediye ba\u015fkan aday\u0131 olmaya karar veren Sedat Manav \u201cManavgatl\u0131n\u0131n ve Manavgat\u2019ta ya\u015fam s\u00fcren de\u011ferli insanlar\u0131n \u0131srarlar\u0131na duyars\u0131z kalmam m\u00fcmk\u00fcn de\u011fildi. Gazeteci olarak t\u00fcm mahallerimizin ve kent i\u00e7inin sorunlar\u0131na yak\u0131ndan vak\u0131f\u0131m, sorunlar\u0131 y\u0131llard\u0131r gazeteci olarak dile getirerek halk\u0131mla b\u00fct\u00fcnle\u015ftim. Halk\u0131m\u0131n \u0131srarlar\u0131 sonucu ba\u011f\u0131ms\u0131z aday olmaya karar verdim. Bug\u00fcn g\u00f6r\u00fcyorum ki, halk\u0131m\u0131n bana kar\u015f\u0131 b\u00fcy\u00fck ilgi ve deste\u011fi var, ipi g\u00f6\u011f\u00fcsleyen taraf olaca\u011f\u0131m ve t\u00fcm sorunlar\u0131n \u00e7\u00f6z\u00fcm\u00fc noktas\u0131nda \u00e7al\u0131\u015faca\u011f\u0131m\u201d dedi.<\/p> <p class=\"MsoNoSpacing\">Haber Merkezi<\/p> <\/p>\n","protected":false},"excerpt":{"rendered":"<p>Manavgat\u2019ta ya\u015fayan insanlar\u0131n \u0131srarlar\u0131 \u00fczerine 31 Mart\u2019ta yap\u0131lacak yerel se\u00e7imlerde Manavgat Belediyesi Ba\u011f\u0131ms\u0131z aday\u0131 olarak \u00e7al\u0131\u015fmalar\u0131n\u0131 s\u00fcrd\u00fcren Gazeteci Sedat Manav\u2019\u0131n \u00e7\u0131tas\u0131 her ge\u00e7en g\u00fcn y\u00fckseliyor. <a href=\"https:\/\/akdenizhaber.com.tr\/index.php\/2024\/03\/04\/bagimsiz-aday-manav-citayi-yukseltiyor\/\" class=\"read-more-link\">[more&#8230;]<\/a><\/p>\n","protected":false},"author":2,"featured_media":21179,"comment_status":"open","ping_status":"open","sticky":false,"template":"","format":"standard","meta":{"footnotes":""},"categories":[2],"tags":[],"class_list":["post-21178","post","type-post","status-publish","format-standard","has-post-thumbnail","hentry","category-gundem"],"_links":{"self":[{"href":"https:\/\/akdenizhaber.com.tr\/index.php\/wp-json\/wp\/v2\/posts\/21178","targetHints":{"allow":["GET"]}}],"collection":[{"href":"https:\/\/akdenizhaber.com.tr\/index.php\/wp-json\/wp\/v2\/posts"}],"about":[{"href":"https:\/\/akdenizhaber.com.tr\/index.php\/wp-json\/wp\/v2\/types\/post"}],"author":[{"embeddable":true,"href":"https:\/\/akdenizhaber.com.tr\/index.php\/wp-json\/wp\/v2\/users\/2"}],"replies":[{"embeddable":true,"href":"https:\/\/akdenizhaber.com.tr\/index.php\/wp-json\/wp\/v2\/comments?post=21178"}],"version-history":[{"count":0,"href":"https:\/\/akdenizhaber.com.tr\/index.php\/wp-json\/wp\/v2\/posts\/21178\/revisions"}],"wp:featuredmedia":[{"embeddable":true,"href":"https:\/\/akdenizhaber.com.tr\/index.php\/wp-json\/wp\/v2\/media\/21179"}],"wp:attachment":[{"href":"https:\/\/akdenizhaber.com.tr\/index.php\/wp-json\/wp\/v2\/media?parent=21178"}],"wp:term":[{"taxonomy":"category","embeddable":true,"href":"https:\/\/akdenizhaber.com.tr\/index.php\/wp-json\/wp\/v2\/categories?post=21178"},{"taxonomy":"post_tag","embeddable":true,"href":"https:\/\/akdenizhaber.com.tr\/index.php\/wp-json\/wp\/v2\/tags?post=21178"}],"curies":[{"name":"wp","href":"https:\/\/api.w.org\/{rel}","templated":true}]}}