{"id":21175,"date":"2024-03-04T12:00:28","date_gmt":"2024-03-04T09:00:28","guid":{"rendered":"https:\/\/akdenizhaber.com.tr\/?p=21175"},"modified":"2024-03-04T12:00:29","modified_gmt":"2024-03-04T09:00:29","slug":"niyazi-nefi-kara-dernek-ziyaretlerini-surduruyor","status":"publish","type":"post","link":"https:\/\/akdenizhaber.com.tr\/index.php\/2024\/03\/04\/niyazi-nefi-kara-dernek-ziyaretlerini-surduruyor\/","title":{"rendered":"Niyazi Nefi Kara Dernek Ziyaretlerini S\u00fcrd\u00fcr\u00fcyor"},"content":{"rendered":"\n<p><\/p>\n\n\n\n<p>Cumhuriyet Halk Partisi Manavgat Belediye Ba\u015fkan Aday\u0131 Niyazi Nefi Kara, bir yandan kenti ileriye ta\u015f\u0131yacak vizyon projelerini anlatmak i\u00e7in gece g\u00fcnd\u00fcz demeden halk bulu\u015fmalar\u0131 yaparken bir yandan da Manavgat\u2019ta ki dernekleri ziyaret ederek fikir al\u0131\u015fveri\u015finde bulunmaya devam ediyor.<\/p>\n\n\n\n<p>&nbsp;\u201cHalk\u0131n Doktoru\u201d son olarak Manavgat Ortopedik ve Y\u00fcr\u00fcme Engelliler Derne\u011fi ile Manavgat Bozahmetli Y\u00f6r\u00fckleri Derne\u011fi\u2019ni ziyaret etti.<\/p>\n\n\n\n<p>Ba\u015fkan Aday\u0131 Nefi Kara\u2019n\u0131n ziyaretine e\u015fi Hacer Ceyhan Kara ile CHP Se\u00e7im Komitesi \u00fcyeleri de kat\u0131ld\u0131. Ba\u015fkan Aday\u0131 Nefi Kara, g\u00f6reve gelmesinin ard\u0131ndan 5 y\u0131ll\u0131k s\u00fcre\u00e7te kentle ilgili neler yapaca\u011f\u0131n\u0131 anlatarak y\u00f6netim anlay\u0131\u015flar\u0131n\u0131n halk\u00e7\u0131, kat\u0131l\u0131mc\u0131, \u015feffaf ve hesap verilebilir olaca\u011f\u0131n\u0131 vurgulad\u0131. Dernek \u00fcyeleri ise, Ba\u015fkan Aday\u0131 Nefi Kara ve ekibinin Manavgat\u2019\u0131 daha ya\u015fan\u0131labilir ve daha mutlu bir kent haline getirece\u011fini inand\u0131klar\u0131n\u0131 s\u00f6yleyerek \u201cHalk\u0131n Doktoru\u201dna tam destek vereceklerini bildirdi.<\/p>\n\n\n\n<p>Ba\u015fkan Aday\u0131 Niyazi Nefi Kara, \u201cBiz Biriz ve Birlikteyiz diyerek \u00e7\u0131kt\u0131\u011f\u0131m\u0131z bu onurlu yolda deste\u011fini ve misafirperverli\u011fini bizden esirgemeyen t\u00fcm halk\u0131m\u0131za \u00f6ncelikle y\u00fcrekten te\u015fekk\u00fcr ediyorum. \u00d6n\u00fcm\u00fczdeki 5 y\u0131ll\u0131k s\u00fcre\u00e7te kent halk\u0131n\u0131n g\u00f6r\u00fc\u015fleri ve d\u00fc\u015f\u00fcnceleri bizim i\u00e7in en \u00f6nemli yol haritas\u0131 olacak. Kentimizin ihtiya\u00e7lar\u0131n\u0131 hep birlikte belirleyece\u011fiz ve Manavgat\u2019\u0131m\u0131z\u0131 hep birlikte y\u00f6netece\u011fiz. Ben yapt\u0131m oldu anlay\u0131\u015f\u0131 hi\u00e7bir zaman olmayacak. Gencinden ya\u015fl\u0131s\u0131na herkese hesap verebilir, kat\u0131l\u0131mc\u0131, \u015feffaf, demokrat, adaletli ve eri\u015filebilir bir belediyecilik anlay\u0131\u015f\u0131n\u0131 sunaca\u011f\u0131z. Belediyecilik hizmetlerimizde ve kenti ileriye ta\u015f\u0131yacak olan t\u00fcm projelerimizde ilk s\u00f6z hakk\u0131 her zaman Manavgat halk\u0131n\u0131n olacak. S\u0131cak ve samimi kar\u015f\u0131lamalar\u0131ndan dolay\u0131 t\u00fcm dernek \u00fcyelerine te\u015fekk\u00fcrlerimi sunuyorum. Manavgat\u2019\u0131n ve Manavgat halk\u0131n\u0131n emrindeyiz\u201d dedi.<\/p>\n\n\n\n<p>Haber Merkezi<\/p>\n","protected":false},"excerpt":{"rendered":"<p>Cumhuriyet Halk Partisi Manavgat Belediye Ba\u015fkan Aday\u0131 Niyazi Nefi Kara, bir yandan kenti ileriye ta\u015f\u0131yacak vizyon projelerini anlatmak i\u00e7in gece g\u00fcnd\u00fcz demeden halk bulu\u015fmalar\u0131 yaparken <a href=\"https:\/\/akdenizhaber.com.tr\/index.php\/2024\/03\/04\/niyazi-nefi-kara-dernek-ziyaretlerini-surduruyor\/\" class=\"read-more-link\">[more&#8230;]<\/a><\/p>\n","protected":false},"author":2,"featured_media":21176,"comment_status":"open","ping_status":"open","sticky":false,"template":"","format":"standard","meta":{"footnotes":""},"categories":[2],"tags":[],"class_list":["post-21175","post","type-post","status-publish","format-standard","has-post-thumbnail","hentry","category-gundem"],"_links":{"self":[{"href":"https:\/\/akdenizhaber.com.tr\/index.php\/wp-json\/wp\/v2\/posts\/21175","targetHints":{"allow":["GET"]}}],"collection":[{"href":"https:\/\/akdenizhaber.com.tr\/index.php\/wp-json\/wp\/v2\/posts"}],"about":[{"href":"https:\/\/akdenizhaber.com.tr\/index.php\/wp-json\/wp\/v2\/types\/post"}],"author":[{"embeddable":true,"href":"https:\/\/akdenizhaber.com.tr\/index.php\/wp-json\/wp\/v2\/users\/2"}],"replies":[{"embeddable":true,"href":"https:\/\/akdenizhaber.com.tr\/index.php\/wp-json\/wp\/v2\/comments?post=21175"}],"version-history":[{"count":0,"href":"https:\/\/akdenizhaber.com.tr\/index.php\/wp-json\/wp\/v2\/posts\/21175\/revisions"}],"wp:featuredmedia":[{"embeddable":true,"href":"https:\/\/akdenizhaber.com.tr\/index.php\/wp-json\/wp\/v2\/media\/21176"}],"wp:attachment":[{"href":"https:\/\/akdenizhaber.com.tr\/index.php\/wp-json\/wp\/v2\/media?parent=21175"}],"wp:term":[{"taxonomy":"category","embeddable":true,"href":"https:\/\/akdenizhaber.com.tr\/index.php\/wp-json\/wp\/v2\/categories?post=21175"},{"taxonomy":"post_tag","embeddable":true,"href":"https:\/\/akdenizhaber.com.tr\/index.php\/wp-json\/wp\/v2\/tags?post=21175"}],"curies":[{"name":"wp","href":"https:\/\/api.w.org\/{rel}","templated":true}]}}