{"id":21148,"date":"2024-03-02T14:09:39","date_gmt":"2024-03-02T11:09:39","guid":{"rendered":"https:\/\/akdenizhaber.com.tr\/?p=21148"},"modified":"2024-03-02T14:09:39","modified_gmt":"2024-03-02T11:09:39","slug":"halk-ithal-baskan-istemiyor","status":"publish","type":"post","link":"https:\/\/akdenizhaber.com.tr\/index.php\/2024\/03\/02\/halk-ithal-baskan-istemiyor\/","title":{"rendered":"Halk \u2018\u0130THAL\u2019 ba\u015fkan istemiyor"},"content":{"rendered":"\n<p><\/p>\n\n\n\n<p>Belediye Ba\u015fkan Aday\u0131 Mustafa Erol\u2019un yapt\u0131\u011f\u0131 se\u00e7im ziyaretlerinde vatanda\u015flardan gelen ithal ba\u015fkan istemiyoruz tepkilerine Erol, Manavgat\u2019\u0131 ithal ba\u015fkan adaylar\u0131ndan kurtaracaklar\u0131n\u0131 dile getirdi.<\/p>\n\n\n\n<p>\u0130Y\u0130 Parti Manavgat Belediye Ba\u015fkan Aday\u0131 Mustafa Erol se\u00e7im \u00e7al\u0131\u015fmalar\u0131na h\u0131z kesmeden devam ediyor. Ba\u015fkan aday\u0131 Erol, Manavgat\u2019\u0131n en yo\u011fun olan ana cadde ve bulvarlar\u0131nda bulunan esnaflar\u0131 ziyaret ederek, esnaflar\u0131n dertlerini dinledi. Demokrasi Bulvar\u0131 ba\u015fta olmak \u00fczere, G\u00fcll\u00fck Caddesi, Hisar Caddesi, \u00c7etin Eme\u00e7 Caddesi, \u00c7ar\u015famba ve Per\u015fembe Pazarlar\u0131n\u0131 ziyaret eden Erol, 31 Mart\u2019ta yap\u0131lacak yerel se\u00e7imler i\u00e7in vatanda\u015flardan destek istedi.<\/p>\n\n\n\n<p>\u0130THAL BA\u015eKAN \u0130STEM\u0130YORUZ<\/p>\n\n\n\n<p>Vatanda\u015flar\u0131n yo\u011fun ilgisi ile kar\u015f\u0131la\u015fan Ba\u015fkan Aday\u0131 Erol, insanlar\u0131 Manavgat\u2019\u0131n Alt\u0131n \u00c7a\u011f\u0131 ba\u015fl\u0131yor diye kand\u0131rmaya devam ettiklerini ifade ederek, \u201cNe yaz\u0131k ki \u00e7ok komik bir tablo ile kar\u015f\u0131 kar\u015f\u0131yay\u0131z. Genelde iktidar olanlar yerelde iktidar olanlar\u0131 ele\u015ftiriyor. Yerelde iktidar olanlar ise genelde iktidar olanlar\u0131 ele\u015ftiriyor. Bu komik tabloda olan bizim vatanda\u015flar\u0131m\u0131za oluyor. Ne yaz\u0131k ki bu durumda Manavgat hak etti\u011fi hizmeti alam\u0131yor. Manavgat\u2019\u0131n ithal ba\u015fkan adaylar\u0131na ihtiyac\u0131 yok. Manavgat\u2019\u0131 tan\u0131yan sorunlar\u0131n\u0131 bilen ve Manavgat\u2019ta do\u011fmu\u015f, b\u00fcy\u00fcm\u00fc\u015f, ya\u015fam\u0131\u015f ba\u015fkan adaylar\u0131na ihtiyac\u0131 var. Allah\u2019\u0131n izni ile belediyecilik bilincini g\u00f6rev edinmi\u015f bir ba\u015fkan aday\u0131 olarak bu g\u00f6reve talip olduk. Manavgat i\u00e7in en iyisini yapaca\u011f\u0131z\u201d diye konu\u015ftu.<\/p>\n\n\n\n<p>MANAVGAT\u2019IN \u0130HT\u0130YACI UZMAN B\u0130R BELED\u0130YEC\u0130L\u0130K<\/p>\n\n\n\n<p>Vatanda\u015flar\u0131n doktor adaylardan s\u0131k\u0131ld\u0131\u011f\u0131n\u0131 dile getiren Erol, \u201cGitti\u011fimiz her kap\u0131da vatanda\u015f \u00f6nce doktor musun? Diye bize soruyorlar. Bizde doktor de\u011filiz herkes kendi mesle\u011fini yaps\u0131n diyoruz. Herkes uzman oldu\u011fu alanda Manavgatl\u0131lara hizmet etmesini \u00f6neriyoruz diye cevap veriyoruz. Ve ekliyoruz; bizim 10 y\u0131l belediyecilik tecr\u00fcbemiz var diyoruz, T\u00fcrkiye\u2019nin en k\u00f6kl\u00fc \u00fcniversitesi olan Marmara \u00dcniversitesi Kamu Y\u00f6netimi Alan\u0131nda e\u011fitim ald\u0131\u011f\u0131m\u0131 dile getirdi\u011fimde vatanda\u015f bir rahat nefes alarak o zaman belediyecilik size yak\u0131\u015f\u0131r Manavgat emin ellerde diye tepki al\u0131yoruz\u201d dedi.<\/p>\n\n\n\n<p>Haber Merkezi<\/p>\n","protected":false},"excerpt":{"rendered":"<p>Belediye Ba\u015fkan Aday\u0131 Mustafa Erol\u2019un yapt\u0131\u011f\u0131 se\u00e7im ziyaretlerinde vatanda\u015flardan gelen ithal ba\u015fkan istemiyoruz tepkilerine Erol, Manavgat\u2019\u0131 ithal ba\u015fkan adaylar\u0131ndan kurtaracaklar\u0131n\u0131 dile getirdi. \u0130Y\u0130 Parti Manavgat <a href=\"https:\/\/akdenizhaber.com.tr\/index.php\/2024\/03\/02\/halk-ithal-baskan-istemiyor\/\" class=\"read-more-link\">[more&#8230;]<\/a><\/p>\n","protected":false},"author":2,"featured_media":21149,"comment_status":"open","ping_status":"open","sticky":false,"template":"","format":"standard","meta":{"footnotes":""},"categories":[2],"tags":[],"class_list":["post-21148","post","type-post","status-publish","format-standard","has-post-thumbnail","hentry","category-gundem"],"_links":{"self":[{"href":"https:\/\/akdenizhaber.com.tr\/index.php\/wp-json\/wp\/v2\/posts\/21148","targetHints":{"allow":["GET"]}}],"collection":[{"href":"https:\/\/akdenizhaber.com.tr\/index.php\/wp-json\/wp\/v2\/posts"}],"about":[{"href":"https:\/\/akdenizhaber.com.tr\/index.php\/wp-json\/wp\/v2\/types\/post"}],"author":[{"embeddable":true,"href":"https:\/\/akdenizhaber.com.tr\/index.php\/wp-json\/wp\/v2\/users\/2"}],"replies":[{"embeddable":true,"href":"https:\/\/akdenizhaber.com.tr\/index.php\/wp-json\/wp\/v2\/comments?post=21148"}],"version-history":[{"count":0,"href":"https:\/\/akdenizhaber.com.tr\/index.php\/wp-json\/wp\/v2\/posts\/21148\/revisions"}],"wp:featuredmedia":[{"embeddable":true,"href":"https:\/\/akdenizhaber.com.tr\/index.php\/wp-json\/wp\/v2\/media\/21149"}],"wp:attachment":[{"href":"https:\/\/akdenizhaber.com.tr\/index.php\/wp-json\/wp\/v2\/media?parent=21148"}],"wp:term":[{"taxonomy":"category","embeddable":true,"href":"https:\/\/akdenizhaber.com.tr\/index.php\/wp-json\/wp\/v2\/categories?post=21148"},{"taxonomy":"post_tag","embeddable":true,"href":"https:\/\/akdenizhaber.com.tr\/index.php\/wp-json\/wp\/v2\/tags?post=21148"}],"curies":[{"name":"wp","href":"https:\/\/api.w.org\/{rel}","templated":true}]}}