{"id":21116,"date":"2024-03-02T13:59:38","date_gmt":"2024-03-02T10:59:38","guid":{"rendered":"https:\/\/akdenizhaber.com.tr\/?p=21116"},"modified":"2024-03-02T13:59:38","modified_gmt":"2024-03-02T10:59:38","slug":"akdeniz-universitesi-yuksekogretim-kurulu-baskanini-agirladi","status":"publish","type":"post","link":"https:\/\/akdenizhaber.com.tr\/index.php\/2024\/03\/02\/akdeniz-universitesi-yuksekogretim-kurulu-baskanini-agirladi\/","title":{"rendered":"Akdeniz \u00dcniversitesi Y\u00fcksek\u00f6\u011fretim Kurulu Ba\u015fkan\u0131n\u0131 a\u011f\u0131rlad\u0131"},"content":{"rendered":"\n<p><\/p>\n\n\n\n<p>Akdeniz \u00dcniversitesi, Y\u00fcksek\u00f6\u011fretim Kurulu Ba\u015fkan\u0131 Prof. Dr. Erol \u00d6zvar\u2019\u0131 a\u011f\u0131rlad\u0131.\u00dcniversite y\u00f6netimi ile toplant\u0131da bulu\u015fan \u00d6zvar, Akdeniz \u00dcniversitesi\u2019nin akademik \u00fcretkenlik, uluslararas\u0131 yay\u0131n, \u00f6\u011fretim \u00fcyelerinin ortaya koydu\u011fu eserler bak\u0131m\u0131ndan \u00f6nemli bir s\u0131\u00e7rama ger\u00e7ekle\u015ftirdi\u011fini s\u00f6yledi.<\/p>\n\n\n\n<p>Antalya Diplomasi Forumu i\u00e7in Antalya\u2019da bulunan Y\u00fcksek\u00f6\u011fretim Kurulu Ba\u015fkan\u0131 Prof. Dr. Erol \u00d6zvar Akdeniz \u00dcniversitesi\u2019ni ziyaret etti.Y\u00d6K Ba\u015fkan\u0131 Prof. Dr. Erol \u00d6zvar ilk olarak Akdeniz \u00dcniversitesi Rekt\u00f6r\u00fc Prof. Dr. \u00d6zlenen \u00d6zkan\u2019\u0131 makam\u0131nda ziyaret etti. Daha sonra Akdeniz \u00dcniversitesi Senato Salonu\u2019ndaY\u00d6K Ba\u015fkan\u0131 Prof. Dr. Erol \u00d6zvar ba\u015fkanl\u0131\u011f\u0131nda Y\u00d6K Y\u00fcr\u00fctme Kurulu \u00dcyesi Prof. Dr. Naci G\u00fcndo\u011fan, Akdeniz \u00dcniversitesi Rekt\u00f6r\u00fc Prof. Dr. \u00d6zlenen \u00d6zkan,Rekt\u00f6r Yard\u0131mc\u0131lar\u0131 Prof. Dr. Ay\u015fe G\u00fclbin Ar\u0131c\u0131, Prof. Dr. Cengiz Toker, Prof. Dr. \u015e\u00fckr\u00fc \u00d6zen, dekanlar, m\u00fcd\u00fcrler ve senat\u00f6rlerin kat\u0131l\u0131m\u0131 ile toplant\u0131 ger\u00e7ekle\u015ftirildi.<\/p>\n\n\n\n<p>T\u00dcRK\u0130YE\u2019N\u0130N ULUSLARARASI ALANA A\u00c7ILAN B\u0130R Y\u00dcKSEK\u00d6\u011eRET\u0130M MERKEZ\u0130<\/p>\n\n\n\n<p>Akdeniz \u00dcniversitesi\u2019nin bulundu\u011fu lokasyon itibar\u0131yla T\u00fcrkiye&#8217;de e\u015fsiz bir yere sahip oldu\u011funu s\u00f6yleyen Y\u00fcksek\u00f6\u011fretim Kurulu Ba\u015fkan\u0131 Prof. Dr. Erol \u00d6zvar, \u201cAkdeniz \u00dcniversitesi kuruldu\u011fu mekan itibar\u0131yla e\u015fsiz imkanlar, f\u0131rsatlar, potansiyeller sa\u011flayan bir \u00fcniversite. Biz do\u011frusu Akdeniz \u00dcniversitesi\u2019nin T\u00fcrkiye\u2019nin uluslararas\u0131 alana a\u00e7\u0131lan bir y\u00fcksek\u00f6\u011fretim merkezi olarak hayal ediyoruz. Bu konuda Akdeniz \u00dcniversitesi\u2019nin alm\u0131\u015f oldu\u011fu \u00e7ok \u00f6nemli mesafeler var. Sa\u011fl\u0131k alan\u0131nda girift b\u00fcy\u00fck hizmetleri var. B\u00fcnyesinde bulunan sa\u011fl\u0131k enstit\u00fcleri, di\u015f hekimli\u011fi b\u00fct\u00fcn o sa\u011fl\u0131k alan\u0131yla hep beraber fevkalade b\u00fcy\u00fck bir hizmeti var. Onun d\u0131\u015f\u0131nda&nbsp; sosyal bilimlerde benim bildi\u011fim baz\u0131 \u00e7ok \u00f6nemli b\u00f6l\u00fcmler var. Yine di\u011fer alanlarda m\u00fchendislikten arkeolojisine pek \u00e7ok alan\u0131 yak\u0131ndan takip etti\u011fim bir \u00fcniversite.\u201d dedi.<\/p>\n\n\n\n<p>AKDEN\u0130Z \u00dcN\u0130VERS\u0130TES\u0130 B\u00dcY\u00dcK B\u0130R SI\u00c7RAMA GER\u00c7EKLE\u015eT\u0130RD\u0130<\/p>\n\n\n\n<p>Akdeniz \u00dcniversitesi\u2019nin akademik \u00fcretkenlik, uluslararas\u0131 yay\u0131n, \u00f6\u011fretim \u00fcyelerinin ortaya koydu\u011fu eserler bak\u0131m\u0131ndan \u00f6nemli bir s\u0131\u00e7rama ger\u00e7ekle\u015ftirdi\u011fini s\u00f6yleyen Prof. Dr. \u00d6zvar, \u201cY\u00fcksek\u00f6\u011fretim Kurulu olarak \u00dcniversitemizin uluslararas\u0131 alanda daha g\u00f6r\u00fcn\u00fcr hale gelmesini \u00e7ok arzu ediyoruz. Uluslararas\u0131 g\u00f6r\u00fcn\u00fcrl\u00fck uluslararas\u0131la\u015fma bak\u0131m\u0131ndan ilk ad\u0131md\u0131r. Uluslararas\u0131 g\u00f6r\u00fcn\u00fcrl\u00fc\u011f\u00fcn en \u00f6nemli parametrelerinden biri \u00f6\u011frenciler ve \u00f6\u011fretim elemanlar\u0131d\u0131r. Ama en az bunun kadar belki daha fazla \u00f6nemli olan \u00fcniversitemizin akademik \u00fcretkenlik kapasitesi. Yani uluslararas\u0131 yay\u0131n, uluslararas\u0131 i\u015f birlikleri ve hocalar\u0131m\u0131z\u0131n bu alanda ortaya koyduklar\u0131 eserler.Bu bak\u0131mdan Akdeniz \u00dcniversitesi hakikaten bu konuda \u00f6nemli bir s\u0131\u00e7rama ger\u00e7ekle\u015ftirdi. Biz de o sebeple Akdeniz \u00dcniversitesi\u2019ni sizler de biliyorsunuz izlemeye ald\u0131k. Ara\u015ft\u0131rma \u00dcniversitesi izleme grubu i\u00e7erisinde yer al\u0131yor. \u0130ki sene i\u00e7erisinde Akdeniz \u00dcniversitesi\u2019nin bu \u00e7\u0131kt\u0131lar\u0131n\u0131n takip etmeye devam edece\u011fiz.\u201ddiye konu\u015ftu.<\/p>\n\n\n\n<p>YURTDI\u015eINDA DA FARKED\u0130L\u0130YOR<\/p>\n\n\n\n<p>T\u00fcrkiye&#8217;de ara\u015ft\u0131rma \u00fcniversitelerinin ilk kez mevzuata girmi\u015f bir kavram oldu\u011funu s\u00f6yleyenProf. Dr. \u00d6zvar, \u201c\u015euanda kanun ve y\u00f6netmeliklerde ara\u015ft\u0131rmak \u00fcniversitesi konsepti bulunmaktad\u0131r. Ara\u015ft\u0131rma \u00dcniversitesi asl\u0131nda ara\u015ft\u0131rma kalitesine, yay\u0131n performans\u0131na dikkat \u00e7ekiyor. \u00d6ncelikle en \u00f6nemli konular\u0131n ba\u015f\u0131nda bu geliyor. Ara\u015ft\u0131rma \u00fcniversitelerimizin bu bak\u0131mdan g\u00fc\u00e7l\u00fc rekabet \u00fcretebildi\u011fi alanlarda daha da s\u0131yr\u0131lmas\u0131n\u0131, \u00f6ne ge\u00e7mesini,d\u00fcnyada ad\u0131ndan s\u00f6z ettirmesini arzu ediyoruz.\u201d \u015feklinde konu\u015ftu.Ara\u015ft\u0131rma \u00fcniversitelerikonseptinin son bir ka\u00e7 senedir d\u00fcnyada da g\u00f6r\u00fcn\u00fcr hale gelmeye ba\u015flad\u0131\u011f\u0131n\u0131 ifade eden Prof. Dr. \u00d6zvar,\u201cY\u00fcksek\u00f6\u011fretimden sorumlu uluslararas\u0131 meslekta\u015flar\u0131mla g\u00f6r\u00fc\u015ft\u00fc\u011f\u00fcmde \u00fcniversitelerimizin son 3-4 senedir ciddi bir y\u00fckselme i\u00e7erisinde oldu\u011funu onlar dile getiriyorlar. Bu tabii destekle oluyor, hoca kalitesiyle, odaklanmayla oluyor. Akdeniz \u00dcniversitesi bu bak\u0131mdan ciddi bir potansiyeli \u015fuanda hayata ge\u00e7iriyor. Bu potansiyel daha net bir \u015fekilde realize ediliyor. Onu bizde fark ediyoruz, g\u00f6r\u00fcyoruz ama burada kalmamas\u0131 gerekiyor.\u201d ifadelerini kulland\u0131.<\/p>\n\n\n\n<p>&#8220;ARA\u015eTIRMA \u00dcN\u0130VERS\u0130TES\u0130 OLMA HEDEF\u0130YLE HAREKET ED\u0130YORUZ\u201d<\/p>\n\n\n\n<p>Y\u00d6K Ba\u015fkan\u0131n\u0131n ziyaretinden duydu\u011fu memnuniyeti dile getiren Akdeniz \u00dcniversitesi Rekt\u00f6r\u00fc Prof. Dr. \u00d6zlenen \u00d6zkan,\u00fcniversite ile ilgili k\u0131sa bir bilgilendirme yapt\u0131. Rekt\u00f6r \u00d6zkan, ge\u00e7en hafta b\u00f6lgenin en geni\u015f kariyer fuar\u0131 olan G\u00dcNKAF\u2019a ev sahibi yapt\u0131klar\u0131n\u0131,bir \u00e7ok sekt\u00f6rden 235 firman\u0131nve 25 bin \u00f6\u011frenci kat\u0131l\u0131m\u0131yla ba\u015far\u0131l\u0131 bir etkinlik ger\u00e7ekle\u015ftirdiklerini s\u00f6yledi. Y\u0131l sonunda \u00fcniversite olarak \u2018Ara\u015ft\u0131rma \u00dcniversiteleri Aday \u0130zleme Program\u0131\u2019na dahil edilme sevincini ya\u015fad\u0131klar\u0131n\u0131 s\u00f6yleyen Rekt\u00f6r \u00d6zkan, \u201cG\u00f6reve geldi\u011fim g\u00fcnden itibaren ekibimizle beraber ara\u015ft\u0131rma \u00fcniversitesi olma hedefiyle hareket ettik. Bu ama\u00e7la \u00fcniversitemizde \u00f6ncelikle g\u00fc\u00e7l\u00fc bir ara\u015ft\u0131rma altyap\u0131s\u0131, nitelikli yay\u0131n, end\u00fcstri ve toplumla g\u00fc\u00e7l\u00fc i\u015f birli\u011fi konular\u0131nda k\u00f6kl\u00fc revizyonlara gittik. \u00dc\u00e7 bu\u00e7uk y\u0131ll\u0131k s\u00fcre\u00e7te de bu konuda kayda de\u011fer ilerleme sa\u011flad\u0131\u011f\u0131m\u0131za inan\u0131yorum.\u201d dedi.<\/p>\n\n\n\n<p>Toplant\u0131 sonunda Y\u00fcksek\u00f6\u011fretim Kurulu Ba\u015fkan\u0131 Prof. Dr. Erol \u00d6zvar \u00f6\u011fretim \u00fcyelerinin sorular\u0131n\u0131 yan\u0131tlad\u0131.<\/p>\n\n\n\n<p>Akdeniz \u00dcniversitesi Rekt\u00f6rl\u00fc\u011f\u00fc \/ B\u00fclten<\/p>\n","protected":false},"excerpt":{"rendered":"<p>Akdeniz \u00dcniversitesi, Y\u00fcksek\u00f6\u011fretim Kurulu Ba\u015fkan\u0131 Prof. Dr. Erol \u00d6zvar\u2019\u0131 a\u011f\u0131rlad\u0131.\u00dcniversite y\u00f6netimi ile toplant\u0131da bulu\u015fan \u00d6zvar, Akdeniz \u00dcniversitesi\u2019nin akademik \u00fcretkenlik, uluslararas\u0131 yay\u0131n, \u00f6\u011fretim \u00fcyelerinin ortaya koydu\u011fu <a href=\"https:\/\/akdenizhaber.com.tr\/index.php\/2024\/03\/02\/akdeniz-universitesi-yuksekogretim-kurulu-baskanini-agirladi\/\" class=\"read-more-link\">[more&#8230;]<\/a><\/p>\n","protected":false},"author":2,"featured_media":21117,"comment_status":"open","ping_status":"open","sticky":false,"template":"","format":"standard","meta":{"footnotes":""},"categories":[2],"tags":[],"class_list":["post-21116","post","type-post","status-publish","format-standard","has-post-thumbnail","hentry","category-gundem"],"_links":{"self":[{"href":"https:\/\/akdenizhaber.com.tr\/index.php\/wp-json\/wp\/v2\/posts\/21116","targetHints":{"allow":["GET"]}}],"collection":[{"href":"https:\/\/akdenizhaber.com.tr\/index.php\/wp-json\/wp\/v2\/posts"}],"about":[{"href":"https:\/\/akdenizhaber.com.tr\/index.php\/wp-json\/wp\/v2\/types\/post"}],"author":[{"embeddable":true,"href":"https:\/\/akdenizhaber.com.tr\/index.php\/wp-json\/wp\/v2\/users\/2"}],"replies":[{"embeddable":true,"href":"https:\/\/akdenizhaber.com.tr\/index.php\/wp-json\/wp\/v2\/comments?post=21116"}],"version-history":[{"count":0,"href":"https:\/\/akdenizhaber.com.tr\/index.php\/wp-json\/wp\/v2\/posts\/21116\/revisions"}],"wp:featuredmedia":[{"embeddable":true,"href":"https:\/\/akdenizhaber.com.tr\/index.php\/wp-json\/wp\/v2\/media\/21117"}],"wp:attachment":[{"href":"https:\/\/akdenizhaber.com.tr\/index.php\/wp-json\/wp\/v2\/media?parent=21116"}],"wp:term":[{"taxonomy":"category","embeddable":true,"href":"https:\/\/akdenizhaber.com.tr\/index.php\/wp-json\/wp\/v2\/categories?post=21116"},{"taxonomy":"post_tag","embeddable":true,"href":"https:\/\/akdenizhaber.com.tr\/index.php\/wp-json\/wp\/v2\/tags?post=21116"}],"curies":[{"name":"wp","href":"https:\/\/api.w.org\/{rel}","templated":true}]}}