{"id":21110,"date":"2024-03-01T13:04:23","date_gmt":"2024-03-01T10:04:23","guid":{"rendered":"https:\/\/akdenizhaber.com.tr\/?p=21110"},"modified":"2024-03-01T13:04:23","modified_gmt":"2024-03-01T10:04:23","slug":"tutuncu-projelerini-12-ana-baslikta-acikladi","status":"publish","type":"post","link":"https:\/\/akdenizhaber.com.tr\/index.php\/2024\/03\/01\/tutuncu-projelerini-12-ana-baslikta-acikladi\/","title":{"rendered":"T\u00fct\u00fcnc\u00fc Projelerini 12 Ana Ba\u015fl\u0131kta A\u00e7\u0131klad\u0131"},"content":{"rendered":"\n<p><\/p>\n\n\n\n<p>Cumhur \u0130ttifak\u0131 Antalya B\u00fcy\u00fck\u015fehir Belediye Ba\u015fkan aday\u0131 Hakan T\u00fct\u00fcnc\u00fc, Antalya\u2019n\u0131n Alt\u0131n \u00c7a\u011f\u0131 Projelerini a\u00e7\u0131klad\u0131.<\/p>\n\n\n\n<p>Cumhur \u0130ttifak\u0131 Antalya B\u00fcy\u00fck\u015fehir Belediye Ba\u015fkan aday\u0131 Hakan T\u00fct\u00fcnc\u00fc, trafikten ula\u015f\u0131ma, kentsel d\u00f6n\u00fc\u015f\u00fcmden \u00e7evreye kadar 200\u2019\u00fcn \u00fczerindeki projelerini tan\u0131tt\u0131. K\u00fclt\u00fcr ve Turizm Bakan\u0131 Mehmet Nuri Ersoy, \u00f6nceki d\u00f6nem D\u0131\u015fi\u015fleri Bakan\u0131 ve AK Parti Antalya Milletvekili Mevl\u00fct \u00c7avu\u015fo\u011flu, \u00f6nceki d\u00f6nem Antalya B\u00fcy\u00fck\u015fehir Belediye Ba\u015fkan\u0131 Menderes T\u00fcrel, belediye ba\u015fkan adaylar\u0131, il ve il\u00e7e te\u015fkilatlar\u0131 ile \u00e7ok say\u0131da vatanda\u015f\u0131n kat\u0131ld\u0131\u011f\u0131 tan\u0131t\u0131m toplant\u0131s\u0131nda T\u00fct\u00fcnc\u00fc, projelerini tek tek a\u00e7\u0131klad\u0131. T\u00fct\u00fcnc\u00fc, fetret devri ya\u015fayan Antalya i\u00e7in \u2018Nazl\u0131 G\u00fczelim\u2019 dedi, kendi proje vaatlerinin yan\u0131nda \u00f6nceki d\u00f6nem Antalya B\u00fcy\u00fck\u015fehir Belediye Ba\u015fkan\u0131 Menderes T\u00fcrel\u2019in yar\u0131m kalan vizyon projelerine sahip \u00e7\u0131kt\u0131, \u2018Gelin Antalya\u2019y\u0131 d\u00fcnyan\u0131n en g\u00fczel \u015fehri yapal\u0131m.\u201d diyerek, ger\u00e7ek belediyecilik vizyonunu ortaya koydu. T\u00fct\u00fcnc\u00fc, Kepez\u2019de 15 y\u0131ll\u0131k belediye ba\u015fkanl\u0131\u011f\u0131 d\u00f6neminde gece g\u00fcnd\u00fcz demeden \u00e7ok \u00e7al\u0131\u015ft\u0131klar\u0131n\u0131, ayn\u0131 \u00e7al\u0131\u015fma performans\u0131 ile Antalya\u2019y\u0131 alt\u0131n \u00e7a\u011f\u0131na ta\u015f\u0131yacaklar\u0131n\u0131 s\u00f6yledi. Projelerini anlatmaya Antalya\u2019n\u0131n \u00f6ncelikli sorunu olan ula\u015f\u0131m ile ba\u015flayan T\u00fct\u00fcnc\u00fc, \u201cAntalya\u2019n\u0131n ula\u015f\u0131m sorunu \u00e7ok, bizimde heybemizde \u00e7\u00f6z\u00fcm \u00e7ok.\u201d dedi.<\/p>\n\n\n\n<p>PROJELER\u0130N\u0130 12 ANA BA\u015eLIKTA A\u00c7IKLADI<\/p>\n\n\n\n<p>T\u00fct\u00fcnc\u00fc, Antalya\u2019y\u0131 alt\u0131n \u00e7a\u011f\u0131na ula\u015ft\u0131racak projelerini Ula\u015f\u0131m, Altyap\u0131, \u0130mar ve \u015eehircilik, Temel Belediyecilik, Turizm, Yerel Kalk\u0131nma, Tar\u0131m-Hayvanc\u0131l\u0131k, Bilim-Teknik, K\u00fclt\u00fcr-Sanat, Sosyal Belediyecilik, \u00c7evreci Belediyecilik ve Spor Projelerinden olu\u015fan ana ba\u015fl\u0131klar alt\u0131nda anlatt\u0131.&nbsp; T\u00fct\u00fcnc\u00fc, il genelinde ula\u015f\u0131m sorunlar\u0131n\u0131n \u00e7\u00f6z\u00fcm\u00fcne y\u00f6nelik stratejileri kapsam\u0131nda yenilenecek Antalya ula\u015f\u0131m ana plan\u0131n\u0131 anlatt\u0131. Ula\u015f\u0131m Plan\u0131nda; Yeni Yollar\u0131n A\u00e7\u0131lmas\u0131, Kav\u015fak D\u00fczenlemeleri, Katl\u0131 Kav\u015fak D\u00fczenlemeleri, Toplu Ta\u015f\u0131ma Hatlar\u0131n\u0131n Rehabilitasyonu, Rayl\u0131 Sistemler,&nbsp; Nostaljik Tramvay Hatt\u0131n\u0131n \u0130yile\u015ftirilmesi, Toplu Ula\u015f\u0131ma \u00d6zendirme ve Kolayla\u015ft\u0131rma Projesi, Park Et Bin Noktalar\u0131, Elektrikli Otob\u00fcsler, Yaya ve Bisiklet Yolu Ana Planlar\u0131n\u0131n Yap\u0131lmas\u0131, Yaya \u00dcst Ge\u00e7itlerin Art\u0131r\u0131lmas\u0131, Kalei\u00e7i ve \u015eehir Merkezinin Yayala\u015ft\u0131r\u0131lmas\u0131, Yapay Zeka Destekli Ula\u015f\u0131m Yaz\u0131l\u0131mlar\u0131, Elektronik Trafik Y\u00f6nlendirme Levhalar\u0131, Otopark, Lara-Manavgat Sahil Yolu D\u00fczenlemesi, D- 400 yolunun iyile\u015ftirilmesi, Antalya-Alanya Oto Yolunun \u0130l\u00e7elere Ba\u011flant\u0131s\u0131, Yeni Otob\u00fcs Terminalleri Projeleri yer ald\u0131.<\/p>\n\n\n\n<p>15 YEN\u0130 KOR\u0130DOR<\/p>\n\n\n\n<p>T\u00fct\u00fcnc\u00fc, Antalya trafi\u011finin rahatlat\u0131lmas\u0131 i\u00e7in 15 yeni koridor a\u00e7\u0131laca\u011f\u0131n\u0131 belirterek, yeni projelerini \u015fu \u015fekilde s\u0131ralad\u0131; \u201cKuzey ve Bat\u0131 \u00e7evre yollar\u0131n\u0131, \u015eehir Hastanesi ve Bat\u0131 \u00c7evre Yolu ba\u011flant\u0131lar\u0131n\u0131 tamamlayaca\u011f\u0131z. Rauf Denkta\u015f Bulvar\u0131- Ermenek Mahallesi ve Aksu Sanayi b\u00f6lgesinden anayola \u00e7\u0131kan yeni yolu, Gaziler Sanayi- P\u0131narl\u0131 Kav\u015fa\u011f\u0131- Lara aras\u0131nda yolu, Lara- K\u0131rcamii- G\u00fczeloba g\u00fczergah\u0131, Aksu Alt\u0131nta\u015f yollar\u0131n\u0131 yapaca\u011f\u0131z. Aksu- Muammer Aksoy Caddesi- \u00c7ankaya- Zeytindal\u0131- Antalya Bulvar\u0131- 5 Temmuz Caddesini, Bat\u0131 \u00e7evre yolu kav\u015fa\u011f\u0131na ba\u011flayaca\u011f\u0131z. \u00dcniversite Caddesinin Antalyaspor kav\u015fa\u011f\u0131na ba\u011flant\u0131s\u0131n\u0131, Uncal\u0131-Meltem Mahallesi ba\u011flant\u0131s\u0131n\u0131 \u00fcniversite &nbsp;i\u00e7erisinden, Antalya- Alanya Otoyolunu, Serik, Manavgat, Kadriye ba\u011flant\u0131 yollar\u0131n\u0131, Manavgat- Antalya Turizm Yolunu yapaca\u011f\u0131z.\u201ddedi.<\/p>\n\n\n\n<p>Trafik sorununun ortadan kald\u0131r\u0131lmas\u0131 amac\u0131yla Antalya\u2019ya 22 katl\u0131 kav\u015fak d\u00fczenlemesi yap\u0131laca\u011f\u0131n\u0131 da s\u00f6yledi.<\/p>\n\n\n\n<p>TOPLU TA\u015eIMA, RAYLI S\u0130STEM<\/p>\n\n\n\n<p>Toplu ta\u015f\u0131ma hatlar\u0131n\u0131n rehabilitasyonuna da de\u011finen T\u00fct\u00fcnc\u00fc, Fatih Mahallesi (tramvay son dura\u011f\u0131)- \u015eehir Hastanesi- Organize Sanayi B\u00f6lgesi ekspres hatlar\u0131n\u0131n rehabilitasyonunu, otob\u00fcslerin durak saatlerinde iyile\u015ftirmeler, otob\u00fcs g\u00fczergahlar\u0131n\u0131 d\u00fczenleyerek yo\u011fun kullan\u0131m alanlar\u0131nda ring seferlerini ba\u015flatacaklar\u0131n\u0131 s\u00f6yledi. Rayl\u0131 sistem projelerine de de\u011finerek, Antalya\u2019ya tramvay\u0131 ilk getiren ki\u015finin Menderes T\u00fcrel oldu\u011funu hat\u0131rlatarak, hizmetleri i\u00e7in te\u015fekk\u00fcr eden T\u00fct\u00fcnc\u00fc, 5 yeni etap rayl\u0131 sistem hatt\u0131 projesini ger\u00e7ekle\u015ftireceklerini de ifade etti.<\/p>\n\n\n\n<p>TOPLU ULA\u015eIMI \u00d6ZEND\u0130RME<\/p>\n\n\n\n<p>Antalya\u2019n\u0131n toplu ula\u015f\u0131m\u0131n\u0131 \u00f6zendirme ve kolayla\u015ft\u0131rma projelerini de \u015fu \u015fekilde s\u0131ralad\u0131; \u201cToplu ula\u015f\u0131mda ak\u0131ll\u0131 bilet, elektronik ve bilgisayar destekli \u00fccret \u00f6deme sistemlerini kuraca\u011f\u0131z. Tek bilet ile; metro, tramvay, otob\u00fcslerle seyahat edilmesini sa\u011flayaca\u011f\u0131z. Aktarmalarda \u00fccret almayaca\u011f\u0131z. Toplu bilet al\u0131mlar\u0131nda bilet fiyatlar\u0131nda indirim yapaca\u011f\u0131z. Bilet ATM\u2019lerinin say\u0131s\u0131n\u0131n art\u0131raca\u011f\u0131z. \u00dcniversiteye ilk y\u0131l kay\u0131t yapt\u0131ran \u00f6\u011frencileri toplu ula\u015f\u0131m imkanlar\u0131ndan \u00fccretsiz yararland\u0131raca\u011f\u0131z.\u201d dedi.<\/p>\n\n\n\n<p>ALT YAPI PROJELER\u0130<\/p>\n\n\n\n<p>Cumhur \u0130ttifak\u0131 Antalya B\u00fcy\u00fck\u015fehir Belediye Ba\u015fkan aday\u0131 Hakan T\u00fct\u00fcnc\u00fc, merkez ve il\u00e7eler olmak \u00fczere Antalya\u2019n\u0131n At\u0131ksu ve Su Y\u00f6netimi Ana Planlar\u0131, Ya\u011fmur suyu y\u00f6netimi ana planlar\u0131, yang\u0131n ana planlar\u0131, Antalya merkez ve il\u00e7elerde de olu\u015fabilecek sel ve su bask\u0131nlar\u0131na kar\u015f\u0131 yap\u0131lacak \u0131slah \u00e7al\u0131\u015fmalar\u0131n\u0131 da alt\u0131n \u00e7a\u011f\u0131 projeleri aras\u0131nda a\u00e7\u0131klad\u0131. &nbsp;T\u00fct\u00fcnc\u00fc, \u201cArt\u0131k sel bask\u0131nlar\u0131 ta\u015fk\u0131nlar keyfimizi ka\u00e7\u0131rmayacak.\u201d dedi.<\/p>\n\n\n\n<p>YANGIN ANA PLANI<\/p>\n\n\n\n<p>2021 deki Cumhuriyet tarihinin en b\u00fcy\u00fck yang\u0131n\u0131n\u0131 hat\u0131rlatan T\u00fct\u00fcnc\u00fc, \u201cMaalesef buna dahi siyaseti bula\u015ft\u0131rd\u0131lar\u201d dedi. T\u00fct\u00fcnc\u00fc, ABB Sorumluluk Sahalar\u0131nda yang\u0131n afetlerine kar\u015f\u0131 Yang\u0131n Ana Plan\u0131\u2019n\u0131 yaparak muhtemel olumsuzluklara kar\u015f\u0131 her t\u00fcrl\u00fc altyap\u0131n\u0131n g\u00fc\u00e7lendirilece\u011fini belirterek, \u201cBelediyeciler eserleri ile an\u0131l\u0131rlar. Eserleriyle konu\u015famayanlar helikopterlerle konu\u015furlar.\u201d ifadesinde bulundu. &nbsp;&nbsp;<\/p>\n\n\n\n<p>\u0130MAR VE \u015eEH\u0130RC\u0130L\u0130K<\/p>\n\n\n\n<p>Kentsel d\u00f6n\u00fc\u015f\u00fcm imar plan\u0131 projelerine de\u011finen T\u00fct\u00fcnc\u00fc, \u201cT\u00fcrkiye Y\u00fczy\u0131l\u0131\u2019na sa\u011flam bir zemin olu\u015fturabilmesi i\u00e7in \u015fehrimizi diren\u00e7li hale getirmenin \u00f6nemi do\u011frultusunda bug\u00fcne kadar y\u00fcr\u00fctt\u00fc\u011f\u00fcm\u00fcz afet haz\u0131rl\u0131k, yerinde kentsel d\u00f6n\u00fc\u015f\u00fcm ve ye\u015fil \u015fehir \u00e7al\u0131\u015fmalar\u0131n\u0131 daha sistematik ve s\u00fcrekli hale getirerek yeni bir \u201cYerinde Kentsel D\u00f6n\u00fc\u015f\u00fcm Seferberli\u011fi\u201d ba\u015flataca\u011f\u0131z. Balbey Mahallesi\u2019nde uygulanacak kentsel yenileme projesini tamamlay\u0131p b\u00f6lgeyi kent merkezinin yeni cazibe merkezi haline getirece\u011fiz.\u201d dedi. Aksu Alt\u0131nta\u015f Mahallesindeki imar sorununu ve Kepez Santral Mahallesi\u2019ndeki kentsel d\u00f6n\u00fc\u015f\u00fcm\u00fc de hat\u0131rlatarak, bu sorunlar\u0131 da Antalya\u2019n\u0131n alt\u0131n \u00e7a\u011f\u0131nda \u00e7\u00f6zeceklerini bildirdi.<\/p>\n\n\n\n<p>K\u0131rcami imar plan\u0131, k\u00f6y yerle\u015fim alanlar\u0131 imar d\u00fczenlemesi, deprem afet ana plan\u0131, SmartAntalya, ye\u015fil Antalya, prestij caddeler, temal\u0131 parklar, belediye plajlar\u0131, Lara Kent Park\u0131, Ya\u015fam alanlar\u0131, D\u00fcden \u00e7ay\u0131 projelerini de anlatt\u0131.<\/p>\n\n\n\n<p>TUR\u0130ZM PROJELER\u0130<\/p>\n\n\n\n<p>T\u00fct\u00fcnc\u00fc Turizm Projelerini de \u015fu ba\u015fl\u0131klar alt\u0131nda aktard\u0131; &nbsp;Kalei\u00e7i turizm geli\u015ftirme, m\u00fcze \u015fehir, turist gezi otob\u00fcs sistemi, Expo 2016 botanik bah\u00e7e, g\u00fcver u\u00e7urumu alternatif turizm ve do\u011fa rotas\u0131, Geyikbay\u0131r\u0131 t\u0131rmanma alan\u0131 geli\u015fim ve turizm projesi, yerel k\u00fclt\u00fcr\u00fcn tan\u0131t\u0131m\u0131, kruvaziyer liman\u0131- tekne liman\u0131 ve tekne bar\u0131naklar\u0131n\u0131n yap\u0131lmas\u0131, il\u00e7elere butik fuar merkezleri\u2026<\/p>\n\n\n\n<p>SOSYAL KONUT PROJELER\u0130<\/p>\n\n\n\n<p>&nbsp;\u201cArtan in\u015faat maliyetlerinin konut fiyatlar\u0131na getirdi\u011fi y\u00fck\u00fc bir nebzede olsa hafifletmek amac\u0131yla, Antalya B\u00fcy\u00fck\u015fehir Belediyesi ANTEPE vas\u0131tas\u0131yla \u2018Ucuz ve G\u00fcvenli Konut\u2019 lar in\u015fa edece\u011fiz,\u201d diyerek s\u00f6zlerini s\u00fcrd\u00fcren T\u00fct\u00fcnc\u00fc, \u201cAntalya\u2019n\u0131n ekonomik de\u011ferini y\u00fckselten, OSB\u2019mizde \u00e7al\u0131\u015fan hem\u015fehrilerimizin bar\u0131nma ve kaliteli ya\u015fam ihtiya\u00e7lar\u0131n\u0131 kar\u015f\u0131lamak amac\u0131yla, OSB-Belediye i\u015f birli\u011fi ile sosyal konutlar yapaca\u011f\u0131z.\u201d dedi. Kad\u0131n kooperatifleri, Kad\u0131n giri\u015fimcilere destek paketi, Kariyer merkezleri, k\u00f6y sand\u0131\u011f\u0131 uygulamas\u0131, OSB, k\u00fc\u00e7\u00fck sanayi siteleri ve toplu i\u015f yerleri yap\u0131lmas\u0131 projelerini de anlatt\u0131.<\/p>\n\n\n\n<p>TARIM ve HAYVANCILIK PROJELER\u0130<\/p>\n\n\n\n<p>Tar\u0131mda son teknolojik geli\u015fmeleri kullanarak \u00fcretimin art\u0131r\u0131lmas\u0131 ve \u00fcreticinin yat\u0131r\u0131m imk\u00e2nlar\u0131n\u0131n geli\u015ftirilmesi amac\u0131yla Tar\u0131m ve Hayvanc\u0131l\u0131k Projelerini; &nbsp;<\/p>\n\n\n\n<p>\u00c7ift\u00e7ilerimizin \u00fcr\u00fcnlerine katma de\u011fer sa\u011flama, modern \u00e7i\u00e7ek so\u011fan\u0131 \u00fcretim ve depolama tesisi yap\u0131lmas\u0131, zeytin ve zeytincili\u011fin geli\u015ftirilmesi, tar\u0131msal destekler, Alt\u0131nova kesme \u00e7i\u00e7ek\u00e7ilik merkezi olu\u015fturulmas\u0131 ve Antalya tar\u0131m inovasyon merkezi ba\u015fl\u0131klar\u0131 alt\u0131nda anlatt\u0131. Hayvan \u00fcretim tesisi ve hayvan deste\u011fi, yerel hayvanc\u0131l\u0131\u011f\u0131 destekleme projeleri, bal\u0131k\u00e7\u0131l\u0131\u011f\u0131n desteklenmesi ve geli\u015ftirilmesi, il\u00e7elere bal\u0131k pazarlar\u0131 kurulmas\u0131, yeni mezbahalar yap\u0131lmas\u0131, mevcut mezbahalar\u0131n yeniden d\u00fczenlenmesi ve iyile\u015ftirilmesini de Hayvanc\u0131l\u0131k Projeleri olarak aktard\u0131.<\/p>\n\n\n\n<p>DESTEKLER<\/p>\n\n\n\n<p>T\u00fct\u00fcnc\u00fc, \u00e7ift\u00e7ilere g\u00fcbre, tohum, fidan, sulama malzemesi, ucuz mazot gibi bir \u00e7ok tar\u0131msal destek, hayvanc\u0131l\u0131kla u\u011fra\u015fan besicilere de \u00fccretsiz hayvan deste\u011fi sa\u011flayacaklar\u0131n\u0131 bildirdi.<\/p>\n\n\n\n<p>B\u0130L\u0130M, TEKNOLOJ\u0130, E\u011e\u0130T\u0130M<\/p>\n\n\n\n<p>Bilim teknoloji ve e\u011fitim projelerini de a\u00e7\u0131klayan T\u00fct\u00fcnc\u00fc, Antalya Bilimfest\u2019in yoluna yolculu\u011funa TEKNOFEST olarak devam edece\u011fini, Bili\u015fim Vadisi kuracaklar\u0131n\u0131, gen\u00e7lere kamp imkan\u0131 sa\u011flayacaklar\u0131n\u0131, il\u00e7elere k\u00fct\u00fcphane, Bilgi Merkezleri, Gastronomi Merkezleri, \u00fcniversite haz\u0131rl\u0131k kurslar\u0131, Antalya mesleki e\u011fitim kamp\u00fcsleri, \u00f6\u011frenci yurtlar\u0131, e-spor bilim ve teknoloji merkezi kurulaca\u011f\u0131n\u0131 s\u00f6yledi.&nbsp; Antalya Kitap Fuar\u0131n\u0131 Uluslararas\u0131 yapacaklar\u0131na de\u011finen T\u00fct\u00fcnc\u00fc, \u201cKitap Fuar\u0131n\u0131, cam piramitten \u00e7\u0131kar\u0131p, EXPO 2016\u2019ya ta\u015f\u0131yaca\u011f\u0131z. Uluslararas\u0131 Fuar vizyon i\u015fidir, oda bizim i\u015fimizdir.\u201d dedi.&nbsp;<\/p>\n\n\n\n<p>K\u00dcLT\u00dcR, SANAT<\/p>\n\n\n\n<p>Antalya\u2019n\u0131n her bir noktas\u0131n\u0131n ayr\u0131 bir tarih bar\u0131nd\u0131rd\u0131\u011f\u0131na de\u011finen T\u00fct\u00fcnc\u00fc, K\u00fclt\u00fcr ve sanat Projelerini kapsam\u0131nda; il\u00e7elere kent m\u00fczeleri, tematik m\u00fczeler kurulaca\u011f\u0131n\u0131, Antalya\u2019da uluslar aras\u0131 fuarlar ve festivaller d\u00fczenlenece\u011fini, devlet opera ve bale binas\u0131n\u0131n iyile\u015ftirilece\u011fini, k\u00fclt\u00fcrel mirasa ve co\u011frafi i\u015faretli \u00fcr\u00fcnlere sahip \u00e7\u0131k\u0131laca\u011f\u0131n\u0131, ata sporu g\u00fcre\u015fin desteklenece\u011fini s\u00f6yledi. T\u00fct\u00fcnc\u00fc, Antalyaspor M\u00fczesi, Antalya E\u011fitim Tarihi M\u00fczesi, Antalya Sa\u011fl\u0131k Tarihi M\u00fczesi, Elmal\u0131 G\u00fcre\u015f Tarihi M\u00fczesi, Y\u00f6r\u00fck K\u00fclt\u00fcr\u00fc A\u00e7\u0131k Hava M\u00fczesi yap\u0131laca\u011f\u0131n\u0131 s\u00f6zlerine ekledi.<\/p>\n\n\n\n<p>SOSYAL BELED\u0130YEC\u0130L\u0130K PROJES\u0130<\/p>\n\n\n\n<p>T\u00fct\u00fcnc\u00fc sosyal belediyecilik projeleri kapsam\u0131nda \u00f6rnek projeler a\u00e7\u0131klad\u0131. Alt\u0131n Destek Paketi Projesi ile; yeni evlenecek \u00e7iftlere \u2018Bir Y\u0131l S\u00fcreyle Ayl\u0131k Sabit 5.000 TL\u2019 kira deste\u011fi, ilk defa ehliyet alacak gen\u00e7lere, \u20181.500 TL Kurs ve S\u0131nav Destek Paketi\u2019 &nbsp;ad\u0131 alt\u0131nda destek sa\u011flanaca\u011f\u0131n\u0131, 65 ya\u015f \u00fczeri yaln\u0131z ya\u015fayan b\u00fcy\u00fcklere ihtiya\u00e7lar\u0131 durumunda \u2018Mobil S\u0131cak Yemek Servisi Hizmeti sa\u011flanaca\u011f\u0131n\u0131, \u00f6\u011frencilere \u2018Bir Y\u0131l S\u00fcreyle Sabit 7 TL\u2019 olarak kahvalt\u0131, yayg\u0131nla\u015ft\u0131r\u0131lm\u0131\u015f sosyal tesislerde tabldot hizmetlerinin \u2018Bir Y\u0131l S\u00fcreyle Sabit 50 TL\u2019 , \u0130lkokula ba\u015flayan \u00e7ocuklara \u2018\u0130lkokul Paket Deste\u011fi\u2019 verilerek, \u00e7anta ve ihtiya\u00e7 duyabilecekleri k\u0131rtasiye malzemeleri hediye edilece\u011fini de bildirdi. &nbsp;\u00dcniversiteye ilk kay\u0131tlar\u0131n\u0131 yapt\u0131ran gen\u00e7lerimize \u2018Bir Y\u0131l S\u00fcreyle \u00dccretsiz Ula\u015f\u0131m Kart\u0131\u2019, Yeni do\u011fan bebekler i\u00e7in \u2018Aram\u0131za Ho\u015f Geldin Paketi\u2019 verilece\u011fini de s\u00f6yledi. 65 ya\u015f \u00fczeri vatanda\u015flara hastane ve muayene ihtiya\u00e7lar\u0131n\u0131n da \u2018Evden Hastaneye, Hastaneden Eve Ula\u015ft\u0131rma Hizmeti\u2019, Emeklileri de 10:00-16:00 Saatleri Aras\u0131nda \u00dccretsiz Ula\u015f\u0131m \u0130mkan\u0131 ile bulu\u015fturacaklar\u0131n\u0131 s\u00f6yledi. T\u00fct\u00fcnc\u00fc, emekli sosyal ya\u015fam merkezleri, il\u00e7elere belediye kre\u015fleri, gen\u00e7lik merkezleri, engelli koordinasyon merkezi, ya\u015fl\u0131 ya\u015fam k\u00f6y\u00fc projesi, huzurevi ve ya\u015fl\u0131 bak\u0131m merkezlerini de sosyal belediyecilik projeleri aras\u0131nda a\u00e7\u0131klad\u0131.<\/p>\n\n\n\n<p>\u00c7EVREC\u0130 BELED\u0130YEC\u0130L\u0130K<\/p>\n\n\n\n<p>T\u00fct\u00fcnc\u00fc, Kepez\u2019de 15 y\u0131l boyunca s\u00fcrd\u00fcrd\u00fc\u011f\u00fc \u00e7evreci belediyecilik kimli\u011fini Antalya B\u00fcy\u00fck\u015fehir Belediyesi Projelerine de ta\u015f\u0131d\u0131.<\/p>\n\n\n\n<p>Do\u011fal ya\u015fam fauna park\u0131ndan a\u011fa\u00e7land\u0131rma \u00e7al\u0131\u015fmalar\u0131na, s\u0131f\u0131r at\u0131k entegre den Bo\u011fa\u00e7ay\u0131 rekreasyon alan\u0131 projeleri ve vekt\u00f6rel m\u00fccadeleye kadar bir \u00e7ok \u00e7evreci projeyi de a\u00e7\u0131klad\u0131.<\/p>\n\n\n\n<p>SPOR \u015eEHR\u0130 ANTALYA<\/p>\n\n\n\n<p>T\u00fct\u00fcnc\u00fc, Spor \u015eehri Antalya Projelerinde de; il\u00e7elere spor tesisleri, okullara spor salonu ve sahalar\u0131 yap\u0131lmas\u0131, kad\u0131n spor merkezleri, \u00e7ocuk, do\u011fa ve bilim kamplar\u0131 projesi, off road, kaya t\u0131rmanma parkurlar\u0131 ve antik y\u00fcr\u00fcy\u00fc\u015f yollar\u0131, motor sporlar\u0131 pistleri, Konyaalt\u0131 profesyonel t\u0131rmanma duvar\u0131 projelerini anlatt\u0131. Antalya\u2019m\u0131z\u0131n S\u00fcper Ligindeki temsilcilerinden Alanyaspora yak\u0131\u015fan spor tesislerini de in\u015fa edeceklerini s\u00f6zlerine ekledi.<\/p>\n\n\n\n<p>T\u00fct\u00fcnc\u00fc, Antalya\u2019y\u0131 alt\u0131n \u00e7a\u011f\u0131na ta\u015f\u0131yacak projelerini a\u00e7\u0131klad\u0131ktan sonra sahneye gelen k\u0131z\u0131 Zeynep\u2019e sar\u0131ld\u0131, en b\u00fcy\u00fck destek\u00e7isi e\u015fi Ay\u015fe T\u00fct\u00fcnc\u00fc\u2019n\u00fcn elini \u00f6pt\u00fc.&nbsp;<\/p>\n\n\n\n<p>Haber Merkezi<\/p>\n","protected":false},"excerpt":{"rendered":"<p>Cumhur \u0130ttifak\u0131 Antalya B\u00fcy\u00fck\u015fehir Belediye Ba\u015fkan aday\u0131 Hakan T\u00fct\u00fcnc\u00fc, Antalya\u2019n\u0131n Alt\u0131n \u00c7a\u011f\u0131 Projelerini a\u00e7\u0131klad\u0131. Cumhur \u0130ttifak\u0131 Antalya B\u00fcy\u00fck\u015fehir Belediye Ba\u015fkan aday\u0131 Hakan T\u00fct\u00fcnc\u00fc, trafikten ula\u015f\u0131ma, <a href=\"https:\/\/akdenizhaber.com.tr\/index.php\/2024\/03\/01\/tutuncu-projelerini-12-ana-baslikta-acikladi\/\" class=\"read-more-link\">[more&#8230;]<\/a><\/p>\n","protected":false},"author":2,"featured_media":21111,"comment_status":"open","ping_status":"open","sticky":false,"template":"","format":"standard","meta":{"footnotes":""},"categories":[2],"tags":[],"class_list":["post-21110","post","type-post","status-publish","format-standard","has-post-thumbnail","hentry","category-gundem"],"_links":{"self":[{"href":"https:\/\/akdenizhaber.com.tr\/index.php\/wp-json\/wp\/v2\/posts\/21110","targetHints":{"allow":["GET"]}}],"collection":[{"href":"https:\/\/akdenizhaber.com.tr\/index.php\/wp-json\/wp\/v2\/posts"}],"about":[{"href":"https:\/\/akdenizhaber.com.tr\/index.php\/wp-json\/wp\/v2\/types\/post"}],"author":[{"embeddable":true,"href":"https:\/\/akdenizhaber.com.tr\/index.php\/wp-json\/wp\/v2\/users\/2"}],"replies":[{"embeddable":true,"href":"https:\/\/akdenizhaber.com.tr\/index.php\/wp-json\/wp\/v2\/comments?post=21110"}],"version-history":[{"count":0,"href":"https:\/\/akdenizhaber.com.tr\/index.php\/wp-json\/wp\/v2\/posts\/21110\/revisions"}],"wp:featuredmedia":[{"embeddable":true,"href":"https:\/\/akdenizhaber.com.tr\/index.php\/wp-json\/wp\/v2\/media\/21111"}],"wp:attachment":[{"href":"https:\/\/akdenizhaber.com.tr\/index.php\/wp-json\/wp\/v2\/media?parent=21110"}],"wp:term":[{"taxonomy":"category","embeddable":true,"href":"https:\/\/akdenizhaber.com.tr\/index.php\/wp-json\/wp\/v2\/categories?post=21110"},{"taxonomy":"post_tag","embeddable":true,"href":"https:\/\/akdenizhaber.com.tr\/index.php\/wp-json\/wp\/v2\/tags?post=21110"}],"curies":[{"name":"wp","href":"https:\/\/api.w.org\/{rel}","templated":true}]}}