{"id":21102,"date":"2024-03-01T13:00:18","date_gmt":"2024-03-01T10:00:18","guid":{"rendered":"https:\/\/akdenizhaber.com.tr\/?p=21102"},"modified":"2024-03-01T13:00:18","modified_gmt":"2024-03-01T10:00:18","slug":"side-mahalle-muhtari-osman-tuter-20-yilda-buyuk-islere-imza-attik-yaptiklarimiz-yapacaklarimizin-teminatidir","status":"publish","type":"post","link":"https:\/\/akdenizhaber.com.tr\/index.php\/2024\/03\/01\/side-mahalle-muhtari-osman-tuter-20-yilda-buyuk-islere-imza-attik-yaptiklarimiz-yapacaklarimizin-teminatidir\/","title":{"rendered":"Side Mahalle Muhtar\u0131 Osman T\u00fcter; \u201c20 y\u0131lda b\u00fcy\u00fck \u0130\u015flere \u0130mza att\u0131k, yapt\u0131klar\u0131m\u0131z, yapacaklar\u0131m\u0131z\u0131n teminat\u0131d\u0131r\u201d"},"content":{"rendered":"\n<p> <p class=\"MsoNoSpacing\"><\/p> <p class=\"MsoNoSpacing\">Side Mahallesinde 20 y\u0131ld\u0131r ba\u015far\u0131l\u0131 bir \u015fekilde muhtarl\u0131k yapan Osman T\u00fcter,31 Mart 2024 tarihinde yap\u0131lacak olan se\u00e7imlerde yeniden hizmet i\u00e7in aday oldu\u011funu s\u00f6yledi.<\/p> <p class=\"MsoNoSpacing\">20 y\u0131ll\u0131k muhtarl\u0131k g\u00f6revi s\u0131ras\u0131nda bamba\u015fka bir Side\u2019nin var olmas\u0131 ve yarat\u0131lmas\u0131 i\u00e7in elinden gelen t\u00fcm \u00e7al\u0131\u015fmalar\u0131 titizlikle birlikte s\u00fcrd\u00fcrd\u00fc\u011f\u00fcne dikkat \u00e7eken Osman T\u00fcter \u201c20 y\u0131lda b\u00fcy\u00fck \u0130\u015flere \u0130mza att\u0131k, yapt\u0131klar\u0131m\u0131z, yapacaklar\u0131m\u0131z\u0131n teminat\u0131d\u0131r\u201d dedi.<\/p> <p class=\"MsoNoSpacing\">Side\u2019de 7\u2019den 70\u2019e herkesin sevip sayd\u0131\u011f\u0131 ve takdir etti\u011fi muhtar Osman T\u00fcter\u2019in hizmette ay\u0131r\u0131m yapmadan yerli yabanc\u0131 herkese e\u015fit \u015fekilde davranarak \u00e7al\u0131\u015fmalar\u0131n\u0131 halk\u0131yla payla\u015farak y\u00fcr\u00fctt\u00fc\u011f\u00fcn\u00fc ifade eden Side Mahallesi muhtar\u0131 Osman T\u00fcter konu\u015fmas\u0131n\u0131 \u015f\u00f6yle s\u00fcrd\u00fcrd\u00fc;<\/p> <p class=\"MsoNoSpacing\">\u201c20 y\u0131ld\u0131r D\u00fcnya kenti Side\u2019ye hizmet etmekten b\u00fcy\u00fck onur ve mutluluk duymaktay\u0131m. Bu s\u00fcre\u00e7te ba\u015far\u0131m\u0131n en b\u00fcy\u00fck s\u0131rr\u0131 Side\u2019de ya\u015fayan yerli, yabanc\u0131 t\u00fcm se\u00e7menlerle s\u00fcrekli dialog halinde olmam, hepsini her \u00e7al\u0131\u015fmadan ve hizmetten bilgilendirmem ve de en \u00f6nemlisi se\u00e7menimin talepleri do\u011frultusunda yetkililere sorunlar\u0131 ileterek acil \u00e7\u00f6z\u00fcm yolu bulmaktan kaynaklan\u0131yor.20 y\u0131l\u0131n sonunda 31 Mart 2024 tarihinde yeniden aday\u0131m g\u00f6r\u00fcnen k\u00f6y k\u0131lavuz istemez Side\u2019ye yapt\u0131\u011f\u0131m\u0131z hizmetler meydanda t\u00fcm Sidelilere selam ve sayg\u0131lar\u0131m\u0131 sunuyorum\u201d dedi.<\/p> <p class=\"MsoNoSpacing\">Haber Merkezi<\/p> <\/p>\n","protected":false},"excerpt":{"rendered":"<p>Side Mahallesinde 20 y\u0131ld\u0131r ba\u015far\u0131l\u0131 bir \u015fekilde muhtarl\u0131k yapan Osman T\u00fcter,31 Mart 2024 tarihinde yap\u0131lacak olan se\u00e7imlerde yeniden hizmet i\u00e7in aday oldu\u011funu s\u00f6yledi. 20 y\u0131ll\u0131k <a href=\"https:\/\/akdenizhaber.com.tr\/index.php\/2024\/03\/01\/side-mahalle-muhtari-osman-tuter-20-yilda-buyuk-islere-imza-attik-yaptiklarimiz-yapacaklarimizin-teminatidir\/\" class=\"read-more-link\">[more&#8230;]<\/a><\/p>\n","protected":false},"author":2,"featured_media":21103,"comment_status":"open","ping_status":"open","sticky":false,"template":"","format":"standard","meta":{"footnotes":""},"categories":[2],"tags":[],"class_list":["post-21102","post","type-post","status-publish","format-standard","has-post-thumbnail","hentry","category-gundem"],"_links":{"self":[{"href":"https:\/\/akdenizhaber.com.tr\/index.php\/wp-json\/wp\/v2\/posts\/21102","targetHints":{"allow":["GET"]}}],"collection":[{"href":"https:\/\/akdenizhaber.com.tr\/index.php\/wp-json\/wp\/v2\/posts"}],"about":[{"href":"https:\/\/akdenizhaber.com.tr\/index.php\/wp-json\/wp\/v2\/types\/post"}],"author":[{"embeddable":true,"href":"https:\/\/akdenizhaber.com.tr\/index.php\/wp-json\/wp\/v2\/users\/2"}],"replies":[{"embeddable":true,"href":"https:\/\/akdenizhaber.com.tr\/index.php\/wp-json\/wp\/v2\/comments?post=21102"}],"version-history":[{"count":0,"href":"https:\/\/akdenizhaber.com.tr\/index.php\/wp-json\/wp\/v2\/posts\/21102\/revisions"}],"wp:featuredmedia":[{"embeddable":true,"href":"https:\/\/akdenizhaber.com.tr\/index.php\/wp-json\/wp\/v2\/media\/21103"}],"wp:attachment":[{"href":"https:\/\/akdenizhaber.com.tr\/index.php\/wp-json\/wp\/v2\/media?parent=21102"}],"wp:term":[{"taxonomy":"category","embeddable":true,"href":"https:\/\/akdenizhaber.com.tr\/index.php\/wp-json\/wp\/v2\/categories?post=21102"},{"taxonomy":"post_tag","embeddable":true,"href":"https:\/\/akdenizhaber.com.tr\/index.php\/wp-json\/wp\/v2\/tags?post=21102"}],"curies":[{"name":"wp","href":"https:\/\/api.w.org\/{rel}","templated":true}]}}