{"id":21099,"date":"2024-03-01T12:59:42","date_gmt":"2024-03-01T09:59:42","guid":{"rendered":"https:\/\/akdenizhaber.com.tr\/?p=21099"},"modified":"2024-03-01T12:59:42","modified_gmt":"2024-03-01T09:59:42","slug":"sp-ilce-baskani-ilhami-demiral-merhum-liderimiz-erbakan-hocamizi-vefatinin-13ncu-yilinda-rahmet-ve-minnetle-aniyoruz","status":"publish","type":"post","link":"https:\/\/akdenizhaber.com.tr\/index.php\/2024\/03\/01\/sp-ilce-baskani-ilhami-demiral-merhum-liderimiz-erbakan-hocamizi-vefatinin-13ncu-yilinda-rahmet-ve-minnetle-aniyoruz\/","title":{"rendered":"SP \u0130l\u00e7e Ba\u015fkan\u0131 \u0130lhami Demiral, &#8221; Merhum Liderimiz Erbakan hocam\u0131z\u0131 vefat\u0131n\u0131n 13&#8217;nc\u00fc y\u0131l\u0131nda rahmet ve minnetle an\u0131yoruz"},"content":{"rendered":"\n<p><\/p>\n\n\n\n<p>Saadet Partisi(SP) Manavgat \u0130l\u00e7e Ba\u015fkan\u0131 \u0130lhami Demiral, Milli G\u00f6r\u00fc\u015f Lideri Prof. Dr. Necmettin Erbakan&#8217;\u0131n vefat\u0131n\u0131n 13&#8217;nc\u00fc y\u0131l d\u00f6n\u00fcm\u00fcnde rahmet ve minnetle and\u0131klar\u0131n\u0131 s\u00f6yledi.<\/p>\n\n\n\n<p>Milli G\u00f6r\u00fc\u015f Lider Prof. Dr. Necmettin Erbakan&#8217;\u0131n 27 \u015eubat 2011 y\u0131l\u0131nda vefat etti\u011fini hat\u0131rlatan SP \u0130l\u00e7e Ba\u015fkan\u0131 \u0130lhami Demiral,&#8221; Merhum&nbsp; liderimiz hocam\u0131z Prof. Dr. Necmettin Erbakan&#8217;\u0131 vefat\u0131n\u0131n 13&#8217;nc\u00fc y\u0131l\u0131nda rahmet, minnet ve dualarla an\u0131yoruz. Onun \u00fclke siyasetinde b\u0131rakt\u0131\u011f\u0131 bo\u015fluk halen doldurulam\u0131yor. Milletimiz, Milli G\u00f6r\u00fc\u015f G\u00f6mle\u011fini \u00e7\u0131kard\u0131k diyerek iktidara gelenleri 22 y\u0131l i\u00e7inde \u00fclkemizi ne hale getirdi\u011fini \u00e7ok iyi g\u00f6r\u00fcyor. \u00dclke ekonomisini faizden kurtaraca\u011f\u0131z diyen AKP iktidar\u0131 \u00fclkemizi Cumhuriyet tarihinin&nbsp; en b\u00fcy\u00fck faiz bata\u011f\u0131na saplad\u0131. Ad\u0131 Adalet ve Kalk\u0131nma olan AKP \u00fclkede ne adalet b\u0131rakt\u0131 rant ekonomisini ba\u011fl\u0131 olu\u015fturdu\u011fu sistemle rantiyeci d\u00fczenini kurdu. Dar gelirli bitti. Esnaf ayakta kalma da can \u00e7eki\u015fiyor. &#8220;dedi.-<\/p>\n\n\n\n<p>Haber\/Abdurrahman B\u00fcy\u00fckkeskin<\/p>\n","protected":false},"excerpt":{"rendered":"<p>Saadet Partisi(SP) Manavgat \u0130l\u00e7e Ba\u015fkan\u0131 \u0130lhami Demiral, Milli G\u00f6r\u00fc\u015f Lideri Prof. Dr. Necmettin Erbakan&#8217;\u0131n vefat\u0131n\u0131n 13&#8217;nc\u00fc y\u0131l d\u00f6n\u00fcm\u00fcnde rahmet ve minnetle and\u0131klar\u0131n\u0131 s\u00f6yledi. Milli G\u00f6r\u00fc\u015f <a href=\"https:\/\/akdenizhaber.com.tr\/index.php\/2024\/03\/01\/sp-ilce-baskani-ilhami-demiral-merhum-liderimiz-erbakan-hocamizi-vefatinin-13ncu-yilinda-rahmet-ve-minnetle-aniyoruz\/\" class=\"read-more-link\">[more&#8230;]<\/a><\/p>\n","protected":false},"author":2,"featured_media":21100,"comment_status":"open","ping_status":"open","sticky":false,"template":"","format":"standard","meta":{"footnotes":""},"categories":[2],"tags":[],"class_list":["post-21099","post","type-post","status-publish","format-standard","has-post-thumbnail","hentry","category-gundem"],"_links":{"self":[{"href":"https:\/\/akdenizhaber.com.tr\/index.php\/wp-json\/wp\/v2\/posts\/21099","targetHints":{"allow":["GET"]}}],"collection":[{"href":"https:\/\/akdenizhaber.com.tr\/index.php\/wp-json\/wp\/v2\/posts"}],"about":[{"href":"https:\/\/akdenizhaber.com.tr\/index.php\/wp-json\/wp\/v2\/types\/post"}],"author":[{"embeddable":true,"href":"https:\/\/akdenizhaber.com.tr\/index.php\/wp-json\/wp\/v2\/users\/2"}],"replies":[{"embeddable":true,"href":"https:\/\/akdenizhaber.com.tr\/index.php\/wp-json\/wp\/v2\/comments?post=21099"}],"version-history":[{"count":0,"href":"https:\/\/akdenizhaber.com.tr\/index.php\/wp-json\/wp\/v2\/posts\/21099\/revisions"}],"wp:featuredmedia":[{"embeddable":true,"href":"https:\/\/akdenizhaber.com.tr\/index.php\/wp-json\/wp\/v2\/media\/21100"}],"wp:attachment":[{"href":"https:\/\/akdenizhaber.com.tr\/index.php\/wp-json\/wp\/v2\/media?parent=21099"}],"wp:term":[{"taxonomy":"category","embeddable":true,"href":"https:\/\/akdenizhaber.com.tr\/index.php\/wp-json\/wp\/v2\/categories?post=21099"},{"taxonomy":"post_tag","embeddable":true,"href":"https:\/\/akdenizhaber.com.tr\/index.php\/wp-json\/wp\/v2\/tags?post=21099"}],"curies":[{"name":"wp","href":"https:\/\/api.w.org\/{rel}","templated":true}]}}