{"id":21096,"date":"2024-03-01T12:59:02","date_gmt":"2024-03-01T09:59:02","guid":{"rendered":"https:\/\/akdenizhaber.com.tr\/?p=21096"},"modified":"2024-03-01T12:59:03","modified_gmt":"2024-03-01T09:59:03","slug":"baskan-adayi-nefi-karaya-buyuk-destek","status":"publish","type":"post","link":"https:\/\/akdenizhaber.com.tr\/index.php\/2024\/03\/01\/baskan-adayi-nefi-karaya-buyuk-destek\/","title":{"rendered":"Ba\u015fkan Aday\u0131 Nefi Kara\u2019ya B\u00fcy\u00fck Destek\u00a0\u00a0"},"content":{"rendered":"\n<p><\/p>\n\n\n\n<p>Cumhuriyet Halk Partisi Manavgat Belediye Ba\u015fkan Aday\u0131 \u201cHalk\u0131n Doktoru\u201d Niyazi Nefi Kara, halk bulu\u015fmalar\u0131 kapsam\u0131nda Ta\u015fa\u011f\u0131l Mahallesi\u2019ni ziyaret ederek mahalle sakinleriyle bir araya geldi ve Se\u00e7im Ofisi\u2019nin de a\u00e7\u0131l\u0131\u015f\u0131n\u0131 ger\u00e7ekle\u015ftirdi. CHP Manavgat Belediye Ba\u015fkan Aday\u0131 Nefi Kara\u2019n\u0131n Ta\u015fa\u011f\u0131l Mahallesi\u2019nde ki \u00e7al\u0131\u015fmalar\u0131na Manavgat Belediye Ba\u015fkan\u0131 \u015e\u00fckr\u00fc S\u00f6zen, CHP Manavgat \u0130l\u00e7e Ba\u015fkan\u0131 Oykun Ba\u015far,&nbsp; CHP Se\u00e7im Komitesi Ba\u015fkan\u0131 Abbas Tarak\u00e7\u0131, belediye meclis \u00fcyesi adaylar\u0131 ve partililer de e\u015flik etti. G\u00fcn\u00fcn ilk saatlerinde Ta\u015fa\u011f\u0131l Pazar\u0131\u2019n\u0131 ziyaret eden Ba\u015fkan Aday\u0131 Nefi Kara, pazarc\u0131 esnaf\u0131 ve al\u0131\u015fveri\u015f yapan vatanda\u015flarla sohbet etti. B\u00f6lge sakinlerinin yo\u011fun ilgisiyle kar\u015f\u0131la\u015fan Ba\u015fkan Aday\u0131 Kara, vatanda\u015flarla bire bir ilgilendikten sonra Ta\u015fa\u011f\u0131l Mahallesi\u2019nde bulunan Se\u00e7im Ofisi\u2019nin a\u00e7\u0131l\u0131\u015f\u0131n\u0131 da ger\u00e7ekle\u015ftirdi.<\/p>\n\n\n\n<p>BA\u015eKAN BA\u015eAR; RANTA DE\u011e\u0130L HALKA H\u0130ZMET EDECE\u011e\u0130Z<\/p>\n\n\n\n<p>CHP Manavgat \u0130l\u00e7e Ba\u015fkan\u0131 Oykun Ba\u015far, Se\u00e7im Ofisi\u2019nde halka hitaben yapt\u0131\u011f\u0131 konu\u015fmada Niyazi Nefi Kara\u2019n\u0131n vatanda\u015flara hizmet etmek i\u00e7in yola \u00e7\u0131kt\u0131\u011f\u0131n\u0131 belirtti. Ba\u015fkan Ba\u015far, \u201c\u00c7ok de\u011ferli Ta\u015fa\u011f\u0131ll\u0131 hem\u015ferilerim, hepinizi sayg\u0131 ve sevgi ile selaml\u0131yorum se\u00e7im ofisi a\u00e7\u0131l\u0131\u015f\u0131m\u0131za hepiniz ho\u015fgeldiniz. Biliyorsunuz ki Manavgat Belediye Ba\u015fkan\u0131m\u0131z Say\u0131n \u015e\u00fckr\u00fc S\u00f6zen\u2019in15 y\u0131l boyunca Sosyal Demokrat Belediyecilik anlay\u0131\u015f\u0131yla kentimize \u00e7ok g\u00fczel hizmetleri oldu.Yeni d\u00f6nemde ise yeni bir heyecanla kar\u015f\u0131n\u0131zday\u0131z. Say\u0131n Niyazi Nefi Kara Manavgat Cumhuriyet Halk Partisi Belediye Ba\u015fkan aday\u0131m\u0131z ve in\u015fallah yeni belediye ba\u015fkan\u0131m\u0131z olacak.Kendisi \u015fuana kadar hem doktor olarak hem de milletvekili olarak Manavgat\u2019a \u00e7ok g\u00fczel hizmetleri oldu. Herkesle ilgilendi, herkesin yan\u0131nda oldu ona vatanda\u015flar\u0131m\u0131z halk\u0131n doktoru unvan\u0131n\u0131 verdi.\u0130n\u015fallah \u00f6n\u00fcm\u00fczdeki d\u00f6nemde de hepimizin deste\u011fiyle belediye ba\u015fkan\u0131 se\u00e7ece\u011fiz ve sosyal demokrat belediyecilik anlay\u0131\u015f\u0131yla ranta de\u011fil halka hizmet yaparak ona halk\u0131n ba\u015fkan\u0131 diyece\u011fiz. Biliyorsunuz Muhittin ba\u015fkan\u0131m\u0131z\u0131n da \u00e7ok g\u00fczel hizmetleri oldu.\u00d6zellikle Ta\u015fa\u011f\u0131l\u2019da bir altyap\u0131 sorunu vard\u0131 ba\u015fkan\u0131m\u0131z altyap\u0131 sorununu \u00e7\u00f6zmek i\u00e7in \u00e7al\u0131\u015fmalara ba\u015flad\u0131.En yak\u0131n zamanda o da bitecek sizler i\u00e7in ger\u00e7ekten \u00f6nemli bir hizmet.Ayn\u0131 zamanda \u00c7ardak Mahallesi\u2019nde kapal\u0131 sulama sistemi yapt\u0131 ve ger\u00e7ekten de o da \u00e7ok \u00e7al\u0131\u015ft\u0131.Sizlerin deste\u011fiyle onu da tekrar B\u00fcy\u00fck\u015fehir Belediye Ba\u015fkan\u0131 yapaca\u011f\u0131z.H\u00fck\u00fcmetimizin 22 senedir maalesef Manavgat\u2019a do\u011fru d\u00fczg\u00fcn bir hizmeti yok. Manavgat\u2019ta bir hastanemiz yok hastanemiz var ama \u00e7ok yetersiz. Il\u0131caya 2 bin yatakl\u0131 hapishane yapt\u0131lar ama Manavgat\u2019a do\u011fru d\u00fczg\u00fcn bir hastane yapamad\u0131lar sizlere soruyorum tekrardan Il\u0131cada ki hapishanemi \u00f6nemli yoksa Manavgat i\u00e7in hastane mi.Maalesef halk\u0131 d\u00fc\u015f\u00fcnm\u00fcyorlar ranta y\u00f6nelik \u00e7al\u0131\u015fma yap\u0131yorlar.31 Mart\u2019ta sar\u0131 kart g\u00f6sterip bunlar\u0131 cezaland\u0131raca\u011f\u0131z ve halka hizmet etmek nas\u0131l olur Niyazi Nefi Karay\u2019la g\u00f6sterece\u011fiz\u201d dedi.<\/p>\n\n\n\n<p>BA\u015eKAN S\u00d6ZEN\u2019DEN NEF\u0130 KARA\u2019YA TAM DESTEK<\/p>\n\n\n\n<p>Manavgat Belediye Ba\u015fkan\u0131 \u015e\u00fckr\u00fc S\u00f6zen, a\u00e7\u0131l\u0131\u015f t\u00f6reninde yapt\u0131\u011f\u0131 konu\u015fmada \u201cHalk\u0131n Doktoru\u201d Niyazi Nefi Kara\u2019ya tam destek verdi\u011fini belirtti. Ba\u015fkan S\u00f6zen, \u201c\u00d6ncelikle arkada\u015flar\u0131mla beraber aran\u0131zda olmaktan son derece mutlu oldu\u011fumu ifade etmek isterim. Sizlere de\u011fer verdi\u011fimizi ve k\u0131ymet verdi\u011fimizi hepiniz biliyorsunuz.Ta\u015fa\u011f\u0131l ve yukar\u0131 mahallelerimizde bug\u00fcne kadar ciddi hizmetler getirmeye \u00e7al\u0131\u015ft\u0131k.Ta\u015fa\u011f\u0131l\u2019\u0131n eksikleri olmas\u0131na ra\u011fmen Ta\u015fa\u011f\u0131l, ciddi yat\u0131r\u0131mlarda g\u00f6rd\u00fc bug\u00fcn itibariyle B\u00fcy\u00fck\u015fehir eliyle bug\u00fcn kanalizasyon bir taraftan \u00e7al\u0131\u015fmas\u0131 devam ediyor.K\u0131rsal sulama yat\u0131r\u0131m\u0131n\u0131n bir b\u00f6l\u00fcm\u00fc bitti bir k\u0131sm\u0131 da devam edecek.G\u00f6revlerde her zaman aslolan de\u011fi\u015fikliktir ama do\u011fru de\u011fi\u015fikliklerdir. G\u00f6revi devredece\u011finiz ve g\u00f6revi b\u0131rakaca\u011f\u0131n\u0131z makam\u0131 geri d\u00f6n\u00fcp bakmaman\u0131z gerekir.Bu da g\u00fcvenle olur,&nbsp; deneyimini ve tecr\u00fcbesini test etmekle olur. Bug\u00fcn yan\u0131mda olan her zaman g\u00fcvendi\u011fim siyasi s\u00fcrecini be\u011fenerek izledi\u011fim k\u0131ymetli karde\u015fim Nefi Kara\u2019n\u0131n cesaretle, y\u00fcreklilikle Manavgat\u2019\u0131n kalan sorunlar\u0131n\u0131 ben \u00e7\u00f6zece\u011fim, ve ba\u015far\u0131yla bu s\u00fcreci \u00fcstlenece\u011fim dedi. Bizlere de Manavgat\u2019a hizmet edece\u011fim anlay\u0131\u015f\u0131yla \u00e7\u0131kt\u0131\u011f\u0131 bu yolda onun yan\u0131nda olarak destek vermek d\u00fc\u015fer. Yerel y\u00f6netim eliyle hizmet anlay\u0131\u015f\u0131n\u0131 devam ettirece\u011fine dair benim inanc\u0131m tam.Sizler de destek verdi\u011finiz taktirde bizlerin bug\u00fcne kadar yapm\u0131\u015f olduklar\u0131n\u0131n e\u011fer eksi\u011fi varsa, noksan\u0131 varsa bu \u00e7\u0131tay\u0131 daha yukar\u0131ya ta\u015f\u0131mak ad\u0131na \u00e7al\u0131\u015faca\u011f\u0131na ben de inan\u0131yorum.Yan\u0131nda oldu\u011fumu b\u00fct\u00fcn samimiyetimle, b\u00fct\u00fcn kalbimle, b\u00fct\u00fcn inanc\u0131mla da ifade ediyorum ve \u015fimdiden gelece\u011fi g\u00f6revde ba\u015far\u0131lar diliyorum.Ve en \u00f6nemlisi de hatam\u0131zla, sevab\u0131m\u0131zla, eksi\u011fimizle sizlerin verdi\u011fi destekle, sizlerin verdi\u011fi tevecc\u00fchle \u00fc\u00e7 d\u00f6nem boyunca Manavgat\u2019\u0131n de\u011ferlerine sahip \u00e7\u0131kmaya \u00e7al\u0131\u015ft\u0131k.Manavgat\u2019tan rant\u0131 uzak tutmaya, Manavgat\u2019\u0131n de\u011ferlerinde g\u00f6z\u00fc olanlar\u0131n \u00f6n\u00fcn\u00fc kesmeye cesaretle gayret ettik. Hatam\u0131z ve eksi\u011fimiz olmu\u015ftur. Sizlerden istirham\u0131m bu s\u00fcreyle ilgili bana haklar\u0131n\u0131z\u0131 helal etmenizdir.Hepinize sayg\u0131lar\u0131m\u0131 sunuyorum\u201d dedi.<\/p>\n\n\n\n<p>NEF\u0130 KARA: MANAVGAT\u2019I B\u0130RL\u0130KTE Y\u00d6NETECE\u011e\u0130Z<\/p>\n\n\n\n<p>CHP Manavgat Belediye Ba\u015fkan Aday\u0131 Niyazi Nefi Kara, halk\u00e7\u0131, \u015feffaf ve kat\u0131l\u0131mc\u0131 belediyecilik anlay\u0131\u015f\u0131 i\u00e7erisinde Manavgat\u2019\u0131 hep birlikte y\u00f6neteceklerini dile getirdi. Ba\u015fkan Aday\u0131 Kara, \u201c\u00c7ok de\u011ferli Ta\u015fa\u011f\u0131ll\u0131 hem\u015ferilerim hepiniz ho\u015f geldiniz, sayg\u0131 ve sevgiyle selaml\u0131yorum. Ta\u015fa\u011f\u0131l, benim i\u00e7in \u00e7ocuklu\u011fumdan siyaset hayat\u0131ma kadar \u00e7ok \u00f6nemi olan bir yer. Ta\u015fa\u011f\u0131l\u2019 daki herkes gibi ayn\u0131 ortak hayalleri payla\u015fan bir karde\u015finiz olarak buraday\u0131m. Y\u0131llard\u0131r bu topraklarda, bu toroslarda,&nbsp; bu ovalarda o y\u00fcrekli insanlar\u0131n, o yi\u011fitlerin karde\u015fi ve evlad\u0131 olarak m\u00fccadele etmeye devam ettik.2015 \u00f6n se\u00e7imlerini hi\u00e7 unutmam her aday aday\u0131, 96 aday aday\u0131n\u0131n her biri Ta\u015fa\u011f\u0131l\u2019a gelince bana telefon ediyordu, yahu ne yapt\u0131n bu Ta\u015fa\u011f\u0131l\u2019a Nefi yoksa hi\u00e7biriniz yoksunuz diyordu.Sizlerin bir evlad\u0131 ve karde\u015fi olarak siyasi hayat\u0131mda da hekimlik hayat\u0131mda da hi\u00e7bir zaman ba\u015f e\u011fdirmedik ba\u015f\u0131m\u0131z dik onlar\u0131 onurland\u0131rd\u0131k bize yeter.\u0130nan\u0131yoruz ki 31 Mart se\u00e7imlerinde de Ta\u015fa\u011f\u0131lb\u00f6lgesi sand\u0131\u011fa y\u00fcre\u011fini koyacak ve o sand\u0131ktan o evlatlar\u0131 ba\u015f\u0131 dik olarak \u00e7\u0131kacak. \u00d6n\u00fcm\u00fczdeki s\u00fcre\u00e7te yapaca\u011f\u0131m\u0131z i\u015fler tabi ki kolay de\u011fil zor ama inand\u0131\u011f\u0131m\u0131zda her \u015fey kolay olur hep s\u00f6yl\u00fcyorum \u00f6l\u00fcm hari\u00e7 her \u015feyi \u00e7\u00f6zeriz diyorum ve \u00e7\u00f6zece\u011fiz.Bu s\u00fcre\u00e7te yerel y\u00f6netim olarak, belediyecilik anlay\u0131\u015f\u0131 olarak temel prensiplerimizi belirttik. Halk\u00e7\u0131 belediye olaca\u011f\u0131z dedik ve halka hizmet boynumuzun borcu olacak hi\u00e7bir zaman bundan d\u00f6nmeyece\u011fiz. \u0130kincisi kat\u0131l\u0131mc\u0131 belediyecilik diyoruz yani yapt\u0131\u011f\u0131m\u0131z her i\u015fte Manavgatl\u0131lar\u0131n kat\u0131l\u0131m\u0131 olacak, onlar\u0131n etkisi olacak, onlar\u0131n s\u00f6z\u00fc olacak ve onlar\u0131n y\u00fcre\u011fi olacak onu s\u00f6yl\u00fcyoruz.\u00dc\u00e7\u00fcnc\u00fcs\u00fc demokratik bir belediyecilik diyoruz herkes e\u015fit ko\u015fullarda fikirlerini s\u00f6yleyebilecek ve herkes ortak olacak belediyeyi y\u00f6netirken.Bir di\u011feri adalet ve diyoruz e\u015fitlik diyoruz. Hangi partiye oy verdi\u011fini sormayaca\u011f\u0131z.Irk\u0131, dili, dini, cinsi ve mezhebi nedir diye sormadan doktor olarak nas\u0131l g\u00f6rev yapt\u0131ysak, gece g\u00fcnd\u00fcz hizmet ettiysek belediye ba\u015fkan\u0131 olarak da Manavgat Belediyesi olarak insanlara e\u015fit hizmet sunaca\u011f\u0131z.&nbsp; Allah bizi adaletinden ay\u0131rmas\u0131n diyoruz. \u015eeffaf olaca\u011f\u0131z diyoruz her \u015feyimiz her zaman incelenebilir, g\u00f6r\u00fclebilir olacak \u015funu s\u00f6yl\u00fcyorum Allah\u2019\u0131n bildi\u011fini kulunun bilmesinde hi\u00e7bir sak\u0131nca yoktur ve bunu herkes g\u00f6rebilecek bunu ya\u015fayaca\u011f\u0131z Manavgat\u2019ta \u015feffaf bir belediyecili\u011fi herkes g\u00f6recek, eksi\u011fimizi de g\u00f6recek, fazlam\u0131z\u0131 da g\u00f6recek burada da a\u00e7\u0131k olaca\u011f\u0131z ayn\u0131 zamanda hesap verebilir olaca\u011f\u0131z biz g\u00f6rev yapt\u0131\u011f\u0131m\u0131z s\u00fcre i\u00e7erisinde herkese hesap verece\u011fiz bu konuda hi\u00e7 s\u0131k\u0131nt\u0131m\u0131z olmayacak, her g\u00fcn\u00fcm\u00fcz her an\u0131m\u0131z birisi gelsin denetlesin diye de\u011fil halk\u0131m\u0131za borcumuz var m\u0131 halk\u0131m\u0131za eksik bir \u015fey yapt\u0131k m\u0131 hizmette kusurumuz var m\u0131 diye biz bunun hesab\u0131n\u0131 vermek i\u00e7in \u00e7al\u0131\u015faca\u011f\u0131z\u201d dedi.<\/p>\n\n\n\n<p>KARA; PROJELER\u0130M\u0130Z \u0130NSANA H\u0130ZMET EDECEK<\/p>\n\n\n\n<p>31 Mart\u2019tan sonra g\u00f6reve gelmesi durumunda gerek sosyal, gerek ekonomi gerek se kentle ilgili hizmetlerinin tamam\u0131n\u0131n insana y\u00f6nelik oldu\u011funu vurgulayan Ba\u015fkan Aday\u0131 Kara, Manavgat halk\u0131na art\u0131 de\u011fer katacak \u00e7al\u0131\u015fmalara \u00f6ncelik vereceklerini dile getirdi. Kara, \u201c\u00d6n\u00fcm\u00fczdeki s\u00fcre\u00e7te bir\u00e7ok proje var ama as\u0131l projemiz bizim insan odakl\u0131, insanlar\u0131n mutlu oldu\u011fu bir Manavgat olacak. Manavgat\u2019ta ciddi sorunlar var. Yol sorun,&nbsp; trafik sorunu da dahil. Bir belediye ba\u015fkan aday\u0131 demi\u015f ki Antalya\u2019dan Manavgat\u2019a gelmek \u00e7ok zor. Karde\u015fim elinizi tutan m\u0131 vard\u0131, Manavgat\u2019a \u00e7evre yolu yapmad\u0131n\u0131z ve hep rant i\u00e7in \u00e7al\u0131\u015ft\u0131n\u0131z.Manavgat\u2019ta \u00e7ivileri Il\u0131ca\u2019ya 2 bin yatakl\u0131 cezaevi yapt\u0131lar ba\u015fka da bir \u015fey yapmad\u0131lar.Hastane yap\u0131n dedik aylarca meclis k\u00fcrs\u00fcs\u00fcnden ba\u011f\u0131rd\u0131k, gittik Il\u0131ca\u2019da ba\u011f\u0131rd\u0131k hep s\u00f6yledik, hastane dedik insanlar yo\u011fun bak\u0131m bulam\u0131yor, doktor bulam\u0131yor her g\u00fcn \u00f6l\u00fcyoruz diye. 31 Mart\u2019ta B\u00fcy\u00fck\u015fehirde ve Manavgat\u2019ta da halk\u0131m\u0131z onun cevab\u0131n\u0131 verecektir.\u0130lk projemiz o y\u00fczden \u201cSa\u011fl\u0131k Evi\u201d projesi. Be\u015fkonak\u2019ta barakan\u0131n i\u00e7inde fel\u00e7li yatan iki insan\u0131 g\u00f6rd\u00fckten sonra ne s\u00f6yleyebiliriz ki?Hani \u00e7a\u011f atlam\u0131\u015ft\u0131n\u0131z, atlayamad\u0131lar, ters k\u00f6\u015feye atlad\u0131lar.Manavgat\u2019\u0131n bir\u00e7ok b\u00f6lgesine kuraca\u011f\u0131m\u0131z sa\u011fl\u0131k merkezi ve sa\u011fl\u0131k evleriyle tam donan\u0131ml\u0131 ambulans\u0131, doktoru, hem\u015firesi, psikolo\u011fu ve hasta bak\u0131c\u0131s\u0131yla vatanda\u015f\u0131m\u0131z\u0131n 24 saat bir telefon kadar yak\u0131n\u0131nda olacak ekiplerimiz her zaman onlara hizmet edecek.\u0130kinci projemiz \u201cK\u00f6y Evi\u201d projesi. B\u00fct\u00fcn k\u0131rsalda mahallelerde ya\u015fayan vatanda\u015flar\u0131m\u0131z\u0131noturup \u00e7ay\u0131n\u0131 i\u00e7ebilecekleri mutfa\u011f\u0131, lavabosu, kapal\u0131 alan\u0131 olan bizim de gidip onlarla aral\u0131kl\u0131 olarak sohbet edebilece\u011fimiz \u201cK\u00f6y Evi\u201d projemiz var.&nbsp; Bir di\u011fer projemizde yine \u201cManavgat\u201d markas\u0131 diyoruz. &nbsp;Manavgat ger\u00e7ekten tarihiyle, do\u011fas\u0131yla, deniziyle, kumuyla, topra\u011f\u0131yla, insan\u0131yla m\u00fckemmel bir yer. Manavgat\u2019\u0131n marka de\u011ferini artt\u0131raca\u011f\u0131z d\u00fcnyan\u0131n her yerinde Manavgat ismini duyuraca\u011f\u0131z. Manavgat\u2019ta her bir \u00fcr\u00fcn\u00fcn de\u011ferini artt\u0131raca\u011f\u0131z ki bizim vatanda\u015f\u0131m\u0131za geri d\u00f6n\u00fc\u015f\u00fc olsun. Manavgat\u2019a marka de\u011feri katanentegre tesislerimizi kuraca\u011f\u0131z ve entegre tesislerimizde a\u011fa\u00e7ta kalan o portakallar kalmayacak dal\u0131nda hi\u00e7bir \u00fcr\u00fcn\u00fc kalmayacak \u00e7ift\u00e7inin elinde hi\u00e7bir \u00fcr\u00fcn\u00fc kalmayacak.\u00dcreticimiz bu sene satamad\u0131k seneye umut demeyecek. Manavgat Belediyesi olarak kuraca\u011f\u0131m\u0131z tesislerde portakal\u0131n kabu\u011fundan, defnesine, keki\u011fine, muzunun kabu\u011funa kadar i\u015fleyece\u011fiz ve onu pazarlayaca\u011f\u0131z buradan gelecek ekonomik getiri vatanda\u015f\u0131m\u0131z\u0131n cebine yans\u0131yacak.\u201c\u00c7ift\u00e7i E\u011fitim ve Dan\u0131\u015fma Merkezi\u201d kuraca\u011f\u0131z ve bu merkezde ziraat m\u00fchendislerimiz ile teknisyenlerimiz olacak.&nbsp; Veterinerlerimiz ve teknisyen deste\u011fi ile \u00e7ift\u00e7inin de yan\u0131nda olaca\u011f\u0131z. Tohum bankas\u0131 kuraca\u011f\u0131z vatanda\u015f\u0131n tohumuna destek verece\u011fiz. Vatanda\u015f\u0131n zirai m\u00fccadelesinde yan\u0131nda olaca\u011f\u0131z onlar\u0131n daha iyi \u00fcr\u00fcn alabilmesi i\u00e7in daha verimli olmas\u0131 i\u00e7in topra\u011f\u0131n analizini yap\u0131p onlara \u00e7ok daha yard\u0131mc\u0131 olacak ziraat m\u00fchendislerimiz olacak.Besicilikte Antalya B\u00fcy\u00fck\u015fehir Belediyemiz hayvanlar\u0131n beslenmesi i\u00e7in yem deste\u011fi veriyor. Bu \u00e7al\u0131\u015fmay\u0131 artt\u0131rarak devam edece\u011fiz ve veterinerlerimiz her zaman \u00fcreticinin yan\u0131nda olacak. Manavgat\u2019\u0131 birlikte kalk\u0131nd\u0131raca\u011f\u0131z ve birlikte y\u00f6netece\u011fiz.15 ya\u015f \u00fczeri herkesin cep telefonlar\u0131na uygulama indirece\u011fiz ve b\u00f6lgenizde yap\u0131lacak her hizmette her her projede sizlere soraca\u011f\u0131z derdinizi anlatacaks\u0131n\u0131z, oylayacaks\u0131n\u0131z ve sizin ald\u0131\u011f\u0131n\u0131z karar Manavgat Belediyesi\u2019nin meclisinde onaylanacak ve uygulanacak.Sizin her biriniz belediye meclis \u00fcyesi her biriniz ayn\u0131 zamanda bir belediye ba\u015fkan\u0131 olarak hem sorumluluk alacaks\u0131n\u0131z hem de memlekete hizmet edeceksiniz.Manavgat\u2019\u0131m\u0131za 10 kre\u015f daha a\u00e7aca\u011f\u0131z.\u00c7ocuklar\u0131m\u0131z\u0131n oralarda sa\u011fl\u0131kl\u0131 yeti\u015fmesi i\u00e7in her bir \u00e7ocu\u011fumuz mutlaka bir alanda spor yapacak, her bir \u00e7ocu\u011fumuz k\u00fclt\u00fcr sanat alan\u0131nda bir m\u00fczik aleti kullanmay\u0131 bilecek, sinemay\u0131 tiyatroyu \u00f6\u011frenebilecek ve \u00e7ocuklar\u0131m\u0131z okullar\u0131n\u0131 bitirdiklerinde herhangi bir alanda hobisi olacak.\u015eampiyon olan sporcular, \u00f6d\u00fcl alan sanat\u00e7\u0131lar\u0131n da Manavgat\u2019ta yeti\u015ftirilmesi i\u00e7in e\u011fitimlerini tamamlayaca\u011f\u0131z.Ya\u015fl\u0131 bak\u0131m evleri olacak. Ya\u015fl\u0131lar\u0131m\u0131z\u0131 asla kenara b\u0131rakmayaca\u011f\u0131z ve onlara hizmet edece\u011fiz.Emekli kahvehaneleri a\u00e7aca\u011f\u0131z \u00e7ay\u0131n barda\u011f\u0131 25 lira 30 lira olmu\u015f. \u00c7ay\u0131n\u0131 i\u00e7emeden evine d\u00f6nen vatanda\u015f\u0131m var.Sosyal tesisler kuraca\u011f\u0131z. Yeme\u011fini yiyecek, \u00e7ay\u0131n\u0131, kahvesini i\u00e7ecek ve huzurla evine d\u00f6necek.Hedefimiz bizim sabah evinden mutlu \u00e7\u0131kan bir insan\u0131m\u0131z\u0131n evine mutlu d\u00f6nmesi i\u00e7in olacak. Yol yapar\u0131z, k\u00f6pr\u00fc yapar\u0131z bunlar kolayd\u0131r ama bizim as\u0131l derdimiz g\u00f6n\u00fcl k\u00f6pr\u00fcs\u00fcn\u00fc kurmakt\u0131r. Bu karde\u015finize inan\u0131n 31 Marttan sonra yine sizin hizmetinizde olacakt\u0131r. B\u00fcy\u00fck\u015fehir Ba\u015fkan\u0131m\u0131z Muhittin B\u00f6cekle beraber Antalya\u2019y\u0131 yine biz y\u00f6netece\u011fiz ve Antalya da yeniden tarihler yazmaya devam edece\u011fiz.Se\u00e7im ofisimiz hay\u0131rl\u0131 olsun.31 Martta sizlere inanan, y\u00fcre\u011finize inanan bu karde\u015finize, evlad\u0131n\u0131za sand\u0131\u011fa gidip oy verin diyoruz, Kat\u0131l\u0131mlar\u0131n\u0131zdan dolay\u0131 hepinize y\u00fcrekten te\u015fekk\u00fcr ediyorum\u201d dedi.<\/p>\n\n\n\n<p>Haber Merkezi<\/p>\n","protected":false},"excerpt":{"rendered":"<p>Cumhuriyet Halk Partisi Manavgat Belediye Ba\u015fkan Aday\u0131 \u201cHalk\u0131n Doktoru\u201d Niyazi Nefi Kara, halk bulu\u015fmalar\u0131 kapsam\u0131nda Ta\u015fa\u011f\u0131l Mahallesi\u2019ni ziyaret ederek mahalle sakinleriyle bir araya geldi ve <a href=\"https:\/\/akdenizhaber.com.tr\/index.php\/2024\/03\/01\/baskan-adayi-nefi-karaya-buyuk-destek\/\" class=\"read-more-link\">[more&#8230;]<\/a><\/p>\n","protected":false},"author":2,"featured_media":21097,"comment_status":"open","ping_status":"open","sticky":false,"template":"","format":"standard","meta":{"footnotes":""},"categories":[2],"tags":[],"class_list":["post-21096","post","type-post","status-publish","format-standard","has-post-thumbnail","hentry","category-gundem"],"_links":{"self":[{"href":"https:\/\/akdenizhaber.com.tr\/index.php\/wp-json\/wp\/v2\/posts\/21096","targetHints":{"allow":["GET"]}}],"collection":[{"href":"https:\/\/akdenizhaber.com.tr\/index.php\/wp-json\/wp\/v2\/posts"}],"about":[{"href":"https:\/\/akdenizhaber.com.tr\/index.php\/wp-json\/wp\/v2\/types\/post"}],"author":[{"embeddable":true,"href":"https:\/\/akdenizhaber.com.tr\/index.php\/wp-json\/wp\/v2\/users\/2"}],"replies":[{"embeddable":true,"href":"https:\/\/akdenizhaber.com.tr\/index.php\/wp-json\/wp\/v2\/comments?post=21096"}],"version-history":[{"count":0,"href":"https:\/\/akdenizhaber.com.tr\/index.php\/wp-json\/wp\/v2\/posts\/21096\/revisions"}],"wp:featuredmedia":[{"embeddable":true,"href":"https:\/\/akdenizhaber.com.tr\/index.php\/wp-json\/wp\/v2\/media\/21097"}],"wp:attachment":[{"href":"https:\/\/akdenizhaber.com.tr\/index.php\/wp-json\/wp\/v2\/media?parent=21096"}],"wp:term":[{"taxonomy":"category","embeddable":true,"href":"https:\/\/akdenizhaber.com.tr\/index.php\/wp-json\/wp\/v2\/categories?post=21096"},{"taxonomy":"post_tag","embeddable":true,"href":"https:\/\/akdenizhaber.com.tr\/index.php\/wp-json\/wp\/v2\/tags?post=21096"}],"curies":[{"name":"wp","href":"https:\/\/api.w.org\/{rel}","templated":true}]}}