{"id":21078,"date":"2024-03-01T12:52:12","date_gmt":"2024-03-01T09:52:12","guid":{"rendered":"https:\/\/akdenizhaber.com.tr\/?p=21078"},"modified":"2024-03-01T12:52:13","modified_gmt":"2024-03-01T09:52:13","slug":"demre-komurluk-caddesi-cevre-duzenlemesi-tamamlandi","status":"publish","type":"post","link":"https:\/\/akdenizhaber.com.tr\/index.php\/2024\/03\/01\/demre-komurluk-caddesi-cevre-duzenlemesi-tamamlandi\/","title":{"rendered":"Demre K\u00f6m\u00fcrl\u00fck Caddesi \u00c7evre D\u00fczenlemesi tamamland\u0131"},"content":{"rendered":"\n<p><\/p>\n\n\n\n<p>Antalya B\u00fcy\u00fck\u015fehir Belediyesi&#8217;nin Demre sahil band\u0131 \u00fczerinde yer alan K\u00f6m\u00fcrl\u00fck Caddesi&#8217;nde ba\u015flatt\u0131\u011f\u0131 d\u00fczenleme \u00e7al\u0131\u015fmalar\u0131n\u0131 tamamland\u0131. Yakla\u015f\u0131k 300 metre uzunlu\u011fundaki sahil \u015feridi hatt\u0131 boyunca ger\u00e7ekle\u015ftirilen \u00e7al\u0131\u015fmalarla Demre yeni bir sosyal alana kavu\u015ftu.<\/p>\n\n\n\n<p>Demre K\u00f6m\u00fcrl\u00fck Caddesi \u00c7evre D\u00fczenlemesi Projesi kapsam\u0131nda Antalya B\u00fcy\u00fck\u015fehir Belediyesi Fen \u0130\u015fleri Dairesi Ba\u015fkanl\u0131\u011f\u0131 taraf\u0131ndan y\u00fcr\u00fct\u00fclen in\u015faat \u00e7al\u0131\u015fmalar\u0131 bitti. Antalya B\u00fcy\u00fck\u015fehir Belediyesi taraf\u0131ndan sahil band\u0131nda park ve peyzaj d\u00fczenlemesi yap\u0131ld\u0131. \u00c7al\u0131\u015fmada 2 bin 600 metrekare parke ve bin metre bord\u00fcr ta\u015f\u0131 d\u00f6\u015fendi. Yakla\u015f\u0131k 300 metre uzunlu\u011fundaki sahil \u015feridi hatt\u0131 boyunca yap\u0131lan \u00e7evre d\u00fczenlemesi kapsam\u0131nda parke ta\u015f\u0131 y\u00fcr\u00fcy\u00fc\u015f yollar\u0131 yap\u0131ld\u0131. Beton kaideli ah\u015fap banklar ve piknik masalar\u0131 konuldu. D\u00fczenleme kapsam\u0131nda bitkisel peyzaj alan\u0131n\u0131n d\u00fczenlemesi ger\u00e7ekle\u015ftirildi.<\/p>\n\n\n\n<p>Antalya B\u00fcy\u00fck\u015fehir Belediyesi \/ B\u00fclten<\/p>\n","protected":false},"excerpt":{"rendered":"<p>Antalya B\u00fcy\u00fck\u015fehir Belediyesi&#8217;nin Demre sahil band\u0131 \u00fczerinde yer alan K\u00f6m\u00fcrl\u00fck Caddesi&#8217;nde ba\u015flatt\u0131\u011f\u0131 d\u00fczenleme \u00e7al\u0131\u015fmalar\u0131n\u0131 tamamland\u0131. Yakla\u015f\u0131k 300 metre uzunlu\u011fundaki sahil \u015feridi hatt\u0131 boyunca ger\u00e7ekle\u015ftirilen \u00e7al\u0131\u015fmalarla <a href=\"https:\/\/akdenizhaber.com.tr\/index.php\/2024\/03\/01\/demre-komurluk-caddesi-cevre-duzenlemesi-tamamlandi\/\" class=\"read-more-link\">[more&#8230;]<\/a><\/p>\n","protected":false},"author":2,"featured_media":21079,"comment_status":"open","ping_status":"open","sticky":false,"template":"","format":"standard","meta":{"footnotes":""},"categories":[2],"tags":[],"class_list":["post-21078","post","type-post","status-publish","format-standard","has-post-thumbnail","hentry","category-gundem"],"_links":{"self":[{"href":"https:\/\/akdenizhaber.com.tr\/index.php\/wp-json\/wp\/v2\/posts\/21078","targetHints":{"allow":["GET"]}}],"collection":[{"href":"https:\/\/akdenizhaber.com.tr\/index.php\/wp-json\/wp\/v2\/posts"}],"about":[{"href":"https:\/\/akdenizhaber.com.tr\/index.php\/wp-json\/wp\/v2\/types\/post"}],"author":[{"embeddable":true,"href":"https:\/\/akdenizhaber.com.tr\/index.php\/wp-json\/wp\/v2\/users\/2"}],"replies":[{"embeddable":true,"href":"https:\/\/akdenizhaber.com.tr\/index.php\/wp-json\/wp\/v2\/comments?post=21078"}],"version-history":[{"count":0,"href":"https:\/\/akdenizhaber.com.tr\/index.php\/wp-json\/wp\/v2\/posts\/21078\/revisions"}],"wp:featuredmedia":[{"embeddable":true,"href":"https:\/\/akdenizhaber.com.tr\/index.php\/wp-json\/wp\/v2\/media\/21079"}],"wp:attachment":[{"href":"https:\/\/akdenizhaber.com.tr\/index.php\/wp-json\/wp\/v2\/media?parent=21078"}],"wp:term":[{"taxonomy":"category","embeddable":true,"href":"https:\/\/akdenizhaber.com.tr\/index.php\/wp-json\/wp\/v2\/categories?post=21078"},{"taxonomy":"post_tag","embeddable":true,"href":"https:\/\/akdenizhaber.com.tr\/index.php\/wp-json\/wp\/v2\/tags?post=21078"}],"curies":[{"name":"wp","href":"https:\/\/api.w.org\/{rel}","templated":true}]}}