{"id":21075,"date":"2024-02-29T12:00:52","date_gmt":"2024-02-29T09:00:52","guid":{"rendered":"https:\/\/akdenizhaber.com.tr\/?p=21075"},"modified":"2024-02-29T12:00:52","modified_gmt":"2024-02-29T09:00:52","slug":"sarilar-muhtar-adayi-ramazan-sirine-buyuk-ilgi","status":"publish","type":"post","link":"https:\/\/akdenizhaber.com.tr\/index.php\/2024\/02\/29\/sarilar-muhtar-adayi-ramazan-sirine-buyuk-ilgi\/","title":{"rendered":"Sar\u0131lar Muhtar Aday\u0131 Ramazan \u015eirin\u2019e B\u00fcy\u00fck \u0130lgi"},"content":{"rendered":"\n<p><\/p>\n\n\n\n<p>Sar\u0131lar Mahallesi muhtar aday\u0131 Ramazan \u015eirin saha \u00e7al\u0131\u015f\u0131lmalar\u0131n\u0131 s\u00fcrd\u00fcr\u00fcyor.<\/p>\n\n\n\n<p>Ge\u00e7ti\u011fimiz g\u00fcnlerde Sar\u0131lar semt pazar\u0131n\u0131 azalar\u0131 ile birlikte ziyaret eden Ramazan \u015eirin\u2019e esnaflar ve vatanda\u015flar b\u00fcy\u00fck ilgi g\u00f6stererek se\u00e7ilmi\u015f muhtar gibi davrand\u0131lar.<\/p>\n\n\n\n<p>Pazaryerinin d\u0131\u015f\u0131nda ev ve i\u015fyerlerini de her g\u00fcn ziyaret eden Ramazan \u015eirin vatanda\u015flar\u0131n yo\u011fun ilgisinden b\u00fcy\u00fck memnuniyet duydu\u011funu ifade ederek \u201cSe\u00e7ilmi\u015f muhtar gibi davran\u0131yor olmalar\u0131 \u015fahs\u0131ma b\u00fcy\u00fck g\u00fc\u00e7 veriyor. \u0130lgilerinden dolay\u0131 Sar\u0131lar\u2019l\u0131 hem\u015ferilerime ve t\u00fcm esnaflara te\u015fekk\u00fcr ederim\u201d dedi.<\/p>\n\n\n\n<p>Sar\u0131lar\u2019\u0131n t\u00fcm sorunlar\u0131n\u0131 \u00e7ok yak\u0131ndan bildi\u011fini ve bu ama\u00e7la muhtar aday\u0131 oldu\u011funu s\u00f6yleyen Ramazan \u015eirin, hizmet i\u00e7in yola \u00e7\u0131kt\u0131\u011f\u0131n\u0131 s\u00f6yledi.<\/p>\n\n\n\n<p>Y\u0131llard\u0131r ya\u015fam s\u00fcrd\u00fc\u011f\u00fc mahallesinin bir\u00e7ok sorunu oldu\u011funa dikkat \u00e7eken Ramazan \u015eirin, muhtar se\u00e7ildi\u011fi g\u00fcnden itibaren t\u00fcm yetkililere sorunlar\u0131 ileterek \u00e7\u00f6z\u00fcm yollar\u0131 arayaca\u011f\u0131n\u0131 ve bu nedenle elindeki mevcut sorunlar\u0131 yetkililere ilettikten sonra \u00e7\u00f6z\u00fcm\u00fc i\u00e7in takip\u00e7isi olaca\u011f\u0131n\u0131 kaydetti.<\/p>\n\n\n\n<p>Sar\u0131lar\u0131n Akdeniz b\u00f6lgesinin en b\u00fcy\u00fck mahallerinden biri oldu\u011funa dikkat \u00e7ekerek \u201cBen mahallemin sorunlar\u0131n\u0131 \u00e7ok iyi biliyorum, \u00e7al\u0131\u015fmalar\u0131m esnas\u0131nda mahalle sakinlerinden gelen istek ve taleplerini de not ederek gelecek ad\u0131na daha ya\u015fanabilir ve daha g\u00fczel bir Sar\u0131lar mahallesi i\u00e7in \u00e7al\u0131\u015fmalar\u0131m\u0131 s\u00fcrd\u00fcrerek hizmet etmek i\u00e7in t\u00fcm se\u00e7menlerime s\u00f6z veriyorum. S\u00f6z\u00fcm s\u00f6z Sar\u0131lar\u0131n t\u00fcm sorunlar\u0131n\u0131 t\u00fcm mahalle sakinlerinin istekleri do\u011frultusunda \u00e7\u00f6zece\u011fim. Hizmet bizim i\u015fimiz bana oy vererek destek sa\u011flayacak se\u00e7menlerimize \u015fimdiden pe\u015fin te\u015fekk\u00fcrlerimi sunuyorum\u201d dedi. (Haber Merkezi)<\/p>\n\n\n\n<p>Haber Merkezi<\/p>\n","protected":false},"excerpt":{"rendered":"<p>Sar\u0131lar Mahallesi muhtar aday\u0131 Ramazan \u015eirin saha \u00e7al\u0131\u015f\u0131lmalar\u0131n\u0131 s\u00fcrd\u00fcr\u00fcyor. Ge\u00e7ti\u011fimiz g\u00fcnlerde Sar\u0131lar semt pazar\u0131n\u0131 azalar\u0131 ile birlikte ziyaret eden Ramazan \u015eirin\u2019e esnaflar ve vatanda\u015flar b\u00fcy\u00fck <a href=\"https:\/\/akdenizhaber.com.tr\/index.php\/2024\/02\/29\/sarilar-muhtar-adayi-ramazan-sirine-buyuk-ilgi\/\" class=\"read-more-link\">[more&#8230;]<\/a><\/p>\n","protected":false},"author":2,"featured_media":21076,"comment_status":"open","ping_status":"open","sticky":false,"template":"","format":"standard","meta":{"footnotes":""},"categories":[2],"tags":[],"class_list":["post-21075","post","type-post","status-publish","format-standard","has-post-thumbnail","hentry","category-gundem"],"_links":{"self":[{"href":"https:\/\/akdenizhaber.com.tr\/index.php\/wp-json\/wp\/v2\/posts\/21075","targetHints":{"allow":["GET"]}}],"collection":[{"href":"https:\/\/akdenizhaber.com.tr\/index.php\/wp-json\/wp\/v2\/posts"}],"about":[{"href":"https:\/\/akdenizhaber.com.tr\/index.php\/wp-json\/wp\/v2\/types\/post"}],"author":[{"embeddable":true,"href":"https:\/\/akdenizhaber.com.tr\/index.php\/wp-json\/wp\/v2\/users\/2"}],"replies":[{"embeddable":true,"href":"https:\/\/akdenizhaber.com.tr\/index.php\/wp-json\/wp\/v2\/comments?post=21075"}],"version-history":[{"count":0,"href":"https:\/\/akdenizhaber.com.tr\/index.php\/wp-json\/wp\/v2\/posts\/21075\/revisions"}],"wp:featuredmedia":[{"embeddable":true,"href":"https:\/\/akdenizhaber.com.tr\/index.php\/wp-json\/wp\/v2\/media\/21076"}],"wp:attachment":[{"href":"https:\/\/akdenizhaber.com.tr\/index.php\/wp-json\/wp\/v2\/media?parent=21075"}],"wp:term":[{"taxonomy":"category","embeddable":true,"href":"https:\/\/akdenizhaber.com.tr\/index.php\/wp-json\/wp\/v2\/categories?post=21075"},{"taxonomy":"post_tag","embeddable":true,"href":"https:\/\/akdenizhaber.com.tr\/index.php\/wp-json\/wp\/v2\/tags?post=21075"}],"curies":[{"name":"wp","href":"https:\/\/api.w.org\/{rel}","templated":true}]}}