{"id":21038,"date":"2024-02-29T11:51:25","date_gmt":"2024-02-29T08:51:25","guid":{"rendered":"https:\/\/akdenizhaber.com.tr\/?p=21038"},"modified":"2024-02-29T11:51:25","modified_gmt":"2024-02-29T08:51:25","slug":"baskan-ali-bahar-yabanci-istihdaminda-cabamiz-sonuc-verdi","status":"publish","type":"post","link":"https:\/\/akdenizhaber.com.tr\/index.php\/2024\/02\/29\/baskan-ali-bahar-yabanci-istihdaminda-cabamiz-sonuc-verdi\/","title":{"rendered":"BA\u015eKAN AL\u0130 BAHAR: YABANCI \u0130ST\u0130HDAMINDA \u00c7ABAMIZ SONU\u00c7 VERD\u0130"},"content":{"rendered":"\n<p><\/p>\n\n\n\n<p><strong>Antalya ekonomisinin lokomotifi turizmde ya\u015fanan ve kanayan yara haline gelen istihdam kriteri sorununun \u00e7\u00f6z\u00fcme ula\u015fmas\u0131 i\u00e7in sorunu her platformda dile getirdiklerini belirten Ba\u015fkan Ali Bahar, \u201c\u0130stihdam kriteri uygulanmaks\u0131z\u0131n yabanc\u0131 \u00e7al\u0131\u015fanlara ili\u015fkin \u00e7abalar\u0131m\u0131z sonu\u00e7 verdi. Gerek bakanl\u0131klar\u0131m\u0131z\u0131n gerek valimizin giri\u015fimleriyle sorunun \u00fcstesinden geldik. Bu geli\u015fmeyi \u00f6nemsiyoruz ve takip\u00e7isi olaca\u011f\u0131z\u201d dedi.<\/strong><\/p>\n\n\n\n<p>\u00c7al\u0131\u015fma ve Sosyal G\u00fcvenlik Bakanl\u0131\u011f\u0131 Uluslararas\u0131 \u0130\u015fg\u00fcc\u00fc Genel M\u00fcd\u00fcrl\u00fc\u011f\u00fc taraf\u0131ndan yay\u0131nlanan \u201c2024 Y\u0131l\u0131nda Turizm Sekt\u00f6r\u00fcnde Uygulanacak \u0130stisnalar\u201d d\u00fczenlemesiyle, yurt i\u00e7inden yap\u0131lacak ba\u015fvurularda iki yabanc\u0131ya kadar \u00e7al\u0131\u015fma izni ba\u015fvurular\u0131n\u0131n istihdam kriteri uygulanmaks\u0131z\u0131n de\u011ferlendirilebilmesine ili\u015fkin d\u00fczenleme yay\u0131nland\u0131. K\u00fclt\u00fcr ve Turizm Bakanl\u0131\u011f\u0131ndan belgeli seyahat acenteleri ile sa\u011fl\u0131k turizmi alan\u0131nda faaliyet g\u00f6steren ve Sa\u011fl\u0131k Bakanl\u0131\u011f\u0131ndan yetkilendirilmi\u015f arac\u0131 kurulu\u015flar\u0131 kapsayan d\u00fczenleme 31 Aral\u0131k 2024 tarihine kadar ge\u00e7erli olacak. Konuyla ilgili de\u011ferlendirmede bulunan Antalya Ticaret ve Sanayi Odas\u0131 (ATSO) Y\u00f6netim Kurulu Ba\u015fkan\u0131 Ali Bahar, \u201cBiz ATSO ailesi olarak t\u00fcm komitelerimizle, 60 bini a\u015fk\u0131n \u00fcyemizle b\u00fct\u00fcn sorunlar\u0131n \u00fcstesinden birlikte gelebilecek kuvvetteyiz. \u0130stihdam kriteri uygulanmaks\u0131z\u0131n yabanc\u0131 \u00e7al\u0131\u015fanlara ili\u015fkin \u00e7abalar\u0131m\u0131z sonu\u00e7 verdi. Bu geli\u015fmeyi \u00f6nemsiyoruz ve takip\u00e7isi olduk olmaya da devam edece\u011fiz\u201d ifadelerini kulland\u0131.<\/p>\n\n\n\n<p><strong>YA\u015eANAN GEL\u0130\u015eMEDEN MEMNUNUZ<\/strong><\/p>\n\n\n\n<p>Sekt\u00f6r temsilcilerinden gelen talepler do\u011frultusunda ba\u015flatt\u0131klar\u0131 \u00e7al\u0131\u015fmalar\u0131n ve isti\u015farelerin olumlu sonuca ula\u015ft\u0131\u011f\u0131n\u0131 kaydeden Ba\u015fkan Ali Bahar s\u00f6zlerini \u015f\u00f6yle s\u00fcrd\u00fcrd\u00fc; \u201cGe\u00e7ti\u011fimiz y\u0131l Nisan ay\u0131nda meclis toplant\u0131m\u0131zda turizmde faaliyet g\u00f6steren, reklam ve e\u011flence sekt\u00f6r\u00fcne mensup \u00fcyelerimizin yabanc\u0131 istihdam\u0131nda ya\u015fad\u0131klar\u0131 sorunlar\u0131 dile getirmi\u015f, bu konunun takip\u00e7isi olaca\u011f\u0131m\u0131 dile getirmi\u015ftim. K\u00fclt\u00fcr ve Turizm Bakan\u0131m\u0131z\u0131 ziyaretimizde sundu\u011fumuz dosyada da bu konudan kendisine bahsetmi\u015ftik, akabinde \u00c7al\u0131\u015fma ve Sosyal G\u00fcvenlik Bakanl\u0131\u011f\u0131 koordinasyonunda, Antalya Valili\u011fi ve ATSO i\u015f birli\u011finde ger\u00e7ekle\u015ftirdi\u011fimiz toplant\u0131m\u0131zda da bu konuyu irdeledik ve sekt\u00f6r temsilcilerimizle bakanl\u0131k temsilcilerimizi bir araya getirdik. Bakanl\u0131\u011f\u0131m\u0131zdan edindi\u011fimiz bilgiye g\u00f6re yapt\u0131\u011f\u0131m\u0131z toplant\u0131lar\u0131n bir sonucu, \u00e7\u0131kt\u0131s\u0131 olarak ya\u015fanan bu geli\u015fmeden \u00e7ok memnunuz.\u201d Sekt\u00f6rle ger\u00e7ekle\u015ftirdikleri isti\u015fare toplant\u0131lar\u0131n\u0131n olumlu neticeleri oldu\u011funu belirten Ba\u015fkan Bahar, \u201cUluslararas\u0131 \u0130\u015fg\u00fcc\u00fc Genel M\u00fcd\u00fcr\u00fc Ali Aybey beni arayarak, bizi yak\u0131ndan takip ettiklerini ve yabanc\u0131 uyruklu personel \u00e7al\u0131\u015ft\u0131rmakla ilgili \u00fclkemizde mevcut sorunlar Antalya\u2019da yapt\u0131\u011f\u0131m\u0131z toplant\u0131 ile g\u00fcndeme al\u0131nd\u0131 ve sonu\u00e7 a\u00e7\u0131s\u0131ndan \u00e7ok iyi bir noktaya getirildi\u011fini s\u00f6yledi. Ayr\u0131ca alt\u0131n\u0131 \u00e7izerek ifade etmek istiyorum; yabanc\u0131larda istihdam kriteriyle ilgili ya\u015fanan sorunun \u00e7\u00f6z\u00fcm\u00fc noktas\u0131nda \u00f6n\u00fcn\u00fc a\u00e7an ATSO dedi. Sekt\u00f6r\u00fcm\u00fcz\u00fcn bir sorununa \u00e7\u00f6z\u00fcm bulma noktas\u0131nda odam\u0131z harekete ge\u00e7mi\u015f, ihtiyac\u0131n\u0131 gidermi\u015ftir. \u0130\u015fte ATSO para almaktan ba\u015fka ne i\u015f yapar sorusunun bir cevab\u0131n\u0131 daha payla\u015fmak istiyorum. Bundan sonra a\u00e7\u0131klad\u0131klar\u0131m\u0131za \u00e7ok dikkat etmenizi, sizden gelen talepleri nas\u0131l de\u011ferlendirdi\u011fimizi, kanun yap\u0131c\u0131ya, devletimize asist yapt\u0131\u011f\u0131m\u0131z\u0131 bilmenizi rica ediyorum\u201d dedi.<\/p>\n\n\n\n<p><strong>BEKLENT\u0130M\u0130Z YEN\u0130 D\u00dcZENLEMELER YAPILMASI<\/strong><\/p>\n\n\n\n<p>\u201cTurizm kenti Antalya\u2019m\u0131z\u0131n yabanc\u0131 istihdam\u0131 konusunda ya\u015fad\u0131\u011f\u0131 problemin \u00e7\u00f6z\u00fcm\u00fcne katk\u0131 koymaktan memnunuz\u201d diyerek s\u00f6zlerini s\u00fcrd\u00fcren Ba\u015fkan Ali Bahar, \u201cSekt\u00f6r\u00fcm\u00fcz\u00fcn kanayan yaras\u0131 haline gelmi\u015f, kalifiye yabanc\u0131 i\u015f g\u00fcc\u00fc bulunamamas\u0131 ile ba\u015flayan ve i\u015fletmelerimizi do\u011frudan etkileyen bu sorunun olumsuz sonu\u00e7lara neden oldu\u011funu her yerde dile getirdik.&nbsp; \u015eehrimiz i\u00e7in en acil beklentimiz bu konuda yeni d\u00fczenlemeler yap\u0131lmas\u0131, \u00e7al\u0131\u015fma izinleri konusunda kolayl\u0131klar sunulmas\u0131 oldu. Bu konuda daha fazla ad\u0131m at\u0131lmas\u0131 i\u00e7in \u00e7al\u0131\u015fmalar\u0131m\u0131z\u0131 s\u00fcrd\u00fcrece\u011fiz. Sezonda ya\u015fanan rahatlama, sekt\u00f6r mensuplar\u0131m\u0131z\u0131 da mutlu edecek bir geli\u015fme oldu\u201d diye konu\u015ftu. Kalifiye yabanc\u0131 i\u015f g\u00fcc\u00fcne y\u00f6nelik \u00e7al\u0131\u015fmalar\u0131n\u0131n s\u00fcrd\u00fc\u011f\u00fcn\u00fc vurgulayan Ba\u015fkan Bahar, \u201c\u00c7al\u0131\u015fma ve Sosyal G\u00fcvenlik Bakanl\u0131\u011f\u0131 ile daha \u00f6nce yapt\u0131\u011f\u0131m\u0131z g\u00f6r\u00fc\u015fmeler neticesinde sekt\u00f6r\u00fcm\u00fczde ya\u015fanan sorunlar\u0131 birebir ifade etme f\u0131rsat\u0131 bulmu\u015ftuk. Gerekli dosyalar\u0131 Bakan Yard\u0131mc\u0131m\u0131za ileterek, talep ve \u00f6nerilerimizi de iletmi\u015ftik. As\u0131l talebimiz ATSO b\u00fcnyesinde bakanl\u0131\u011fa ba\u011fl\u0131 bir birim kurulmas\u0131 ve hatta Antalya\u2019da ger\u00e7ekle\u015ftirilecek bakanl\u0131k denetimlerinde olu\u015fturulacak ekipte Odam\u0131z\u0131n da yer almas\u0131n\u0131 istiyoruz\u201d dedi.<\/p>\n\n\n\n<p>Antalya Ticaret ve Sanayi Odas\u0131 \/ B\u00fclten<\/p>\n","protected":false},"excerpt":{"rendered":"<p>Antalya ekonomisinin lokomotifi turizmde ya\u015fanan ve kanayan yara haline gelen istihdam kriteri sorununun \u00e7\u00f6z\u00fcme ula\u015fmas\u0131 i\u00e7in sorunu her platformda dile getirdiklerini belirten Ba\u015fkan Ali Bahar, <a href=\"https:\/\/akdenizhaber.com.tr\/index.php\/2024\/02\/29\/baskan-ali-bahar-yabanci-istihdaminda-cabamiz-sonuc-verdi\/\" class=\"read-more-link\">[more&#8230;]<\/a><\/p>\n","protected":false},"author":2,"featured_media":21011,"comment_status":"open","ping_status":"open","sticky":false,"template":"","format":"standard","meta":{"footnotes":""},"categories":[2],"tags":[],"class_list":["post-21038","post","type-post","status-publish","format-standard","has-post-thumbnail","hentry","category-gundem"],"_links":{"self":[{"href":"https:\/\/akdenizhaber.com.tr\/index.php\/wp-json\/wp\/v2\/posts\/21038","targetHints":{"allow":["GET"]}}],"collection":[{"href":"https:\/\/akdenizhaber.com.tr\/index.php\/wp-json\/wp\/v2\/posts"}],"about":[{"href":"https:\/\/akdenizhaber.com.tr\/index.php\/wp-json\/wp\/v2\/types\/post"}],"author":[{"embeddable":true,"href":"https:\/\/akdenizhaber.com.tr\/index.php\/wp-json\/wp\/v2\/users\/2"}],"replies":[{"embeddable":true,"href":"https:\/\/akdenizhaber.com.tr\/index.php\/wp-json\/wp\/v2\/comments?post=21038"}],"version-history":[{"count":0,"href":"https:\/\/akdenizhaber.com.tr\/index.php\/wp-json\/wp\/v2\/posts\/21038\/revisions"}],"wp:featuredmedia":[{"embeddable":true,"href":"https:\/\/akdenizhaber.com.tr\/index.php\/wp-json\/wp\/v2\/media\/21011"}],"wp:attachment":[{"href":"https:\/\/akdenizhaber.com.tr\/index.php\/wp-json\/wp\/v2\/media?parent=21038"}],"wp:term":[{"taxonomy":"category","embeddable":true,"href":"https:\/\/akdenizhaber.com.tr\/index.php\/wp-json\/wp\/v2\/categories?post=21038"},{"taxonomy":"post_tag","embeddable":true,"href":"https:\/\/akdenizhaber.com.tr\/index.php\/wp-json\/wp\/v2\/tags?post=21038"}],"curies":[{"name":"wp","href":"https:\/\/api.w.org\/{rel}","templated":true}]}}