{"id":20967,"date":"2024-02-27T12:14:06","date_gmt":"2024-02-27T09:14:06","guid":{"rendered":"https:\/\/akdenizhaber.com.tr\/?p=20967"},"modified":"2024-02-27T12:14:06","modified_gmt":"2024-02-27T09:14:06","slug":"nostalji-tramvay-hattinda-calismalar-hizla-ilerliyor","status":"publish","type":"post","link":"https:\/\/akdenizhaber.com.tr\/index.php\/2024\/02\/27\/nostalji-tramvay-hattinda-calismalar-hizla-ilerliyor\/","title":{"rendered":"Nostalji tramvay hatt\u0131nda \u00e7al\u0131\u015fmalar h\u0131zla ilerliyor"},"content":{"rendered":"\n<p>Antalya B\u00fcy\u00fck\u015fehir Belediyesi, engelli vatanda\u015flar\u0131n Cumhuriyet Meydan\u0131&#8217;n\u0131 daha rahat kullanabilmeleri i\u00e7in nostalji tramvay hatt\u0131nda yo\u011fun bir \u00e7al\u0131\u015fma y\u00fcr\u00fct\u00fcyor. Mart Ay\u0131n\u0131n ilk haftas\u0131 tamamlanmas\u0131 planlanan projede kot fark\u0131 giderildi. Raylar\u0131n imalatlar\u0131 tamamlanarak \u00e7evre d\u00fczenlemesi ve kald\u0131r\u0131m \u00e7al\u0131\u015fmalar\u0131 ba\u015flad\u0131.<\/p>\n\n\n\n<p>Engelli bireylerin talepleri do\u011frultusunda harekete ge\u00e7en B\u00fcy\u00fck\u015fehir Belediyesi, Cumhuriyet Meydan\u0131 ile Selekler aras\u0131ndaki nostalj itramvay hatt\u0131nda raylar ile kald\u0131r\u0131mlar aras\u0131ndaki kot fark\u0131n\u0131 giderdi. Fen \u0130\u015fleri Dairesi Ba\u015fkanl\u0131\u011f\u0131 ekipleri 350 metrelik hatt\u0131n ray onar\u0131m\u0131n\u0131 tamamlayarak, \u00e7evre d\u00fczenlemesi ve kald\u0131r\u0131m imalatlar\u0131na ba\u015flad\u0131. Bu \u00e7al\u0131\u015fma ile meydan\u0131n engelli vatanda\u015flar taraf\u0131ndan daha rahat kullan\u0131labilmesine olanak sa\u011flan\u0131rken, Cumhuriyet Meydan\u0131&#8217;n\u0131n estetik g\u00f6r\u00fcn\u00fcm\u00fcn\u00fcn ve kullan\u0131labilirli\u011finin art\u0131r\u0131lmas\u0131 ama\u00e7lan\u0131yor.<\/p>\n\n\n\n<p>MART AYININ \u0130LK HAFTASI TAMAMLANACAK<\/p>\n\n\n\n<p>\u00c7al\u0131\u015fma kapsam\u0131nda Cumhuriyet Caddesi ile Selekler aras\u0131nda bulunan g\u00fcneydeki mevcut kald\u0131r\u0131mlar da yenilenecek. Ayr\u0131ca, 2 bin 100 metrekarelik meydan ve kald\u0131r\u0131m d\u00fczenlemesi yap\u0131lacak. \u00c7al\u0131\u015fmalar\u0131n Mart ay\u0131n\u0131n ilk haftas\u0131nda tamamlanmas\u0131 planlan\u0131yor.<\/p>\n\n\n\n<p>Antalya B\u00fcy\u00fck\u015fehir Belediyesi \/ B\u00fclten<\/p>\n","protected":false},"excerpt":{"rendered":"<p>Antalya B\u00fcy\u00fck\u015fehir Belediyesi, engelli vatanda\u015flar\u0131n Cumhuriyet Meydan\u0131&#8217;n\u0131 daha rahat kullanabilmeleri i\u00e7in nostalji tramvay hatt\u0131nda yo\u011fun bir \u00e7al\u0131\u015fma y\u00fcr\u00fct\u00fcyor. Mart Ay\u0131n\u0131n ilk haftas\u0131 tamamlanmas\u0131 planlanan projede <a href=\"https:\/\/akdenizhaber.com.tr\/index.php\/2024\/02\/27\/nostalji-tramvay-hattinda-calismalar-hizla-ilerliyor\/\" class=\"read-more-link\">[more&#8230;]<\/a><\/p>\n","protected":false},"author":2,"featured_media":20968,"comment_status":"open","ping_status":"open","sticky":false,"template":"","format":"standard","meta":{"footnotes":""},"categories":[2],"tags":[],"class_list":["post-20967","post","type-post","status-publish","format-standard","has-post-thumbnail","hentry","category-gundem"],"_links":{"self":[{"href":"https:\/\/akdenizhaber.com.tr\/index.php\/wp-json\/wp\/v2\/posts\/20967","targetHints":{"allow":["GET"]}}],"collection":[{"href":"https:\/\/akdenizhaber.com.tr\/index.php\/wp-json\/wp\/v2\/posts"}],"about":[{"href":"https:\/\/akdenizhaber.com.tr\/index.php\/wp-json\/wp\/v2\/types\/post"}],"author":[{"embeddable":true,"href":"https:\/\/akdenizhaber.com.tr\/index.php\/wp-json\/wp\/v2\/users\/2"}],"replies":[{"embeddable":true,"href":"https:\/\/akdenizhaber.com.tr\/index.php\/wp-json\/wp\/v2\/comments?post=20967"}],"version-history":[{"count":0,"href":"https:\/\/akdenizhaber.com.tr\/index.php\/wp-json\/wp\/v2\/posts\/20967\/revisions"}],"wp:featuredmedia":[{"embeddable":true,"href":"https:\/\/akdenizhaber.com.tr\/index.php\/wp-json\/wp\/v2\/media\/20968"}],"wp:attachment":[{"href":"https:\/\/akdenizhaber.com.tr\/index.php\/wp-json\/wp\/v2\/media?parent=20967"}],"wp:term":[{"taxonomy":"category","embeddable":true,"href":"https:\/\/akdenizhaber.com.tr\/index.php\/wp-json\/wp\/v2\/categories?post=20967"},{"taxonomy":"post_tag","embeddable":true,"href":"https:\/\/akdenizhaber.com.tr\/index.php\/wp-json\/wp\/v2\/tags?post=20967"}],"curies":[{"name":"wp","href":"https:\/\/api.w.org\/{rel}","templated":true}]}}