{"id":20964,"date":"2024-02-27T12:12:47","date_gmt":"2024-02-27T09:12:47","guid":{"rendered":"https:\/\/akdenizhaber.com.tr\/?p=20964"},"modified":"2024-02-27T12:12:47","modified_gmt":"2024-02-27T09:12:47","slug":"varsakin-kalbine-meydan","status":"publish","type":"post","link":"https:\/\/akdenizhaber.com.tr\/index.php\/2024\/02\/27\/varsakin-kalbine-meydan\/","title":{"rendered":"Varsak\u2019\u0131n kalbine meydan"},"content":{"rendered":"\n<p>Kepez Belediye Ba\u015fkan\u0131 Hakan T\u00fct\u00fcnc\u00fc\u2019n\u00fcn, eser belediyecili\u011finin bir projesi daha il\u00e7e sakinleriyle bulu\u015fuyor. \u0130\u00e7erisinde ta\u015f mimaride millet k\u0131raathanesi ile 80 adet \u00e7\u0131nar a\u011fac\u0131n\u0131n bulundu\u011fu Varsak kent meydan\u0131 d\u00fczenlemesinin yap\u0131m\u0131nda sona gelindi.<\/p>\n\n\n\n<p>Kepez Belediye Ba\u015fkan\u0131 ve Cumhur \u0130ttifak\u0131 Antalya B\u00fcy\u00fck\u015fehir Belediye Ba\u015fkan aday\u0131 Hakan T\u00fct\u00fcnc\u00fc, &nbsp;Varsak semtine de\u011fer kazand\u0131ran kal\u0131c\u0131 yat\u0131r\u0131mlar\u0131n\u0131 kent meydan\u0131 d\u00fczenlemesiyle ta\u00e7land\u0131r\u0131yor.<br>\u00c7evresinde Adnan Menderes Kapal\u0131 Olimpik Y\u00fczme Havuzu, kre\u015f, g\u00fcre\u015f sahas\u0131, spor salonu, Hamza Ta\u015f Bulvar\u0131 ve Ahmet Hamdi Tanp\u0131nar K\u00fclt\u00fcr Merkezi gibi eserlerin yap\u0131ld\u0131\u011f\u0131 eski belediye binas\u0131n\u0131n bah\u00e7esi millet k\u0131raathaneli meydan oluyor.&nbsp;<\/p>\n\n\n\n<p>&nbsp;BELED\u0130YE BAH\u00c7ES\u0130NE MEYDAN PROJES\u0130<\/p>\n\n\n\n<p>Meydan d\u00fczenlemesi, 1973\u2019te belediye olan ve b\u00fcy\u00fck\u015fehir yasas\u0131 ile 2009 mahalli idareler se\u00e7iminden sonra Kepez Belediyesi ile birle\u015ftirilen Varsak Belediyesi\u2019nin bah\u00e7esine yap\u0131l\u0131yor.<br>Kepez Belediyesi, eski Varsak Belediye binas\u0131 ile sosyal tesislerin bulundu\u011fu ve uzun y\u0131llar at\u0131l halde kalan 5 bin metrekarelik (m2) alan\u0131, ilk olarak 2013\u2019te ye\u015fil alan d\u00fczenlemi\u015fti.<br>Bah\u00e7e i\u00e7erisinde yer alan ve eski Varsak Belediyesi taraf\u0131ndan d\u00fc\u011f\u00fcn salonu olarak yap\u0131lan ancak \u00e7\u00fcr\u00fcmeye terk edilen bina da, 2012\u2019de ger\u00e7ekle\u015ftirilen tadilat \u00e7al\u0131\u015fmas\u0131yla 150 ki\u015filik butik k\u00fclt\u00fcr merkezine d\u00f6n\u00fc\u015ft\u00fcr\u00fcld\u00fc.<br>Belediye Meclisi karar\u0131yla &nbsp;salona T\u00fcrk edebiyat\u0131n\u0131n usta&nbsp;ismi, \u015fair ve yazar Ahmet Hamdi Tanp\u0131nar\u2019\u0131n isminin verildi.<\/p>\n\n\n\n<p>VARSAK\u2019A M\u0130LLET KIRAATHANES\u0130<\/p>\n\n\n\n<p>Kepez Belediyesi, b\u00f6lge sakinlerinin bulu\u015fma ve dinlenme noktas\u0131 olan eski belediye bah\u00e7esini, i\u00e7erisinde millet k\u0131raathanesinin oldu\u011fu butik bir kent meydan\u0131 projesiyle yeniden d\u00fczenleme karar\u0131 ald\u0131.<br>Proje kapsam\u0131nda, bah\u00e7ede yer alan yap\u0131 ve hizmet \u00f6mr\u00fcn\u00fc tamamlayan belediye hizmet binas\u0131 ile sosyal tesis y\u0131k\u0131larak kald\u0131r\u0131ld\u0131<br>Y\u00fcklenici firma taraf\u0131ndan ge\u00e7ti\u011fimiz aylarda yap\u0131m\u0131na ba\u015flan\u0131lan meydan projesinin merkezinde ta\u015f mimarideki millet k\u0131raathanesi bulunuyor.<\/p>\n\n\n\n<p>KIRAATHANEYE D\u00dc\u011eMEL\u0130 EV TASARIMI<\/p>\n\n\n\n<p>B\u00f6lge sakinlerine \u00e7\u0131nar a\u011fa\u00e7lar\u0131n\u0131n g\u00f6lgesinde demli bir \u00e7ay e\u015fli\u011finde kitap, gazete okuma ve sohbet etme imk\u00e2n\u0131 sunacak olan ta\u015f k\u0131raathane Akseki D\u00fc\u011fmeli Evler ile Sel\u00e7uklu mimarisinde tasarland\u0131. Mimari tasar\u0131m\u0131yla ziyaret\u00e7ilerini ge\u00e7mi\u015fi g\u00f6t\u00fcrecek olan k\u0131raathanenin duvarlar\u0131, Mimar Sinan\u2019\u0131n memleketi Kayseri\u2019den gelen ta\u015f ustalar\u0131 taraf\u0131ndan do\u011fal ta\u015fla \u00f6r\u00fcld\u00fc.&nbsp; Yap\u0131m\u0131 tamamlanan millet k\u0131raathanesinin 200 m2 kullan\u0131m alan\u0131 bulunuyor.&nbsp; Ta\u015f k\u0131raathanenin 900 m2 olan bah\u00e7esinin zeminin kaplamas\u0131nda ise traverten ta\u015f kullan\u0131ld\u0131.<\/p>\n\n\n\n<p>\u00c7INAR A\u011eA\u00c7LARI KORUNDU<br>Meydan d\u00fczenlemesinde, eski Varsak Belediyesinin hat\u0131ras\u0131 olan 80\u2019e yak\u0131n \u00e7\u0131kar a\u011fac\u0131 ile di\u011fer a\u011falar\u0131n tamam\u0131 korunurken, 2013\u2019te yap\u0131lan f\u0131skiyeli havuz da bah\u00e7eyi g\u00fczelle\u015ftirmeye devam edecek.&nbsp;<br>Proje kapsam\u0131nda millet k\u0131raathanesi d\u0131\u015f\u0131nda kalan b\u00f6l\u00fcmler \u00e7imlendirecek ve \u00e7e\u015fitli s\u00fcs bitkileri dikilecek.<br>Meydanda, oturma mobilyalar\u0131, y\u00fcr\u00fcy\u00fc\u015f yollar\u0131, a\u00e7\u0131k hava spor aletleri ile ve \u00e7ocuk oyun park\u0131 da olacak.<\/p>\n\n\n\n<p>VARSAK MEYDANI YAKINDA A\u00c7ILIYOR<\/p>\n\n\n\n<p>Ta\u015f k\u0131raathanenin yap\u0131m\u0131n\u0131n tamamland\u0131\u011f\u0131n\u0131, peyzaj \u00e7al\u0131\u015fmas\u0131nda sona gelindi\u011fini belirten Kepez Belediyesi Park ve Bah\u00e7eler M\u00fcd\u00fcrl\u00fc\u011f\u00fc yetkilileri,&nbsp; Varsak Kent Meydan\u0131\u2019n\u0131n \u00f6n\u00fcm\u00fczdeki g\u00fcnlerde hizmete a\u00e7\u0131laca\u011f\u0131n\u0131 dile getirdiler. Y\u0131k\u0131m\u0131 yap\u0131lan binada yer alan belediye vezneleri, Ahmet Hamdi Tanp\u0131nar K\u00fclt\u00fcr Merkezi\u2019nde hizmet vermeye devam ediyor.<br>Bah\u00e7ede bulunan otomatik para \u00f6deme makineleri de (ATM)&nbsp; meydan d\u00fczenlemesi tamamland\u0131ktan sonra alanda yerini alacak.<\/p>\n\n\n\n<p>SOSYAL YA\u015eAM ALANI OLACAK<\/p>\n\n\n\n<p>Varsak meydan d\u00fczenlemesi, Hamza Ta\u015f Bulvar\u0131 ile Cumhuriyet Caddesi aras\u0131nda eski belediye bah\u00e7esinde ger\u00e7ekle\u015ftiriliyor. Bu alan\u0131n \u00e7evresinde cami, mezarl\u0131k, okullar, k\u00fclt\u00fcr merkezi ve bulvar yollar bulunuyor. Bu bak\u0131mdan kent meydan\u0131 d\u00fczenlemesi b\u00f6lgenin sosyal aktivite, dinlenme, bulu\u015fma ihtiyac\u0131na cevap vermesi ad\u0131na \u00f6nemli bir yat\u0131r\u0131m olacak.<\/p>\n\n\n\n<p>\u201c MEYDAN, VARSAK\u2019IN DE\u011eER\u0130NE DE\u011eER KATACAK\u201d<\/p>\n\n\n\n<p>Ba\u015fkan Hakan T\u00fct\u00fcnc\u00fc de, meydan d\u00fczenlemesiyle eski Varsak Belediyesi\u2019nin nice hat\u0131ralar\u0131n\u0131n oldu\u011fu bah\u00e7esini gelece\u011fe ta\u015f\u0131d\u0131klar\u0131n\u0131 s\u00f6yledi. Meydan projesinin Varsak semtinin de\u011ferine de\u011fer kataca\u011f\u0131na i\u015faret eden Ba\u015fkan T\u00fct\u00fcnc\u00fc, \u201cProjenin yap\u0131m\u0131nda Varsak Belediyesinin hat\u0131ras\u0131 olan \u00e7\u0131nar a\u011fa\u00e7lar\u0131na da sahip \u00e7\u0131k\u0131yoruz. Varsakl\u0131 hem\u015fehrilemiz,&nbsp; bu \u00e7\u0131nar a\u011fa\u00e7lar\u0131n\u0131n g\u00f6lgesinde, millet k\u0131raathanelerinde g\u00fczel bir vakti, sohbeti payla\u015fmaya devam edecekler.\u201d a\u00e7\u0131klamas\u0131n\u0131 yapt\u0131.<br>Kepez Belediyesi, Cumhurba\u015fkan\u0131 Recep Tayyip Erdo\u011fan\u2019\u0131n projesi olan Millet K\u0131raathanesi\u2019ni \u00f6nceki y\u0131llarda Kepez Kent Meydan\u0131\u2019nda a\u00e7m\u0131\u015ft\u0131. &nbsp;&nbsp;<br>Yeni Mahalle\u2019deki 47 bin m2 b\u00fcy\u00fckl\u00fc\u011f\u00fcndeki Kepez Kent Meydan\u0131 i\u00e7erisindeki 180 m2\u2019lik bina Millet K\u0131raathanesi\u2019ne d\u00f6n\u00fc\u015ft\u00fcr\u00fclm\u00fc\u015ft\u00fc.<\/p>\n\n\n\n<p>Kepez Belediyesi \/ B\u00fclten<\/p>\n","protected":false},"excerpt":{"rendered":"<p>Kepez Belediye Ba\u015fkan\u0131 Hakan T\u00fct\u00fcnc\u00fc\u2019n\u00fcn, eser belediyecili\u011finin bir projesi daha il\u00e7e sakinleriyle bulu\u015fuyor. \u0130\u00e7erisinde ta\u015f mimaride millet k\u0131raathanesi ile 80 adet \u00e7\u0131nar a\u011fac\u0131n\u0131n bulundu\u011fu Varsak <a href=\"https:\/\/akdenizhaber.com.tr\/index.php\/2024\/02\/27\/varsakin-kalbine-meydan\/\" class=\"read-more-link\">[more&#8230;]<\/a><\/p>\n","protected":false},"author":2,"featured_media":20965,"comment_status":"open","ping_status":"open","sticky":false,"template":"","format":"standard","meta":{"footnotes":""},"categories":[2],"tags":[],"class_list":["post-20964","post","type-post","status-publish","format-standard","has-post-thumbnail","hentry","category-gundem"],"_links":{"self":[{"href":"https:\/\/akdenizhaber.com.tr\/index.php\/wp-json\/wp\/v2\/posts\/20964","targetHints":{"allow":["GET"]}}],"collection":[{"href":"https:\/\/akdenizhaber.com.tr\/index.php\/wp-json\/wp\/v2\/posts"}],"about":[{"href":"https:\/\/akdenizhaber.com.tr\/index.php\/wp-json\/wp\/v2\/types\/post"}],"author":[{"embeddable":true,"href":"https:\/\/akdenizhaber.com.tr\/index.php\/wp-json\/wp\/v2\/users\/2"}],"replies":[{"embeddable":true,"href":"https:\/\/akdenizhaber.com.tr\/index.php\/wp-json\/wp\/v2\/comments?post=20964"}],"version-history":[{"count":0,"href":"https:\/\/akdenizhaber.com.tr\/index.php\/wp-json\/wp\/v2\/posts\/20964\/revisions"}],"wp:featuredmedia":[{"embeddable":true,"href":"https:\/\/akdenizhaber.com.tr\/index.php\/wp-json\/wp\/v2\/media\/20965"}],"wp:attachment":[{"href":"https:\/\/akdenizhaber.com.tr\/index.php\/wp-json\/wp\/v2\/media?parent=20964"}],"wp:term":[{"taxonomy":"category","embeddable":true,"href":"https:\/\/akdenizhaber.com.tr\/index.php\/wp-json\/wp\/v2\/categories?post=20964"},{"taxonomy":"post_tag","embeddable":true,"href":"https:\/\/akdenizhaber.com.tr\/index.php\/wp-json\/wp\/v2\/tags?post=20964"}],"curies":[{"name":"wp","href":"https:\/\/api.w.org\/{rel}","templated":true}]}}