{"id":20955,"date":"2024-02-26T12:14:08","date_gmt":"2024-02-26T09:14:08","guid":{"rendered":"https:\/\/akdenizhaber.com.tr\/?p=20955"},"modified":"2024-02-26T12:14:08","modified_gmt":"2024-02-26T09:14:08","slug":"namik-karamanci-fen-lisesi-tubitak-yarismasinda-zirvede","status":"publish","type":"post","link":"https:\/\/akdenizhaber.com.tr\/index.php\/2024\/02\/26\/namik-karamanci-fen-lisesi-tubitak-yarismasinda-zirvede\/","title":{"rendered":"Nam\u0131k Karamanc\u0131 Fen Lisesi T\u00dcB\u0130TAK Yar\u0131\u015fmas\u0131nda Zirvede!"},"content":{"rendered":"\n<p>\u0130l\u00e7emizin g\u00f6zde okullar\u0131ndan Nam\u0131k Karamanc\u0131 Fen Lisesi, \u00fclke \u00e7ap\u0131nda d\u00fczenlenen T\u00dcB\u0130TAK 2204-A yar\u0131\u015fmas\u0131yla ad\u0131n\u0131 bir kez daha zirveye yazd\u0131rd\u0131. Okul, yar\u0131\u015fma kapsam\u0131nda 4 projesiyle il\u00e7ede ilk s\u0131ray\u0131 alarak b\u00fcy\u00fck bir ba\u015far\u0131ya imza att\u0131.<\/p>\n\n\n\n<p>Proje ve tasar\u0131m uygulamalar\u0131 \u00f6\u011fretmeni Sava\u015f Zafer G\u00fcler ile Almanca \u00f6\u011fretmeni Esra Yonca Karada\u011f \u015eahin&#8217;in dan\u0131\u015fmanl\u0131\u011f\u0131nda haz\u0131rlanan projeler, akademik alanda da b\u00fcy\u00fck ses getirdi.<\/p>\n\n\n\n<p>Projeler:<\/p>\n\n\n\n<p>1- Dar Alan Eri\u015fimli, Yavru Mod\u00fcll\u00fc Ak\u0131ll\u0131 Robot S\u00fcp\u00fcrge:<\/p>\n\n\n\n<p>Ev kullan\u0131c\u0131lar\u0131n\u0131n ek s\u00fcp\u00fcrme kullanma ihtiyac\u0131n\u0131 ortadan kald\u0131r\u0131p etkili bir temizlik i\u00e7in tasarlanm\u0131\u015ft\u0131r.<\/p>\n\n\n\n<p>2- Y\u00fcksek Hassasiyetli, D\u00fc\u015f\u00fck Maliyetli Fiber Optik Jiroskopik Kuantum Sens\u00f6r\u00fc Geli\u015ftirilerek Kuantum Pusulas\u0131 Yap\u0131m\u0131nda Kullan\u0131lmas\u0131:<\/p>\n\n\n\n<p>Kuantum pusulas\u0131 geli\u015ftirilmesi ve kuantum sens\u00f6rlerin yerli \u00fcretimi sa\u011flanarak savunma sanayiinde kullan\u0131labilecek faydal\u0131 \u00fcr\u00fcnler elde edilmesi i\u00e7in yar\u0131-kuantum pusulas\u0131 yap\u0131lm\u0131\u015ft\u0131r.<\/p>\n\n\n\n<p>&nbsp;3- Borofen Sentezi ve Sentezlenen Borofenin Hidrojen Depolama Kapasitesinin Kuvars Kristal Mikrobalans Y\u00f6ntemiyle Tespit Edilmesi:<\/p>\n\n\n\n<p>Borofeni sentezlemek, borofenin hidrojen depolama kapasitesini incelemek gibi ama\u00e7larla yap\u0131lm\u0131\u015ft\u0131r.<\/p>\n\n\n\n<p>4- Mikroak\u0131\u015fkan \u00c7ip \u00dczerinde \u0130nsan Kan-Beyin Bariyerinin Modellenmesi, Ye\u015fil Sentez Kuantum Noktalar\u0131n Ge\u00e7i\u015finin ve Toksisitesinin Ara\u015ft\u0131r\u0131lmas\u0131:<\/p>\n\n\n\n<p>HBMEC (insan beyin mikrovask\u00fcler endotel h\u00fccreleri) kullanarak mikroak\u0131\u015fkan \u00e7ipe entegre membran \u00fczerinde kan beyin bariyerini (KBB) modellemek; mikroak\u0131\u015fkan \u00e7ipler arac\u0131l\u0131\u011f\u0131yla karbon kuantum noktalar\u0131n (KKN) HBMEC \u00fczerindeki etkilerini ara\u015ft\u0131rmak ve ye\u015fil sentez KKN\u2019lerin kan beyin bariyer ge\u00e7irgenli\u011fi \u00fczerindeki potansiyelini ve toksisitesini ara\u015ft\u0131rmak i\u00e7in yap\u0131lan deneysel \u00e7al\u0131\u015fmad\u0131r.<\/p>\n\n\n\n<p>Hem \u00f6\u011frencilerin hem de \u00f6\u011fretmenlerin yo\u011fun emek ve gayretleriyle ortaya \u00e7\u0131kan bu zafere t\u00fcm okul camias\u0131 gururla \u015fahit olurken, Okul M\u00fcd\u00fcr\u00fc Hasan K\u00f6k\u00e7\u00fc bu \u00f6nemli ba\u015far\u0131yla ilgili yapt\u0131\u011f\u0131 a\u00e7\u0131klamada, &#8220;\u00d6\u011frencilerimizin, \u00f6\u011fretmenlerimizin ve okulumuzun isminin bu \u015fekilde duyurulmas\u0131 gurur verici. T\u00dcB\u0130TAK &nbsp;2204-A Lise \u00d6\u011frencileri Ara\u015ft\u0131rma Projeleri Yar\u0131\u015fmas\u0131na topyek\u00fcn bir \u00e7al\u0131\u015fma ve motivasyon ile 49 ba\u015fvuru yapt\u0131k. Ve 4 ba\u015fvurumuz Konya B\u00f6lge Sergisine kat\u0131lmaya hak kazand\u0131. Bu ba\u015far\u0131, zorlu s\u00fcre\u00e7lerden ge\u00e7erek emek veren herkesin ortak ba\u015far\u0131s\u0131d\u0131r. &#8220;Zafer, zafer benimdir diyebilenindir. Ba\u015far\u0131 ise, \u201cba\u015faraca\u011f\u0131m\u201d diye ba\u015flayarak sonunda \u201cba\u015fard\u0131m\u201d diyebilenindir.&#8221; Mustafa Kemal Atat\u00fcrk\u2019 \u00fcn s\u00f6z\u00fcndeki gibi Okulumuzun&nbsp; elde etti\u011fi bu zafer, \u00f6zverili \u00e7al\u0131\u015fman\u0131n, azmin ve kararl\u0131l\u0131\u011f\u0131n en g\u00fczel \u00f6rneklerinden biri oldu. \u00d6\u011frencilerimizin azmi ve \u00f6\u011fretmenlerimizin destekleriyle gelece\u011fe umutla bak\u0131yoruz&#8221; dedi.<\/p>\n\n\n\n<p>Haber Merkezi<\/p>\n","protected":false},"excerpt":{"rendered":"<p>\u0130l\u00e7emizin g\u00f6zde okullar\u0131ndan Nam\u0131k Karamanc\u0131 Fen Lisesi, \u00fclke \u00e7ap\u0131nda d\u00fczenlenen T\u00dcB\u0130TAK 2204-A yar\u0131\u015fmas\u0131yla ad\u0131n\u0131 bir kez daha zirveye yazd\u0131rd\u0131. Okul, yar\u0131\u015fma kapsam\u0131nda 4 projesiyle il\u00e7ede <a href=\"https:\/\/akdenizhaber.com.tr\/index.php\/2024\/02\/26\/namik-karamanci-fen-lisesi-tubitak-yarismasinda-zirvede\/\" class=\"read-more-link\">[more&#8230;]<\/a><\/p>\n","protected":false},"author":2,"featured_media":20956,"comment_status":"open","ping_status":"open","sticky":false,"template":"","format":"standard","meta":{"footnotes":""},"categories":[2],"tags":[],"class_list":["post-20955","post","type-post","status-publish","format-standard","has-post-thumbnail","hentry","category-gundem"],"_links":{"self":[{"href":"https:\/\/akdenizhaber.com.tr\/index.php\/wp-json\/wp\/v2\/posts\/20955","targetHints":{"allow":["GET"]}}],"collection":[{"href":"https:\/\/akdenizhaber.com.tr\/index.php\/wp-json\/wp\/v2\/posts"}],"about":[{"href":"https:\/\/akdenizhaber.com.tr\/index.php\/wp-json\/wp\/v2\/types\/post"}],"author":[{"embeddable":true,"href":"https:\/\/akdenizhaber.com.tr\/index.php\/wp-json\/wp\/v2\/users\/2"}],"replies":[{"embeddable":true,"href":"https:\/\/akdenizhaber.com.tr\/index.php\/wp-json\/wp\/v2\/comments?post=20955"}],"version-history":[{"count":0,"href":"https:\/\/akdenizhaber.com.tr\/index.php\/wp-json\/wp\/v2\/posts\/20955\/revisions"}],"wp:featuredmedia":[{"embeddable":true,"href":"https:\/\/akdenizhaber.com.tr\/index.php\/wp-json\/wp\/v2\/media\/20956"}],"wp:attachment":[{"href":"https:\/\/akdenizhaber.com.tr\/index.php\/wp-json\/wp\/v2\/media?parent=20955"}],"wp:term":[{"taxonomy":"category","embeddable":true,"href":"https:\/\/akdenizhaber.com.tr\/index.php\/wp-json\/wp\/v2\/categories?post=20955"},{"taxonomy":"post_tag","embeddable":true,"href":"https:\/\/akdenizhaber.com.tr\/index.php\/wp-json\/wp\/v2\/tags?post=20955"}],"curies":[{"name":"wp","href":"https:\/\/api.w.org\/{rel}","templated":true}]}}