{"id":20952,"date":"2024-02-26T12:13:25","date_gmt":"2024-02-26T09:13:25","guid":{"rendered":"https:\/\/akdenizhaber.com.tr\/?p=20952"},"modified":"2024-02-26T12:13:25","modified_gmt":"2024-02-26T09:13:25","slug":"kent-konseyi-baskani-gunkafta-genclerle-bulustu","status":"publish","type":"post","link":"https:\/\/akdenizhaber.com.tr\/index.php\/2024\/02\/26\/kent-konseyi-baskani-gunkafta-genclerle-bulustu\/","title":{"rendered":"Kent Konseyi Ba\u015fkan\u0131 G\u00dcNKAF\u2019ta gen\u00e7lerle bulu\u015ftu"},"content":{"rendered":"\n<p>Cumhurba\u015fkanl\u0131\u011f\u0131 \u0130nsan Kaynaklar\u0131 Ofisi koordinasyonunda Akdeniz \u00dcniversitesi\u2019nin ev sahipli\u011finde 12 \u00fcniversitenin deste\u011fiyle d\u00fczenlenen G\u00fcney Kariyer Fuar\u0131\u2019n\u0131n (G\u00dcNKAF) ikinci g\u00fcn\u00fc etkinlikleri kapsam\u0131nda Antalya Kent Konseyi Ba\u015fkan\u0131 Sema Nur Kurt gen\u00e7lerle bulu\u015ftu.<\/p>\n\n\n\n<p>AKDEN\u0130Z \u00dcN\u0130VERS\u0130TES\u0130 HER DA\u0130M DESTEK\u00c7\u0130M\u0130Z<\/p>\n\n\n\n<p>Mimar Sinan Kongre ve Sergi Merkezi\u2019nde ger\u00e7ekle\u015fen etkinlikte konu\u015fan Ba\u015fkan Kurt Antalya Kent konseyini tan\u0131tan bir sunum ve konu\u015fma ger\u00e7ekle\u015ftirdi. Akdeniz \u00dcniversitesi\u2019nin ve Rekt\u00f6r Prof. Dr. \u00d6zlenen \u00d6zkan\u2019\u0131n her daim desteklerini yak\u0131ndan hissettiklerini dile getiren Ba\u015fkan Kurt, \u201cKamp\u00fcs\u00fcm\u00fcz\u00fcn kap\u0131lar\u0131 bizlere her zaman a\u00e7\u0131k oldu. \u00c7al\u0131\u015fmalar\u0131m\u0131za her zaman destek olundu. Akdeniz \u00dcniversitesi gen\u00e7lerimize ula\u015fmada bizlere k\u00f6pr\u00fc oluyor. Bu bizler i\u00e7in \u00e7ok \u00f6nemli. \u00c7\u00fcnk\u00fc gen\u00e7ler bizim yar\u0131nlar\u0131m\u0131z. Gelece\u011fi onlar in\u015fa edecek. Kentimizi onlar g\u00fczelle\u015ftirecek. Gen\u00e7li\u011fin oldu\u011fu yerde hareket var, \u00fcmit var. Onun i\u00e7in \u00dcniversitemizin deste\u011fini \u00e7ok \u00f6nemsiyoruz.\u201d diye konu\u015ftu.<\/p>\n\n\n\n<p>Y\u00d6NET\u0130ME HALKIN KATILIMINI SA\u011eLAMAK AMACINDAYIZ<\/p>\n\n\n\n<p>Ba\u015fkan Kurt, Antalya Kent Konseyi\u2019nin yerel y\u00f6netimlere ve karar alma s\u00fcre\u00e7lerine halk\u0131n kat\u0131l\u0131m\u0131n\u0131 sa\u011flamak, Kentin kalk\u0131nma, geli\u015fim ve eylem planlar\u0131n\u0131n hayata ge\u00e7irilmesini sa\u011flamak, Yerel demokrasinin geli\u015fim ve yerle\u015fimine katk\u0131da bulunmak, s\u00fcrd\u00fcr\u00fclebilir kalk\u0131nma ve s\u00fcrd\u00fcr\u00fclebilir kent yaratmak amac\u0131 ile kuruldu\u011funu ifade etti.<\/p>\n\n\n\n<p>Halk\u0131n yerel y\u00f6netimlere kat\u0131lma al\u0131\u015fkanl\u0131\u011f\u0131n\u0131n kazand\u0131r\u0131lmas\u0131n\u0131n, tabanda demokratik k\u00fclt\u00fcr\u00fcn, kentlilik bilinci ve sorumlulu\u011funun geli\u015ftirilmesi y\u00f6n\u00fcnden b\u00fcy\u00fck \u00f6nem ta\u015f\u0131d\u0131\u011f\u0131n\u0131 belirten Ba\u015fkan Kurt, \u201cAntalya Kent Konseyi, B\u00fcy\u00fck\u015fehir Belediyesi\u2019nin giri\u015fimi ile 3 Mart 1997&#8217;de; kentteki kamu kurum-kurulu\u015flar\u0131, dernekler vak\u0131flar, meslek kurulu\u015flar\u0131 siyasi partiler, \u00fcniversite ve sivil toplum \u00f6rg\u00fctlerini bir araya getiren yap\u0131s\u0131yla kentin en geni\u015f kat\u0131l\u0131ml\u0131 platformunu olu\u015fturmu\u015ftur. Kent y\u00f6netiminde yeni bir yakla\u015f\u0131m\u0131, kat\u0131l\u0131mc\u0131 yerel y\u00f6netim sistemini geli\u015ftirme gibi \u00e7ok \u00f6nemli bir i\u015flev \u00fcstlenmi\u015f bulunmaktad\u0131r.Kent Konseyi, kentin g\u00fcncel sorunlar\u0131 ile ilgilenme yan\u0131nda; kentleri 21. Y\u00fczy\u0131la haz\u0131rlayacak politikalar\u0131n belirlenmesini, s\u00fcrd\u00fcr\u00fclebilir kent kavram\u0131 i\u00e7inde ger\u00e7ekle\u015ftirmeyi ama\u00e7larken, ayn\u0131 zamanda yerel demokratikle\u015fme k\u00fclt\u00fcr\u00fcn\u00fc yaymay\u0131, kentlilik bilincini geli\u015ftirme hedefini de g\u00fctmekte, demokratik yap\u0131lanma bi\u00e7imleri ile kentin en&nbsp;geni\u015f&nbsp;kat\u0131l\u0131ml\u0131&nbsp; platformudur.\u201d dedi.<\/p>\n\n\n\n<p>Program sonunda Akdeniz \u00dcniversitesi Rekt\u00f6r\u00fc Prof. Dr. \u00d6zlenen \u00d6zkan, sunum ve konu\u015fmalar\u0131ndan dolay\u0131 Antalya Kent Konseyi Ba\u015fkan\u0131 Sema Nur Kurt\u2019a te\u015fekk\u00fcr ederek plaket takdiminde bulundu.<\/p>\n\n\n\n<p>Akdeniz \u00dcniversitesi Rekt\u00f6rl\u00fc\u011f\u00fc \/ B\u00fclten<\/p>\n","protected":false},"excerpt":{"rendered":"<p>Cumhurba\u015fkanl\u0131\u011f\u0131 \u0130nsan Kaynaklar\u0131 Ofisi koordinasyonunda Akdeniz \u00dcniversitesi\u2019nin ev sahipli\u011finde 12 \u00fcniversitenin deste\u011fiyle d\u00fczenlenen G\u00fcney Kariyer Fuar\u0131\u2019n\u0131n (G\u00dcNKAF) ikinci g\u00fcn\u00fc etkinlikleri kapsam\u0131nda Antalya Kent Konseyi Ba\u015fkan\u0131 <a href=\"https:\/\/akdenizhaber.com.tr\/index.php\/2024\/02\/26\/kent-konseyi-baskani-gunkafta-genclerle-bulustu\/\" class=\"read-more-link\">[more&#8230;]<\/a><\/p>\n","protected":false},"author":2,"featured_media":20953,"comment_status":"open","ping_status":"open","sticky":false,"template":"","format":"standard","meta":{"footnotes":""},"categories":[2],"tags":[],"class_list":["post-20952","post","type-post","status-publish","format-standard","has-post-thumbnail","hentry","category-gundem"],"_links":{"self":[{"href":"https:\/\/akdenizhaber.com.tr\/index.php\/wp-json\/wp\/v2\/posts\/20952","targetHints":{"allow":["GET"]}}],"collection":[{"href":"https:\/\/akdenizhaber.com.tr\/index.php\/wp-json\/wp\/v2\/posts"}],"about":[{"href":"https:\/\/akdenizhaber.com.tr\/index.php\/wp-json\/wp\/v2\/types\/post"}],"author":[{"embeddable":true,"href":"https:\/\/akdenizhaber.com.tr\/index.php\/wp-json\/wp\/v2\/users\/2"}],"replies":[{"embeddable":true,"href":"https:\/\/akdenizhaber.com.tr\/index.php\/wp-json\/wp\/v2\/comments?post=20952"}],"version-history":[{"count":0,"href":"https:\/\/akdenizhaber.com.tr\/index.php\/wp-json\/wp\/v2\/posts\/20952\/revisions"}],"wp:featuredmedia":[{"embeddable":true,"href":"https:\/\/akdenizhaber.com.tr\/index.php\/wp-json\/wp\/v2\/media\/20953"}],"wp:attachment":[{"href":"https:\/\/akdenizhaber.com.tr\/index.php\/wp-json\/wp\/v2\/media?parent=20952"}],"wp:term":[{"taxonomy":"category","embeddable":true,"href":"https:\/\/akdenizhaber.com.tr\/index.php\/wp-json\/wp\/v2\/categories?post=20952"},{"taxonomy":"post_tag","embeddable":true,"href":"https:\/\/akdenizhaber.com.tr\/index.php\/wp-json\/wp\/v2\/tags?post=20952"}],"curies":[{"name":"wp","href":"https:\/\/api.w.org\/{rel}","templated":true}]}}