{"id":20925,"date":"2024-02-26T12:06:20","date_gmt":"2024-02-26T09:06:20","guid":{"rendered":"https:\/\/akdenizhaber.com.tr\/?p=20925"},"modified":"2024-02-26T12:06:21","modified_gmt":"2024-02-26T09:06:21","slug":"geyikciden-govde-gosterisi","status":"publish","type":"post","link":"https:\/\/akdenizhaber.com.tr\/index.php\/2024\/02\/26\/geyikciden-govde-gosterisi\/","title":{"rendered":"Geyik\u00e7i\u2019den g\u00f6vde g\u00f6sterisi"},"content":{"rendered":"\n<p>Cumhuriyet Halk Partisi (CHP) Finike Belediye Ba\u015fkan aday\u0131 ve mevcut Belediye Ba\u015fkan\u0131 Mustafa Geyik\u00e7i, Se\u00e7im Koordinasyon Merkezi\u2019nin a\u00e7\u0131l\u0131\u015f\u0131n\u0131 ger\u00e7ekle\u015ftirdi. Mevcut Antalya B\u00fcy\u00fck\u015fehir Ba\u015fkan\u0131 ve Ba\u015fkan aday\u0131 Muhittin B\u00f6cek\u2019in kat\u0131l\u0131m\u0131yla yap\u0131lan a\u00e7\u0131l\u0131\u015f t\u00f6reninde Ba\u015fkan Geyik\u00e7i, g\u00f6vde g\u00f6sterisi yapt\u0131.<\/p>\n\n\n\n<p>CHP Antalya \u0130l Ba\u015fkan\u0131 Nail Kamac\u0131, Milletvekilleri Cavit Ar\u0131 ve Aliye \u00c7o\u015far, \u0130l\u00e7e Ba\u015fkan\u0131 Uygar \u00c7arban, Kumluca Belediye Ba\u015fkan\u0131 Mustafa K\u00f6leo\u011flu, mevcut Belediye Meclis \u00dcyeleri ve Meclis \u00dcyesi adaylar\u0131, muhtarlar ve Finikeli vatanda\u015flar\u0131n kat\u0131l\u0131m\u0131yla ger\u00e7ekle\u015ftirilen a\u00e7\u0131l\u0131\u015f t\u00f6reni Ba\u015fkan Mustafa Geyik\u00e7i\u2019nin g\u00f6vde g\u00f6sterisine d\u00f6n\u00fc\u015ft\u00fc.<\/p>\n\n\n\n<p>B\u00f6cek y\u00fczlerce ara\u00e7l\u0131k konvoy ile kar\u015f\u0131land\u0131<\/p>\n\n\n\n<p>Finike Belediye Ba\u015fkan\u0131 olarak yapm\u0131\u015f oldu\u011fu ba\u015far\u0131l\u0131 \u00e7al\u0131\u015fmalar\u0131yla yeniden Finike Belediye Ba\u015fkan aday\u0131 olarak g\u00f6sterilen Mustafa Geyik\u00e7i, Se\u00e7im Koordinasyon Merkezi\u2019nin (SKM) a\u00e7\u0131l\u0131\u015f\u0131n\u0131 ger\u00e7ekle\u015ftirdi. Mevcut B\u00fcy\u00fck\u015fehir Belediye Ba\u015fkan\u0131 ve Ba\u015fkan aday\u0131 Muhittin B\u00f6cek\u2019in kat\u0131l\u0131m\u0131yla ger\u00e7ekle\u015ftirilen a\u00e7\u0131l\u0131\u015f t\u00f6renine Finikeli vatanda\u015flar b\u00fcy\u00fck ilgi g\u00f6sterdi. Ba\u015fkan Muhittin B\u00f6cek\u2019in \u00e7ok kalabal\u0131k bir ara\u00e7 konvoyuyla kar\u015f\u0131lanmas\u0131 ile ba\u015flayan program SKM a\u00e7\u0131l\u0131\u015f\u0131yla devam etti.<\/p>\n\n\n\n<p>Muhittin B\u00f6cek \u2018Herkesin Ba\u015fkan\u0131\u2019 oldu<\/p>\n\n\n\n<p>Program\u0131n a\u00e7\u0131l\u0131\u015f konu\u015fmas\u0131n\u0131 yapan Finike Belediye Ba\u015fkan\u0131 Mustafa Geyik\u00e7i, geride kalan 5 y\u0131ll\u0131k s\u00fcre\u00e7te yapt\u0131\u011f\u0131 \u00e7al\u0131\u015fmalar\u0131 ve \u00f6n\u00fcm\u00fczdeki d\u00f6nem projelerini aktard\u0131. Finike\u2019ye ge\u00e7en se\u00e7im d\u00f6neminde verdi\u011fi en b\u00fcy\u00fck s\u00f6z olan altyap\u0131 problemini \u00e7\u00f6zmenin gururunu ya\u015fad\u0131klar\u0131n\u0131 dile getiren Ba\u015fkan Mustafa Geyik\u00e7i, \u201cFinike\u2019mizin kangren haline d\u00f6n\u00fc\u015fen, kimsenin yapmaya cesaret edemedi\u011fi altyap\u0131 sorununu Antalya B\u00fcy\u00fck\u015fehir Belediyemizin deste\u011fi ile sona erdirdik. Bug\u00fcn art\u0131k altyap\u0131s\u0131n\u0131 tamamlam\u0131\u015f, \u00e7evreye dost ve halk\u0131m\u0131z\u0131n sa\u011fl\u0131\u011f\u0131n\u0131 koruyan bir altyap\u0131m\u0131z bulunuyor. Ben bir kez daha Muhittin Ba\u015fkan\u0131ma verdi\u011fi destekten dolay\u0131 Finike\u2019miz ad\u0131na te\u015fekk\u00fcr ediyorum. Kendisi \u2018Herkesin Ba\u015fkan\u0131\u2019 ancak biliyoruz ki Finike\u2019nin yeri kendisinde hep ayr\u0131 olmu\u015ftur\u201d dedi.<\/p>\n\n\n\n<p>Bor\u00e7lar\u0131ndan dolay\u0131 icral\u0131k bir belediyeyi d\u00fcze \u00e7\u0131kard\u0131k<\/p>\n\n\n\n<p>G\u00f6reve geldiklerinde bor\u00e7lar\u0131ndan dolay\u0131 icral\u0131k halde bir belediye teslim ald\u0131klar\u0131n\u0131 dile getiren Ba\u015fkan Geyik\u00e7i, \u201cG\u00f6reve geldi\u011fimizin ilk y\u0131l\u0131n\u0131 icral\u0131k bir halde ald\u0131\u011f\u0131m\u0131z belediyemizin ekonomik problemlerini \u00e7\u00f6zmekle u\u011fra\u015farak ge\u00e7irdik. Vatanda\u015flar\u0131m\u0131z\u0131n bana olan g\u00fcveni ve deste\u011fiyle bu s\u00fcreci aln\u0131m\u0131z\u0131n ak\u0131yla, do\u011fru ekonomik y\u00f6netimle, zorlanarak ama geri ad\u0131m atmadan ve cesaretimizi kaybetmeden atlatt\u0131k. Tam bunu atlatt\u0131k derken evlerimize hapsoldu\u011fumuz, zorluklara katland\u0131\u011f\u0131m\u0131z 2 y\u0131l s\u00fcren Covid 19 pandemisini ya\u015famaya ba\u015flad\u0131k. Pandemi d\u00f6neminde de belediyemizin \u00e7al\u0131\u015fmalar\u0131 yava\u015flatmadan aksine art\u0131rarak s\u00fcrd\u00fcrd\u00fck\u201d \u015feklinde konu\u015ftu.<\/p>\n\n\n\n<p>Do\u011fru y\u00f6netimle icra yok icraat var<\/p>\n\n\n\n<p>Ya\u015fad\u0131klar\u0131 s\u0131k\u0131nt\u0131lar\u0131n bunlarla da kalmad\u0131\u011f\u0131n\u0131 dile getiren Ba\u015fkan Geyik\u00e7i, \u201cBu s\u0131k\u0131nt\u0131lar\u0131n yan\u0131nda bir de \u00fclke olarak hepimizi etkileyen ekonomideki olumsuz tablo ile kar\u015f\u0131 kar\u015f\u0131ya kald\u0131k. S\u00fcrekli artan akaryak\u0131t fiyatlar\u0131, y\u00fcksek enflasyon, artan girdi maliyetleri gibi sebepler b\u00fct\u00e7emizde \u00f6ng\u00f6r\u00fclmez etkiler b\u0131rakt\u0131. D\u00fc\u015f\u00fcn\u00fcn ki g\u00f6reve geldi\u011fimiz y\u0131l 7 liraya ald\u0131\u011f\u0131m\u0131z yak\u0131t bug\u00fcn 45 lira oldu. Tam 6 bu\u00e7uk kat art\u0131\u015f ya\u015fanm\u0131\u015f. Fakat bu ekonomik olumsuzluk da bizlerin \u00e7al\u0131\u015fmalar\u0131n\u0131, il\u00e7emize yat\u0131r\u0131m yapmam\u0131z\u0131 ve sizlere hizmet etmemizi engellemedi. Bor\u00e7sa \u00f6deniyor, hizmetse yap\u0131l\u0131yor. Yeter ki do\u011fru ekonomik y\u00f6netimine sad\u0131k kal\u0131n. Ne icra geliyor ne de icraat eksik kal\u0131yor\u201d ifadelerini kulland\u0131.<\/p>\n\n\n\n<p>Altyap\u0131, \u00fcstyap\u0131, ekonomik yap\u0131ya uygun projeler \u00fcrettik<\/p>\n\n\n\n<p>Finike\u2019ye 5 y\u0131l i\u00e7erisinde 130 bin metrekareyi a\u015fk\u0131n yeni parklar ve ya\u015fam alanlar\u0131 kazand\u0131rd\u0131klar\u0131n\u0131 dile getiren Mustafa Geyik\u00e7i, \u201cBu d\u00f6nemde il\u00e7emize 4 kent meydan\u0131, 19 yeni \u00e7ocuk park\u0131, sosyal alanlarkazand\u0131rd\u0131k. \u0130l\u00e7emizin metruk haldeki tarihi evlerini, Finike \u00e7ar\u015f\u0131 merkezimizi, Limani\u00e7i\u2019ni ve her mahallemizde bir\u00e7ok alan\u0131 yeniledik. Festivaller, \u015fenlikler, konserler tiyatro oyunlar\u0131 d\u00fczenleyerek sosyal bir kent olu\u015fturduk. Gen\u00e7lerimize, \u00e7ocuklar\u0131m\u0131za ve her ya\u015ftan vatanda\u015f\u0131m\u0131za spor, sanat e\u011fitimleri ve at\u00f6lye \u00e7al\u0131\u015fmalar\u0131 d\u00fczenledik. Halk\u0131m\u0131z\u0131n keyif ald\u0131\u011f\u0131 bir il\u00e7e meydana getirerek sokaklar\u0131m\u0131z\u0131 canland\u0131rd\u0131k ve esnaf\u0131m\u0131z\u0131n kazanc\u0131n\u0131n artmas\u0131na destek olduk. K\u0131sacas\u0131 5 y\u0131ll\u0131k s\u00fcre\u00e7te il\u00e7emizin altyap\u0131s\u0131, \u00fcstyap\u0131s\u0131, ekonomik yap\u0131s\u0131n\u0131n geli\u015fimi noktas\u0131nda s\u00fcrekli projeler \u00fcrettik\u201d dedi.<\/p>\n\n\n\n<p>Antalya\u2019n\u0131n ilk \u2018Sakin \u015eehir\u2019 unvan\u0131n\u0131 ald\u0131k<\/p>\n\n\n\n<p>Finike\u2019ye d\u00fcnyaca \u00fcnl\u00fc \u201cCittaslow\u201d unvan\u0131 kazand\u0131rd\u0131klar\u0131n\u0131 da ifade eden Ba\u015fkan Mustafa Geyik\u00e7i, Antalya\u2019da bunu kazanan ilk il\u00e7e olman\u0131n gururunu ve mutlulu\u011funu ya\u015fad\u0131klar\u0131n\u0131 s\u00f6yledi. \u2018Sakin \u015eehir\u2019 olarak bilinen Cittaslow markas\u0131n\u0131n Finike\u2019nin sosyo-k\u00fclt\u00fcrel yap\u0131s\u0131na \u00f6nemli bir katk\u0131 sundu\u011funu dile getiren Ba\u015fkan Mustafa Geyik\u00e7i, \u201c\u00d6n\u00fcm\u00fczdeki d\u00f6nemde de Cittaslowi\u015fbirli\u011fi ile il\u00e7emize bir\u00e7ok proje yapaca\u011f\u0131z. \u0130l\u00e7e turizmimizin geli\u015fiminden tar\u0131m\u0131n\u0131n geli\u015fimine bir\u00e7ok noktada Cittaslow markas\u0131n\u0131n deste\u011fini alaca\u011f\u0131z\u201d ifadelerini kulland\u0131.<\/p>\n\n\n\n<p>Ranta ve talana kar\u015f\u0131 m\u00fccadelemiz s\u00fcrecek<\/p>\n\n\n\n<p>Konu\u015fmas\u0131n\u0131n sonunda Finike\u2019yi rant ve talana kar\u015f\u0131 savunduklar\u0131n\u0131 da vurgulayan Ba\u015fkan Mustafa Geyik\u00e7i, \u201cHalk\u0131m\u0131za kazand\u0131rmak istedi\u011fimiz alanlar\u0131m\u0131z\u0131, vatanda\u015flar\u0131m\u0131z\u0131n kullan\u0131m\u0131na a\u00e7mak ve il\u00e7emize de\u011fer katacak projelerimizi geli\u015ftirdi\u011fimiz noktalar\u0131 ranta, pe\u015fke\u015f \u00e7ekilmeye ve talana kar\u015f\u0131 koruduk. Genel Ba\u015fkan\u0131m\u0131z\u0131n da s\u00f6yledi\u011fi gibi bizler Finike\u2019de ranta ve talana kar\u015f\u0131 halk\u00e7\u0131 bir belediyecilik anlay\u0131\u015f\u0131ndan vazge\u00e7meden, geri ad\u0131m atmadan \u00e7al\u0131\u015ft\u0131k.Sizlerin 1 liras\u0131n\u0131 bo\u015fa harcamadan, sizlerin 1 kar\u0131\u015f topra\u011f\u0131n\u0131 ranta teslim etmeden elimizi de\u011fil, g\u00f6vdemizi siper ederek koruduk. Bu kararl\u0131l\u0131k \u00f6n\u00fcm\u00fczdeki d\u00f6nemde de devam edecektir\u201d dedi.<\/p>\n\n\n\n<p>Finike\u2019de b\u00fct\u00fcn Antalya\u2019ya \u00f6rnek \u00e7al\u0131\u015fmalar yap\u0131ld\u0131<\/p>\n\n\n\n<p>Ba\u015fkan Mustafa Geyik\u00e7i\u2019nin a\u00e7\u0131l\u0131\u015f konu\u015fmas\u0131n\u0131n ard\u0131ndan s\u00f6z alan B\u00fcy\u00fck\u015fehir Belediye Ba\u015fkan\u0131 Muhittin B\u00f6cek, Antalya\u2019n\u0131n geneline ve Finike\u2019ye 5 y\u0131ld\u0131r yap\u0131lan hizmetleri anlatt\u0131. Finike\u2019nin Antalya\u2019n\u0131n en \u00f6nemli il\u00e7elerinden biri oldu\u011funu dile getiren B\u00f6cek, \u201c5 y\u0131l boyunca Mustafa Ba\u015fkan\u0131m\u0131z 19 il\u00e7emiz i\u00e7erisinde \u00f6rnek \u00e7al\u0131\u015fmalar yaparak Finike i\u00e7in m\u00fcthi\u015f bir vizyon ortaya koymu\u015ftur. Finike\u2019nin yenilenen ve g\u00fc\u00e7lenen bir yap\u0131ya kavu\u015fmas\u0131n\u0131 sa\u011flam\u0131\u015ft\u0131r. Ge\u00e7en d\u00f6nem \u2018Sen ben yok biz var\u0131z biz birlikte yapar\u0131z\u2019 demi\u015ftik ve birlikte neler yapabilece\u011fimizi ge\u00e7ti\u011fimiz s\u00fcre\u00e7te g\u00f6rd\u00fck. \u015eimdi yine ayn\u0131 azimle, ayn\u0131 gurur ve kararl\u0131l\u0131kla 5 y\u0131l daha sizlere birlikte hizmet edece\u011fiz. Finike\u2019miz \u00e7ok g\u00fczel daha da g\u00fczel olacak\u201d \u015feklinde konu\u015ftu.<\/p>\n\n\n\n<p>A\u00e7\u0131l\u0131\u015f konu\u015fmas\u0131nda Muhittin B\u00f6cek ve Mustafa Geyik\u00e7i\u2019nin ard\u0131ndan \u0130l Ba\u015fkan\u0131 Nail Kamac\u0131, \u0130l\u00e7e Ba\u015fkan\u0131 Uygar \u00c7arban ve Antalya Milletvekili Cavit Ar\u0131 da birer konu\u015fma yaparak Finikelilere seslendi.<\/p>\n\n\n\n<p>Finike Belediyesi \/ B\u00fclten<\/p>\n","protected":false},"excerpt":{"rendered":"<p>Cumhuriyet Halk Partisi (CHP) Finike Belediye Ba\u015fkan aday\u0131 ve mevcut Belediye Ba\u015fkan\u0131 Mustafa Geyik\u00e7i, Se\u00e7im Koordinasyon Merkezi\u2019nin a\u00e7\u0131l\u0131\u015f\u0131n\u0131 ger\u00e7ekle\u015ftirdi. Mevcut Antalya B\u00fcy\u00fck\u015fehir Ba\u015fkan\u0131 ve Ba\u015fkan <a href=\"https:\/\/akdenizhaber.com.tr\/index.php\/2024\/02\/26\/geyikciden-govde-gosterisi\/\" class=\"read-more-link\">[more&#8230;]<\/a><\/p>\n","protected":false},"author":2,"featured_media":20926,"comment_status":"open","ping_status":"open","sticky":false,"template":"","format":"standard","meta":{"footnotes":""},"categories":[2],"tags":[],"class_list":["post-20925","post","type-post","status-publish","format-standard","has-post-thumbnail","hentry","category-gundem"],"_links":{"self":[{"href":"https:\/\/akdenizhaber.com.tr\/index.php\/wp-json\/wp\/v2\/posts\/20925","targetHints":{"allow":["GET"]}}],"collection":[{"href":"https:\/\/akdenizhaber.com.tr\/index.php\/wp-json\/wp\/v2\/posts"}],"about":[{"href":"https:\/\/akdenizhaber.com.tr\/index.php\/wp-json\/wp\/v2\/types\/post"}],"author":[{"embeddable":true,"href":"https:\/\/akdenizhaber.com.tr\/index.php\/wp-json\/wp\/v2\/users\/2"}],"replies":[{"embeddable":true,"href":"https:\/\/akdenizhaber.com.tr\/index.php\/wp-json\/wp\/v2\/comments?post=20925"}],"version-history":[{"count":0,"href":"https:\/\/akdenizhaber.com.tr\/index.php\/wp-json\/wp\/v2\/posts\/20925\/revisions"}],"wp:featuredmedia":[{"embeddable":true,"href":"https:\/\/akdenizhaber.com.tr\/index.php\/wp-json\/wp\/v2\/media\/20926"}],"wp:attachment":[{"href":"https:\/\/akdenizhaber.com.tr\/index.php\/wp-json\/wp\/v2\/media?parent=20925"}],"wp:term":[{"taxonomy":"category","embeddable":true,"href":"https:\/\/akdenizhaber.com.tr\/index.php\/wp-json\/wp\/v2\/categories?post=20925"},{"taxonomy":"post_tag","embeddable":true,"href":"https:\/\/akdenizhaber.com.tr\/index.php\/wp-json\/wp\/v2\/tags?post=20925"}],"curies":[{"name":"wp","href":"https:\/\/api.w.org\/{rel}","templated":true}]}}