{"id":20884,"date":"2024-02-24T12:53:38","date_gmt":"2024-02-24T09:53:38","guid":{"rendered":"https:\/\/akdenizhaber.com.tr\/?p=20884"},"modified":"2024-02-24T12:53:38","modified_gmt":"2024-02-24T09:53:38","slug":"ozele-finikeyi-anlatti","status":"publish","type":"post","link":"https:\/\/akdenizhaber.com.tr\/index.php\/2024\/02\/24\/ozele-finikeyi-anlatti\/","title":{"rendered":"\u00d6zel\u2019e Finike\u2019yi anlatt\u0131"},"content":{"rendered":"\n<p><\/p>\n\n\n\n<p>Aday tan\u0131t\u0131m toplant\u0131s\u0131n\u0131 yapmak i\u00e7in Antalya\u2019ya gelen Cumhuriyet Halk Partisi Genel Ba\u015fkan\u0131 \u00d6zg\u00fcr \u00d6zel ile bir araya gelen Finike Belediye Ba\u015fkan\u0131 Mustafa Geyik\u00e7i, CHP Genel Ba\u015fkan\u0131\u2019na Finike\u2019deki \u00e7al\u0131\u015fmalar\u0131n\u0131 ve projelerini aktard\u0131.<\/p>\n\n\n\n<p><strong>Ranta ve talana kar\u015f\u0131 Finike\u2019nin sigortas\u0131 olmaya devam edece\u011fiz<\/strong><\/p>\n\n\n\n<p>Aday tan\u0131t\u0131m toplant\u0131s\u0131n\u0131 yapmak i\u00e7in Antalya\u2019ya gelen CHP Genel Ba\u015fkan\u0131 \u00d6zg\u00fcr \u00d6zel, toplant\u0131dan \u00f6nce mevcut ba\u015fkan ve ba\u015fkan adaylar\u0131yla bir araya geldi. CHP Genel Ba\u015fkan\u0131 \u00d6zg\u00fcr \u00d6zel ile toplant\u0131 \u00f6ncesi bir araya gelerek Finike\u2019de 5 y\u0131ll\u0131k s\u00fcre\u00e7te yapt\u0131klar\u0131 \u00e7al\u0131\u015fmalar\u0131 ve yeni d\u00f6nem projelerini konu\u015fan Ba\u015fkan Mustafa Geyik\u00e7i, Finike\u2019yi d\u00fcr\u00fcst ve cesur hizmetlerimizle Antalya\u2019da huzurun ba\u015fkenti yapaca\u011f\u0131z.<\/p>\n\n\n\n<p>Finike\u2019de projelerle dolu 5 y\u0131l\u0131 geride b\u0131rakt\u0131klar\u0131n\u0131 ve \u00f6n\u00fcm\u00fczdeki d\u00f6nem i\u00e7in de il\u00e7eyi vizyon bir kent haline getirecek projeleri haz\u0131rlad\u0131klar\u0131n\u0131 ifade eden Ba\u015fkan Geyik\u00e7i, \u201cPartimizden, partililerimizden ve t\u00fcm Finikeli hem\u015fehrilerimizden ald\u0131\u011f\u0131m\u0131z g\u00fc\u00e7 ve destek ile yeni d\u00f6nemde de h\u0131z kesmeden \u00e7al\u0131\u015faca\u011f\u0131z. Finike\u2019yi ranta, talana kar\u015f\u0131 teslim etmeyece\u011fiz. Finike\u2019nin sigortas\u0131 olmaya devam edece\u011fiz. Bizler sosyal ve halk\u00e7\u0131 belediyecili\u011fin \u00f6rne\u011fini ge\u00e7en d\u00f6nemde oldu\u011fu gibi yeni d\u00f6nemde de g\u00f6sterece\u011fiz\u201d dedi.<\/p>\n\n\n\n<p>Finike Belediyesi \/ B\u00fclten<\/p>\n","protected":false},"excerpt":{"rendered":"<p>Aday tan\u0131t\u0131m toplant\u0131s\u0131n\u0131 yapmak i\u00e7in Antalya\u2019ya gelen Cumhuriyet Halk Partisi Genel Ba\u015fkan\u0131 \u00d6zg\u00fcr \u00d6zel ile bir araya gelen Finike Belediye Ba\u015fkan\u0131 Mustafa Geyik\u00e7i, CHP Genel <a href=\"https:\/\/akdenizhaber.com.tr\/index.php\/2024\/02\/24\/ozele-finikeyi-anlatti\/\" class=\"read-more-link\">[more&#8230;]<\/a><\/p>\n","protected":false},"author":2,"featured_media":20885,"comment_status":"open","ping_status":"open","sticky":false,"template":"","format":"standard","meta":{"footnotes":""},"categories":[2],"tags":[],"class_list":["post-20884","post","type-post","status-publish","format-standard","has-post-thumbnail","hentry","category-gundem"],"_links":{"self":[{"href":"https:\/\/akdenizhaber.com.tr\/index.php\/wp-json\/wp\/v2\/posts\/20884","targetHints":{"allow":["GET"]}}],"collection":[{"href":"https:\/\/akdenizhaber.com.tr\/index.php\/wp-json\/wp\/v2\/posts"}],"about":[{"href":"https:\/\/akdenizhaber.com.tr\/index.php\/wp-json\/wp\/v2\/types\/post"}],"author":[{"embeddable":true,"href":"https:\/\/akdenizhaber.com.tr\/index.php\/wp-json\/wp\/v2\/users\/2"}],"replies":[{"embeddable":true,"href":"https:\/\/akdenizhaber.com.tr\/index.php\/wp-json\/wp\/v2\/comments?post=20884"}],"version-history":[{"count":0,"href":"https:\/\/akdenizhaber.com.tr\/index.php\/wp-json\/wp\/v2\/posts\/20884\/revisions"}],"wp:featuredmedia":[{"embeddable":true,"href":"https:\/\/akdenizhaber.com.tr\/index.php\/wp-json\/wp\/v2\/media\/20885"}],"wp:attachment":[{"href":"https:\/\/akdenizhaber.com.tr\/index.php\/wp-json\/wp\/v2\/media?parent=20884"}],"wp:term":[{"taxonomy":"category","embeddable":true,"href":"https:\/\/akdenizhaber.com.tr\/index.php\/wp-json\/wp\/v2\/categories?post=20884"},{"taxonomy":"post_tag","embeddable":true,"href":"https:\/\/akdenizhaber.com.tr\/index.php\/wp-json\/wp\/v2\/tags?post=20884"}],"curies":[{"name":"wp","href":"https:\/\/api.w.org\/{rel}","templated":true}]}}