{"id":20881,"date":"2024-02-24T12:52:17","date_gmt":"2024-02-24T09:52:17","guid":{"rendered":"https:\/\/akdenizhaber.com.tr\/?p=20881"},"modified":"2024-02-24T12:52:17","modified_gmt":"2024-02-24T09:52:17","slug":"baskan-bocek-sevda-turkuleri-konserini-izledi","status":"publish","type":"post","link":"https:\/\/akdenizhaber.com.tr\/index.php\/2024\/02\/24\/baskan-bocek-sevda-turkuleri-konserini-izledi\/","title":{"rendered":"Ba\u015fkan B\u00f6cek \u201cSevda T\u00fcrk\u00fcleri\u201d konserini izledi"},"content":{"rendered":"\n<p><\/p>\n\n\n\n<p>Antalya B\u00fcy\u00fck\u015fehir Belediye Ba\u015fkan\u0131 Muhittin B\u00f6cek, bug\u00fcne kadar \u00e7ok say\u0131da ba\u015far\u0131l\u0131 konsere imza atan \u0130smail Baha S\u00fcrelsan Konservatuvar\u0131 T\u00fcrk Halk M\u00fczi\u011fi \u0130cra Heyeti&#8217;nin Sevda T\u00fcrk\u00fcleri Konserini izledi.<\/p>\n\n\n\n<p>Antalya B\u00fcy\u00fck\u015fehir Belediyesi \u0130smail Baha S\u00fcrelsan Konservatuvar\u0131 T\u00fcrk Halk M\u00fczi\u011fi \u0130cra Heyeti, Atat\u00fcrk K\u00fclt\u00fcr Merkezi\u2019nde \u201cSevda T\u00fcrk\u00fcleri Konseri\u201d ile m\u00fczikseverlerle bulu\u015ftu.<\/p>\n\n\n\n<p>Konser, \u015eef Tu\u011f\u00e7a U\u015fakl\u0131 y\u00f6netiminde sahneye \u00e7\u0131kan Ritim Grubunun performans\u0131 ile ba\u015flad\u0131. Daha sonra \u015fef Yi\u011fit Akt\u0131 y\u00f6netimindeki \u0130smail Baha S\u00fcrelsan Konservatuvar\u0131 THM \u0130cra Heyeti sahne ald\u0131. Gece boyunca birbirinden g\u00fczel t\u00fcrk\u00fcleri seslendiren icra heyetine konseri izleyenler de e\u015flik etti. Konuk Sanat\u00e7\u0131 \u00d6zlem \u00d6zdemir de sesiyle ve seslendirdi\u011fi t\u00fcrk\u00fclerle konsere renk katt\u0131.<\/p>\n\n\n\n<p>BA\u015eARILI \u00c7ALI\u015eMALARA \u0130MZA ATIYOR<\/p>\n\n\n\n<p>Yo\u011fun program\u0131na konservatuvar\u0131n konseriyle k\u0131sa bir ara veren Ba\u015fkan Muhittin B\u00f6cek<\/p>\n\n\n\n<p>\u015eef Yi\u011fit Akt\u0131, \u015eef Yard\u0131mc\u0131s\u0131 Veli Pepe, 50 y\u0131ll\u0131k korist 81 ya\u015f\u0131ndaki Adem \u00d6l\u00e7er<\/p>\n\n\n\n<p>\u00c7alg\u0131 Grubu \u015eefi O\u011fuz Paksoy, Ritm Grubu \u015eefi Tu\u011f\u00e7a U\u015fakl\u0131 ve Konuk Sanat\u00e7\u0131 \u00d6zlem \u00d6zdemir\u2019e \u00e7i\u00e7ek ve plaket takdim etti.&nbsp; \u0130smail Baha S\u00fcrelsanKonservatuvar\u0131\u2019n\u0131n bir\u00e7ok ba\u015far\u0131l\u0131 \u00e7al\u0131\u015fmaya imza att\u0131\u011f\u0131n\u0131 s\u00f6yleyen Ba\u015fkan Muhittin B\u00f6cek, \u201cSanata ve sanat\u00e7\u0131ya de\u011fer veren anlay\u0131\u015f\u0131m\u0131zla konservatuvar\u0131m\u0131z\u0131 da elimizden geldi\u011fince desteklemeye gayret g\u00f6sterdik. Konservatuvar\u0131m\u0131za g\u00f6n\u00fcl veren, emek veren sanat\u00e7\u0131lar\u0131m\u0131za te\u015fekk\u00fcr ediyorum. Bu gece burada olmaktan son derece memnuniyet duydum. 5 y\u0131l s\u00fcre i\u00e7erisinde her \u015feye ra\u011fmen \u00e7ok da g\u00fczel \u015feyler de yapt\u0131k sizlerle beraber. Bundan sonra yine sizlerle beraber azimle gururla bir 5 y\u0131l daha nasip olursa daha ayd\u0131nl\u0131k, daha \u00f6zg\u00fcrce ya\u015fayaca\u011f\u0131m\u0131z daha g\u00fczel g\u00fcnlerde bulu\u015faca\u011f\u0131z\u201d dedi.<\/p>\n\n\n\n<p>Antalya B\u00fcy\u00fck\u015fehir Belediyesi \/ B\u00fclten<\/p>\n","protected":false},"excerpt":{"rendered":"<p>Antalya B\u00fcy\u00fck\u015fehir Belediye Ba\u015fkan\u0131 Muhittin B\u00f6cek, bug\u00fcne kadar \u00e7ok say\u0131da ba\u015far\u0131l\u0131 konsere imza atan \u0130smail Baha S\u00fcrelsan Konservatuvar\u0131 T\u00fcrk Halk M\u00fczi\u011fi \u0130cra Heyeti&#8217;nin Sevda T\u00fcrk\u00fcleri <a href=\"https:\/\/akdenizhaber.com.tr\/index.php\/2024\/02\/24\/baskan-bocek-sevda-turkuleri-konserini-izledi\/\" class=\"read-more-link\">[more&#8230;]<\/a><\/p>\n","protected":false},"author":2,"featured_media":20882,"comment_status":"open","ping_status":"open","sticky":false,"template":"","format":"standard","meta":{"footnotes":""},"categories":[2],"tags":[],"class_list":["post-20881","post","type-post","status-publish","format-standard","has-post-thumbnail","hentry","category-gundem"],"_links":{"self":[{"href":"https:\/\/akdenizhaber.com.tr\/index.php\/wp-json\/wp\/v2\/posts\/20881","targetHints":{"allow":["GET"]}}],"collection":[{"href":"https:\/\/akdenizhaber.com.tr\/index.php\/wp-json\/wp\/v2\/posts"}],"about":[{"href":"https:\/\/akdenizhaber.com.tr\/index.php\/wp-json\/wp\/v2\/types\/post"}],"author":[{"embeddable":true,"href":"https:\/\/akdenizhaber.com.tr\/index.php\/wp-json\/wp\/v2\/users\/2"}],"replies":[{"embeddable":true,"href":"https:\/\/akdenizhaber.com.tr\/index.php\/wp-json\/wp\/v2\/comments?post=20881"}],"version-history":[{"count":0,"href":"https:\/\/akdenizhaber.com.tr\/index.php\/wp-json\/wp\/v2\/posts\/20881\/revisions"}],"wp:featuredmedia":[{"embeddable":true,"href":"https:\/\/akdenizhaber.com.tr\/index.php\/wp-json\/wp\/v2\/media\/20882"}],"wp:attachment":[{"href":"https:\/\/akdenizhaber.com.tr\/index.php\/wp-json\/wp\/v2\/media?parent=20881"}],"wp:term":[{"taxonomy":"category","embeddable":true,"href":"https:\/\/akdenizhaber.com.tr\/index.php\/wp-json\/wp\/v2\/categories?post=20881"},{"taxonomy":"post_tag","embeddable":true,"href":"https:\/\/akdenizhaber.com.tr\/index.php\/wp-json\/wp\/v2\/tags?post=20881"}],"curies":[{"name":"wp","href":"https:\/\/api.w.org\/{rel}","templated":true}]}}