{"id":20878,"date":"2024-02-24T12:50:19","date_gmt":"2024-02-24T09:50:19","guid":{"rendered":"https:\/\/akdenizhaber.com.tr\/?p=20878"},"modified":"2024-02-24T12:50:20","modified_gmt":"2024-02-24T09:50:20","slug":"sehrin-dinamikleri-sordu-tutuncu-samimiyetle-cevapladi","status":"publish","type":"post","link":"https:\/\/akdenizhaber.com.tr\/index.php\/2024\/02\/24\/sehrin-dinamikleri-sordu-tutuncu-samimiyetle-cevapladi\/","title":{"rendered":"\u015eehrin dinamikleri sordu, T\u00fct\u00fcnc\u00fc samimiyetle cevaplad\u0131"},"content":{"rendered":"\n<p><\/p>\n\n\n\n<p>Cumhur \u0130ttifak\u0131\u2019n\u0131n Antalya B\u00fcy\u00fck\u015fehir Belediye Ba\u015fkan aday\u0131 Hakan T\u00fct\u00fcnc\u00fc, Antalya Sivil Toplum Platformu\u2019nun (ANSTOP), konu\u011fu oldu. \u015eehrin dinamikleri sordu; T\u00fct\u00fcnc\u00fc, Antalya\u2019ya dair her soruyu samimiyetle cevaplad\u0131.<\/p>\n\n\n\n<p>Antalya Sivil Toplum Platformu \u00fcyeleri ile bir araya gelen Cumhur \u0130ttifak\u0131\u2019n\u0131n Antalya B\u00fcy\u00fck\u015fehir Belediye Ba\u015fkan aday\u0131 Hakan T\u00fct\u00fcnc\u00fc, 8 sivil toplum kurulu\u015fundan olu\u015fan ANSTOP \u00fcyelerinin \u015fehre y\u00f6nelik sorular\u0131n\u0131 cevaplad\u0131. ANSTOP, \u00fcyesi 8 sivil toplum kurulu\u015fu temsilcisinin kat\u0131ld\u0131\u011f\u0131 bulu\u015fmada konu\u015fan T\u00fct\u00fcnc\u00fc, \u201c\u0130yi ki vars\u0131n\u0131z. Varl\u0131\u011f\u0131n\u0131z kent i\u00e7in bir kazan\u0131m. Sizler bilimsel verilerden yola \u00e7\u0131karak, uzmanl\u0131k alanlar\u0131n\u0131zla \u015fehri d\u00fc\u015f\u00fcn\u00fcyorsunuz, herkesin mutlu olaca\u011f\u0131 bir \u015fehir kurgusunu kendi i\u00e7 d\u00fcnyan\u0131zla ya\u015f\u0131yorsunuz. Biz sizlerle birlikteyiz. \u201c dedi.<\/p>\n\n\n\n<p>\u00d6RNEK B\u0130R Y\u00d6NET\u0130\u015e\u0130M MODEL\u0130<\/p>\n\n\n\n<p>T\u00fct\u00fcnc\u00fc, ANSTOP \u00fcyelerinin \u015fehre y\u00f6nelik sorular\u0131n\u0131 cevaplad\u0131. Kentlerin ortak ak\u0131lla y\u00f6netilmesi ile ilgili T\u00fct\u00fcnc\u00fc, kentlerin ortak ak\u0131lla y\u00f6netilmesinin \u00e7ok \u00f6nemli oldu\u011funa de\u011finerek, Dokuma Fabrikas\u0131\u2019n\u0131n \u00f6rnek bir y\u00f6neti\u015fim modeli oldu\u011funa i\u015faret etti. Dokuma Fabrikas\u0131\u2019n\u0131n birlik ve beraberlik i\u00e7inde Antalya\u2019ya kazand\u0131r\u0131ld\u0131\u011f\u0131n\u0131 hat\u0131rlatarak konu\u015fmas\u0131n\u0131 s\u00fcrd\u00fcren T\u00fct\u00fcnc\u00fc, meclis karar\u0131 ile bir \u00e7al\u0131\u015fma modeli olu\u015fturuldu\u011funu, Antalya\u2019n\u0131n en b\u00fcy\u00fck sivil toplum kurulu\u015fu olan esnaf odalar\u0131, ticaret odas\u0131, ticaret borsas\u0131, meslek odalar\u0131, gazeteciler, Antalya Gazeteciler Cemiyeti,&nbsp; \u00f6nceki d\u00f6nem belediye ba\u015fkanlar\u0131, siyasi parti temsilcilerinin de i\u00e7inde bulundu\u011fu ortak ak\u0131lla y\u00fcr\u00fct\u00fclen projenin, Dokumapark ad\u0131yla kente kazand\u0131r\u0131ld\u0131\u011f\u0131n\u0131 s\u00f6yledi. &nbsp;<\/p>\n\n\n\n<p>S\u0130V\u0130L TOPLUM KURULU\u015eLARINI \u00c7OK \u00d6NEMS\u0130YORUZ<\/p>\n\n\n\n<p>Dokumapark\u2019\u0131n 3 k\u00fct\u00fcphane, 13 m\u00fcze, an\u0131 evi ve T\u00fcrkiye\u2019nin en b\u00fcy\u00fck bilim merkezi ile Antalya\u2019n\u0131n k\u00fclt\u00fcr ve sanat adas\u0131 oldu\u011funu da bildirdi. Dokumapark\u2019\u0131n hemen yan\u0131 ba\u015f\u0131nda bulunan Pil Fabrikas\u0131\u2019n\u0131n da yine Antalya\u2019ya kazand\u0131r\u0131lmas\u0131 i\u00e7in 11 y\u0131ld\u0131r u\u011fra\u015f verdiklerini, bu u\u011fra\u015f\u0131nda ba\u015far\u0131yla sonu\u00e7land\u0131\u011f\u0131n\u0131 ve orada da \u00e7al\u0131\u015fmalar\u0131n ba\u015flad\u0131\u011f\u0131n\u0131 s\u00f6zlerine ekledi. T\u00fct\u00fcnc\u00fc, \u201cSivil Toplum Kurulu\u015flar\u0131n\u0131 bug\u00fcn \u00f6nemsiyoruz, d\u00fcnde \u00f6nemsiyorduk, yar\u0131nda \u00f6nemseyece\u011fiz. Antalya B\u00fcy\u00fck\u015fehir Belediye ba\u015fkan\u0131 oldu\u011fumuz ilk andan itibaren sivil inisiyatif ile beraber \u015fehri d\u00fc\u015f\u00fcnmek, konu\u015fmak planlamak ve sivil inisiyatifin \u00fcretti\u011fi ak\u0131lc\u0131 fikirleri hayata ge\u00e7irme noktas\u0131nda da g\u00fc\u00e7 birli\u011fi yapaca\u011f\u0131m\u0131z\u0131 ifade ediyorum. Bu bizim en \u00f6nemli \u00f6nceli\u011fimiz olacak. \u201cdedi.<\/p>\n\n\n\n<p>OYSAK\u0130! KENT \u0130\u00c7\u0130N NE KADAR \u00d6NEML\u0130<\/p>\n\n\n\n<p>\u0130mar ve \u015fehircilik ile ilgili bir de\u011ferlendirmeye de de\u011finen T\u00fct\u00fcnc\u00fc, \u201cB\u00fcy\u00fck\u015fehirler naz\u0131m imar planlar\u0131 yaparlar.&nbsp; \u0130mar\u2019\u0131n anayasas\u0131n\u0131 olu\u015fturur. \u0130l\u00e7e belediyeleri ismi \u00fczerinde uygulama belediyeleridir. Planlar\u0131n uygulama k\u0131s\u0131mlar\u0131n\u0131 hayata ge\u00e7irirler. 15 y\u0131l boyunca Kepez\u2019de en \u00e7ok ba\u015f etmeye \u00e7al\u0131\u015ft\u0131\u011f\u0131m\u0131z sorunlar\u0131n ba\u015f\u0131nda imar ve m\u00fclkiyet sorunlar\u0131 geldi. Yakla\u015f\u0131k 80 bin tapuyu hak sahiplerine ula\u015ft\u0131rm\u0131\u015f, 90 bin gecekonduyu kald\u0131rm\u0131\u015f, neredeyse b\u00fct\u00fcn mahallelerin imar revizyon planlar\u0131n\u0131 yapm\u0131\u015f &nbsp;bir belediye ba\u015fkan\u0131y\u0131m. Bir belediye ba\u015fkan\u0131 olarak hep \u0131st\u0131rab\u0131m \u015fu oldu; Biz bu sorunlar\u0131 \u00e7\u00f6zerken hep imara odaklan\u0131r\u0131z. Ama B\u00fcy\u00fck\u015fehir Belediyelerine bunun kent i\u00e7in ne kadar \u00f6nemli oldu\u011funu hissettiremeyiz. Naz\u0131m planlarla ilgili ayn\u0131 bak\u0131\u015f a\u00e7\u0131m\u0131z olsa \u00e7ok daha rahat ilerleyece\u011fimizi hep d\u00fc\u015f\u00fcnm\u00fc\u015f\u00fcmd\u00fcr. 15 y\u0131l boyunca imar temel meselesi olmu\u015f, imar konusunda da uzmanla\u015fm\u0131\u015f bir ekibe sahip olan bir belediye ba\u015fkan\u0131n\u0131n y\u00f6netti\u011fi bir b\u00fcy\u00fck\u015fehirde imar ile ilgili \u00e7\u00f6z\u00fclmesi gereken d\u00fc\u011f\u00fcmlerin rahatl\u0131kla ve hep birlikte \u00e7\u00f6zebilece\u011fimize inanc\u0131m\u0131 ifade etmek isterim. \u201cdiye konu\u015ftu.<\/p>\n\n\n\n<p>8 S\u0130V\u0130L TOPLUM KURULU\u015eU KATILDI<\/p>\n\n\n\n<p>Toplant\u0131ya ANSTOP \u00fcyesi, Ekonomi \u0130\u015f Geli\u015ftirme ve Planlama Derne\u011fi (EK\u0130PDER), Antalya Denizcile\u015fme Platformu,&nbsp;TMMOB \u015eehir Planc\u0131lar\u0131 Odas\u0131 Antalya \u015eubesi, TMMOB Harita ve Kadastro M\u00fchendisleri Odas\u0131 Antalya \u015eubesi,&nbsp;TMMOB Peyzaj Mimarlar\u0131 Odas\u0131 Antalya \u015eubesi, T\u00fcrkiye Spor Yazarlar\u0131 Derne\u011fi (TSYD) Antalya \u015eubesi ve&nbsp;Seyahat Acenteleri ve Y\u00f6neticileri Derne\u011fi (SAYD), Otizmli Bireyler Derne\u011fi yetkileri kat\u0131ld\u0131.<\/p>\n\n\n\n<p>Haber Merkezi<\/p>\n","protected":false},"excerpt":{"rendered":"<p>Cumhur \u0130ttifak\u0131\u2019n\u0131n Antalya B\u00fcy\u00fck\u015fehir Belediye Ba\u015fkan aday\u0131 Hakan T\u00fct\u00fcnc\u00fc, Antalya Sivil Toplum Platformu\u2019nun (ANSTOP), konu\u011fu oldu. \u015eehrin dinamikleri sordu; T\u00fct\u00fcnc\u00fc, Antalya\u2019ya dair her soruyu samimiyetle <a href=\"https:\/\/akdenizhaber.com.tr\/index.php\/2024\/02\/24\/sehrin-dinamikleri-sordu-tutuncu-samimiyetle-cevapladi\/\" class=\"read-more-link\">[more&#8230;]<\/a><\/p>\n","protected":false},"author":2,"featured_media":20879,"comment_status":"open","ping_status":"open","sticky":false,"template":"","format":"standard","meta":{"footnotes":""},"categories":[2],"tags":[],"class_list":["post-20878","post","type-post","status-publish","format-standard","has-post-thumbnail","hentry","category-gundem"],"_links":{"self":[{"href":"https:\/\/akdenizhaber.com.tr\/index.php\/wp-json\/wp\/v2\/posts\/20878","targetHints":{"allow":["GET"]}}],"collection":[{"href":"https:\/\/akdenizhaber.com.tr\/index.php\/wp-json\/wp\/v2\/posts"}],"about":[{"href":"https:\/\/akdenizhaber.com.tr\/index.php\/wp-json\/wp\/v2\/types\/post"}],"author":[{"embeddable":true,"href":"https:\/\/akdenizhaber.com.tr\/index.php\/wp-json\/wp\/v2\/users\/2"}],"replies":[{"embeddable":true,"href":"https:\/\/akdenizhaber.com.tr\/index.php\/wp-json\/wp\/v2\/comments?post=20878"}],"version-history":[{"count":0,"href":"https:\/\/akdenizhaber.com.tr\/index.php\/wp-json\/wp\/v2\/posts\/20878\/revisions"}],"wp:featuredmedia":[{"embeddable":true,"href":"https:\/\/akdenizhaber.com.tr\/index.php\/wp-json\/wp\/v2\/media\/20879"}],"wp:attachment":[{"href":"https:\/\/akdenizhaber.com.tr\/index.php\/wp-json\/wp\/v2\/media?parent=20878"}],"wp:term":[{"taxonomy":"category","embeddable":true,"href":"https:\/\/akdenizhaber.com.tr\/index.php\/wp-json\/wp\/v2\/categories?post=20878"},{"taxonomy":"post_tag","embeddable":true,"href":"https:\/\/akdenizhaber.com.tr\/index.php\/wp-json\/wp\/v2\/tags?post=20878"}],"curies":[{"name":"wp","href":"https:\/\/api.w.org\/{rel}","templated":true}]}}