{"id":20831,"date":"2024-02-22T13:15:27","date_gmt":"2024-02-22T10:15:27","guid":{"rendered":"https:\/\/akdenizhaber.com.tr\/?p=20831"},"modified":"2024-02-22T13:15:28","modified_gmt":"2024-02-22T10:15:28","slug":"cemre","status":"publish","type":"post","link":"https:\/\/akdenizhaber.com.tr\/index.php\/2024\/02\/22\/cemre\/","title":{"rendered":"CEMRE"},"content":{"rendered":"\n<p>Cemre, geleneksel T\u00fcrk k\u00fclt\u00fcr\u00fcnde \u00f6nemli bir yer tutan bir inan\u00e7 sistemidir. Her y\u0131l\u0131n \u015eubat ve Mart aylar\u0131 aras\u0131nda ger\u00e7ekle\u015fen Cemre d\u00fc\u015f\u00fc\u015fleri, bahar\u0131n m\u00fcjdecisi olarak kabul edilir. Bu gelenek, T\u00fcrk toplumlar\u0131nda yayg\u0131n olarak benimsenmi\u015f olup, halk aras\u0131nda b\u00fcy\u00fck ilgi g\u00f6rmektedir. \u0130lk cemre, yani hava cemresi genellikle 19-20 \u015eubat tarihlerinde d\u00fc\u015fer ve so\u011fuk k\u0131\u015f g\u00fcnlerinin sona erdi\u011fini, s\u0131cakl\u0131klar\u0131n artt\u0131\u011f\u0131n\u0131 simgeler. \u0130lk cemre d\u00fc\u015ft\u00fc\u011f\u00fcnde, insanlar bahar\u0131n habercisi olarak alg\u0131lar ve do\u011fan\u0131n uyan\u0131\u015f\u0131n\u0131 m\u00fcjdeleyen bir d\u00f6nemin ba\u015flad\u0131\u011f\u0131n\u0131 d\u00fc\u015f\u00fcn\u00fcrler. \u0130kinci cemre yani su cemresi, Mart&#8217;\u0131n ilk haftas\u0131nda d\u00fc\u015fer ve genellikle ya\u011f\u0131\u015flar\u0131n artt\u0131\u011f\u0131 bir d\u00f6nemi temsil eder. Toprak sularla doydu\u011fu i\u00e7in bitkilerin ye\u015fermeye ba\u015flamas\u0131 beklenir. \u0130kinci Cemre, do\u011fan\u0131n canlan\u0131\u015f\u0131n\u0131n g\u00f6stergesi olarak de\u011ferlendirilir. \u00dc\u00e7\u00fcnc\u00fc cemre yani toprak cemresi, Mart&#8217;\u0131n ikinci haftas\u0131nda d\u00fc\u015fer ve bahar\u0131n tam anlam\u0131yla gelmeye ba\u015flad\u0131\u011f\u0131n\u0131 simgeler. Toprak Cemresi, bitkilerin toprakla bulu\u015farak ye\u015fermeye ba\u015flad\u0131\u011f\u0131 bir evreyi temsil eder. Bu d\u00f6nemde tar\u0131m\u0131n ve do\u011fan\u0131n bereketlenmesi beklenir. Cemre d\u00fc\u015f\u00fc\u015fleri, k\u00f6kl\u00fc bir gelenek olup, toplumda bir\u00e7ok rit\u00fcel ve kutlama ile birlikte gelir. Bu d\u00f6nemde yap\u0131lan geleneksel \u015fark\u0131lar, dilekler ve \u00f6zel yemeklerle Cemre d\u00fc\u015f\u00fc\u015fleri co\u015fkuyla kar\u015f\u0131lan\u0131r. Ancak, bilimsel a\u00e7\u0131dan bu olay\u0131n do\u011fa olaylar\u0131yla bir ili\u015fkisi bulunmamakta ve daha \u00e7ok k\u00fclt\u00fcrel bir anlam ta\u015f\u0131maktad\u0131r. Bu gelenek, T\u00fcrk k\u00fclt\u00fcr\u00fcnde do\u011fayla i\u00e7 i\u00e7e ya\u015fama ve onun d\u00f6ng\u00fclerini kutlama anlay\u0131\u015f\u0131n\u0131 yans\u0131tarak, toplumsal bir ba\u011f olu\u015fturur. Her y\u0131l\u0131n bu d\u00f6nemlerinde ya\u015fanan Cemre d\u00fc\u015f\u00fc\u015fleri, geleneksel de\u011ferlerin ya\u015fat\u0131lmas\u0131na ve k\u00fclt\u00fcrel kimli\u011fin korunmas\u0131na katk\u0131 sa\u011flar.<\/p>\n\n\n\n<p>ESRA \u0130\u00c7G\u00d6Z<\/p>\n","protected":false},"excerpt":{"rendered":"<p>Cemre, geleneksel T\u00fcrk k\u00fclt\u00fcr\u00fcnde \u00f6nemli bir yer tutan bir inan\u00e7 sistemidir. Her y\u0131l\u0131n \u015eubat ve Mart aylar\u0131 aras\u0131nda ger\u00e7ekle\u015fen Cemre d\u00fc\u015f\u00fc\u015fleri, bahar\u0131n m\u00fcjdecisi olarak kabul <a href=\"https:\/\/akdenizhaber.com.tr\/index.php\/2024\/02\/22\/cemre\/\" class=\"read-more-link\">[more&#8230;]<\/a><\/p>\n","protected":false},"author":2,"featured_media":20615,"comment_status":"open","ping_status":"open","sticky":false,"template":"","format":"standard","meta":{"footnotes":""},"categories":[2],"tags":[],"class_list":["post-20831","post","type-post","status-publish","format-standard","has-post-thumbnail","hentry","category-gundem"],"_links":{"self":[{"href":"https:\/\/akdenizhaber.com.tr\/index.php\/wp-json\/wp\/v2\/posts\/20831","targetHints":{"allow":["GET"]}}],"collection":[{"href":"https:\/\/akdenizhaber.com.tr\/index.php\/wp-json\/wp\/v2\/posts"}],"about":[{"href":"https:\/\/akdenizhaber.com.tr\/index.php\/wp-json\/wp\/v2\/types\/post"}],"author":[{"embeddable":true,"href":"https:\/\/akdenizhaber.com.tr\/index.php\/wp-json\/wp\/v2\/users\/2"}],"replies":[{"embeddable":true,"href":"https:\/\/akdenizhaber.com.tr\/index.php\/wp-json\/wp\/v2\/comments?post=20831"}],"version-history":[{"count":0,"href":"https:\/\/akdenizhaber.com.tr\/index.php\/wp-json\/wp\/v2\/posts\/20831\/revisions"}],"wp:featuredmedia":[{"embeddable":true,"href":"https:\/\/akdenizhaber.com.tr\/index.php\/wp-json\/wp\/v2\/media\/20615"}],"wp:attachment":[{"href":"https:\/\/akdenizhaber.com.tr\/index.php\/wp-json\/wp\/v2\/media?parent=20831"}],"wp:term":[{"taxonomy":"category","embeddable":true,"href":"https:\/\/akdenizhaber.com.tr\/index.php\/wp-json\/wp\/v2\/categories?post=20831"},{"taxonomy":"post_tag","embeddable":true,"href":"https:\/\/akdenizhaber.com.tr\/index.php\/wp-json\/wp\/v2\/tags?post=20831"}],"curies":[{"name":"wp","href":"https:\/\/api.w.org\/{rel}","templated":true}]}}