{"id":20816,"date":"2024-02-22T13:11:21","date_gmt":"2024-02-22T10:11:21","guid":{"rendered":"https:\/\/akdenizhaber.com.tr\/?p=20816"},"modified":"2024-02-22T13:11:21","modified_gmt":"2024-02-22T10:11:21","slug":"isitme-engelliler-sampiyonaya-hazir","status":"publish","type":"post","link":"https:\/\/akdenizhaber.com.tr\/index.php\/2024\/02\/22\/isitme-engelliler-sampiyonaya-hazir\/","title":{"rendered":"\u0130\u015fitme Engelliler \u015eampiyonaya Haz\u0131r"},"content":{"rendered":"\n<p><\/p>\n\n\n\n<p>Erzurum &#8216; da ger\u00e7ekle\u015fecek olan i\u015fitme Engelliler k\u0131\u015f olimpiyatlar\u0131 kapsam\u0131nda,&nbsp; i\u015fitme Engelliler Futsal Milli Tak\u0131m\u0131m\u0131z ilk kamp\u0131n\u0131 Manavgat &#8216; da yapm\u0131\u015ft\u0131.<\/p>\n\n\n\n<p>\u0130kinci kamp\u0131n\u0131 Ankara&#8217;da yapan Millilerimiz son kamp\u0131 ve \u015eampiyona i\u00e7in Erzurum&#8217; da bulu\u015ftular. Manavgat &#8216;tan Kaymakaml\u0131k Sosyal Yard\u0131mla\u015fma ve Dayan\u0131\u015fma Vakf\u0131 Engelliler Koordinat\u00f6r\u00fc Guddusi Ayd\u0131n\u2019\u0131n da Antren\u00f6r olarak g\u00f6rev ald\u0131\u011f\u0131 \u015fampiyona 02 &#8211; 12 Mart&#8217; da yap\u0131lacak.<\/p>\n\n\n\n<p>Konu hakk\u0131nda a\u00e7\u0131klama yapan, Manavgat Kaymakaml\u0131\u011f\u0131 Sosyal Yard\u0131mla\u015fma ve Dayan\u0131\u015fma Vakf\u0131 Engelliler Koordinat\u00f6r\u00fc ve \u0130\u015fitme Engelliler Futsal Milli tak\u0131m Antren\u00f6r\u00fc Guddusi Ayd\u0131n,&nbsp; &#8221; \u00dclkemizin ev sahipli\u011fi yapaca\u011f\u0131 20. Deaflymp\u0131cs k\u0131\u015f olimpiyatlar\u0131 02 &#8211; 12 Mart&#8217; da Erzurum &#8216; da yap\u0131lacak,&nbsp; \u00fclkemizin 5 Bran\u015fta kat\u0131laca\u011f\u0131 olimpiyatlara \u015fahs\u0131m\u0131n da antren\u00f6r\u00fc oldu\u011fu Futsal Milli tak\u0131m\u0131 ile ilk defa kat\u0131laca\u011f\u0131z. Avrupa,&nbsp; D\u00fcnya ve Olimpiyat \u015fampiyonu olan Futbol tak\u0131m\u0131m\u0131z\u0131n sporcular\u0131ndan olu\u015fturdu\u011fumuz Futsal Milli tak\u0131m\u0131m\u0131z, ilk haz\u0131rl\u0131k ve se\u00e7me kamp\u0131n\u0131 Manavgat &#8216; da , ikinci haz\u0131rl\u0131k kamp\u0131m\u0131z\u0131 Ankara&#8217; da yapt\u0131ktan sonra , son kamp ve \u015fampiyona i\u00e7in Erzurumda topland\u0131k. Milli tak\u0131m olarak , k\u0131\u015f olimpiyatlar\u0131nda ki hedefimiz ,kendi saha ve&nbsp; seyircimizin \u00f6n\u00fcnde, her zaman ki gibi derece yapmak ve \u015fampiyon olmak olacakt\u0131r. Devletimizin katk\u0131lar\u0131, Federasyon Ba\u015fkan\u0131m\u0131z sn. Kerim Vural &#8216; \u0131n destekleri ile Doc. Dr. Ersan Tolukan hocam\u0131z\u0131n ve teknik ekibin y\u00f6netiminde , sporcular\u0131m\u0131z\u0131n azmi,&nbsp; T\u00fcrk Vatanda\u015f\u0131m\u0131z\u0131n duas\u0131 ile ba\u015far\u0131l\u0131 olaca\u011f\u0131m\u0131za inan\u0131yoruz\u201d dedi.<\/p>\n\n\n\n<p>Haber Merkezi<\/p>\n","protected":false},"excerpt":{"rendered":"<p>Erzurum &#8216; da ger\u00e7ekle\u015fecek olan i\u015fitme Engelliler k\u0131\u015f olimpiyatlar\u0131 kapsam\u0131nda,&nbsp; i\u015fitme Engelliler Futsal Milli Tak\u0131m\u0131m\u0131z ilk kamp\u0131n\u0131 Manavgat &#8216; da yapm\u0131\u015ft\u0131. \u0130kinci kamp\u0131n\u0131 Ankara&#8217;da yapan <a href=\"https:\/\/akdenizhaber.com.tr\/index.php\/2024\/02\/22\/isitme-engelliler-sampiyonaya-hazir\/\" class=\"read-more-link\">[more&#8230;]<\/a><\/p>\n","protected":false},"author":2,"featured_media":20817,"comment_status":"open","ping_status":"open","sticky":false,"template":"","format":"standard","meta":{"footnotes":""},"categories":[2],"tags":[],"class_list":["post-20816","post","type-post","status-publish","format-standard","has-post-thumbnail","hentry","category-gundem"],"_links":{"self":[{"href":"https:\/\/akdenizhaber.com.tr\/index.php\/wp-json\/wp\/v2\/posts\/20816","targetHints":{"allow":["GET"]}}],"collection":[{"href":"https:\/\/akdenizhaber.com.tr\/index.php\/wp-json\/wp\/v2\/posts"}],"about":[{"href":"https:\/\/akdenizhaber.com.tr\/index.php\/wp-json\/wp\/v2\/types\/post"}],"author":[{"embeddable":true,"href":"https:\/\/akdenizhaber.com.tr\/index.php\/wp-json\/wp\/v2\/users\/2"}],"replies":[{"embeddable":true,"href":"https:\/\/akdenizhaber.com.tr\/index.php\/wp-json\/wp\/v2\/comments?post=20816"}],"version-history":[{"count":0,"href":"https:\/\/akdenizhaber.com.tr\/index.php\/wp-json\/wp\/v2\/posts\/20816\/revisions"}],"wp:featuredmedia":[{"embeddable":true,"href":"https:\/\/akdenizhaber.com.tr\/index.php\/wp-json\/wp\/v2\/media\/20817"}],"wp:attachment":[{"href":"https:\/\/akdenizhaber.com.tr\/index.php\/wp-json\/wp\/v2\/media?parent=20816"}],"wp:term":[{"taxonomy":"category","embeddable":true,"href":"https:\/\/akdenizhaber.com.tr\/index.php\/wp-json\/wp\/v2\/categories?post=20816"},{"taxonomy":"post_tag","embeddable":true,"href":"https:\/\/akdenizhaber.com.tr\/index.php\/wp-json\/wp\/v2\/tags?post=20816"}],"curies":[{"name":"wp","href":"https:\/\/api.w.org\/{rel}","templated":true}]}}