{"id":20795,"date":"2024-02-22T13:05:18","date_gmt":"2024-02-22T10:05:18","guid":{"rendered":"https:\/\/akdenizhaber.com.tr\/?p=20795"},"modified":"2024-02-22T13:05:18","modified_gmt":"2024-02-22T10:05:18","slug":"turkiyenin-ilk-yesil-enerjili-universitesi-olacagiz","status":"publish","type":"post","link":"https:\/\/akdenizhaber.com.tr\/index.php\/2024\/02\/22\/turkiyenin-ilk-yesil-enerjili-universitesi-olacagiz\/","title":{"rendered":"T\u00fcrkiye\u2019nin \u0130lk Ye\u015fil Enerjili \u00dcniversitesi Olaca\u011f\u0131z"},"content":{"rendered":"\n<p><\/p>\n\n\n\n<p>Akdeniz \u00dcniversitesi Rekt\u00f6r\u00fc Prof. Dr. \u00d6zlenen \u00d6zkan, Antalya Dayan\u0131\u015fma Grubu toplant\u0131s\u0131na kat\u0131larak i\u015f insanlar\u0131n\u0131n Akdeniz \u00dcniversitesi ve son d\u00f6nem projelerine ili\u015fkin sordu\u011fu sorular\u0131 cevaplad\u0131.<\/p>\n\n\n\n<p>Antalya Dayan\u0131\u015fma Grubu taraf\u0131ndan Hilton Otel de ger\u00e7ekle\u015fen toplant\u0131ya kat\u0131lan Akdeniz \u00dcniversitesi Rekt\u00f6r\u00fc Prof. Dr. \u00d6zlenen \u00d6zkan, Akdeniz \u00dcniversitesi hakk\u0131nda bilgiler vererek g\u00f6reve geldi\u011fi g\u00fcnden bu yana hayata ge\u00e7irdikleri projeleri de payla\u015ft\u0131. Antalya Dayan\u0131\u015fma Grubu Ba\u015fkan\u0131 Erdal At\u0131lgan\u2019\u0131n ev sahipli\u011finde ger\u00e7ekle\u015ftirilen kahvalt\u0131dai\u015f insanlar\u0131n\u0131n Akdeniz \u00dcniversitesi ve son d\u00f6nem projelerine ili\u015fkin sordu\u011fu sorular\u0131 cevaplad\u0131.<\/p>\n\n\n\n<p>AKDEN\u0130Z \u00dcN\u0130VERS\u0130TES\u0130\u2019N\u0130 ANTALYA \u0130LE BULU\u015eTURMAYA \u00c7ALI\u015eTIM<\/p>\n\n\n\n<p>G\u00f6reve geldikten sonra covidpandemisiyle kar\u015f\u0131 kar\u015f\u0131ya kald\u0131klar\u0131n\u0131 ve bu d\u00f6nemi ba\u015far\u0131l\u0131 bir \u015fekilde atlatt\u0131klar\u0131n\u0131 s\u00f6yleyen Akdeniz \u00dcniversitesi Rekt\u00f6r\u00fc Prof. Dr. \u00d6zlenen \u00d6zkan, \u201cAkdeniz \u00dcniversitesi Antalya\u2019n\u0131n en k\u00f6kl\u00fc kurumlar\u0131ndan bir tanesi, \u00e7ok g\u00fczide bir kurum.&nbsp; Hem bilim \u00fcretmesi gereken hem e\u011fitim veren Antalya\u2019n\u0131n sorunlar\u0131na kulak kabart\u0131p sorunlar\u0131na \u00e7\u00f6z\u00fcm getirmesi gereken bir kurum, bunun yapmaya \u00e7al\u0131\u015f\u0131yoruz. Akdeniz \u00dcniversitesi biraz kapal\u0131yd\u0131 Antalya\u2019ya bunu y\u0131kmaya \u00e7al\u0131\u015ft\u0131m. G\u00f6rev s\u00fcrem zarf\u0131nda Akdeniz \u00dcniversitesi\u2019ni Antalya ile bulu\u015fturmaya \u00e7al\u0131\u015ft\u0131m. Antalya\u2019y\u0131 da \u00fcniversiteye al\u0131\u015ft\u0131rmaya \u00e7al\u0131\u015ft\u0131m. Antalyal\u0131lar\u0131n destek vermesi \u00fcniversiteyi farkl\u0131 bir yere getirecektir.\u201d \u015feklinde konu\u015ftu.<\/p>\n\n\n\n<p>HEDEF\u0130M\u0130ZDE \u0130LK 500\u2019E G\u0130RMEK<\/p>\n\n\n\n<p>Akdeniz \u00dcniversitesi\u2019nin kurulu\u015f amac\u0131n\u0131n e\u011fitim vermek oldu\u011funu s\u00f6yleyen Rekt\u00f6r \u00d6zkan, \u201cBiz g\u00f6reve geldi\u011fimizde Akdeniz \u00dcniversitesi bin 700 band\u0131ndayd\u0131 \u00fcniversite s\u0131ralamalar\u0131nda d\u00fcnyada. \u015eu an binin alt\u0131nday\u0131z. Bundan sonraki hedefimizde ilk 500\u2019e girmek.\u201d dedi.<\/p>\n\n\n\n<p>T\u00dcRK\u0130YE\u2019N\u0130N \u0130LK YE\u015e\u0130L ENERJ\u0130L\u0130 \u00dcN\u0130VERS\u0130TES\u0130 OLACA\u011eIZ<\/p>\n\n\n\n<p>Rekt\u00f6r \u00d6zkan, \u201cT\u00fcrkiye\u2019nin ilk ye\u015fil enerjili \u00fcniversitesi olaca\u011f\u0131z. Bin y\u00fcz d\u00f6n\u00fcm aras\u0131 tahsisi ald\u0131k Korkuteli\u2019nde. 30 Megavatl\u0131k bir G\u00fcne\u015f Enerji Santrali olacak. Hem bin y\u00fcz d\u00f6n\u00fcm araziyi bulmak kolay olmad\u0131 hem de ikna etmek zor insanlar\u0131, firmalar\u0131 \u00e7\u00fcnk\u00fc firmalar kazan\u00e7lar\u0131na bak\u0131yorlar ama kamunun da kazan\u00e7l\u0131 olmas\u0131 gerekiyor. \u0130lerleyen s\u00fcre\u00e7te yap\u0131m\u0131na ba\u015flayaca\u011f\u0131z.\u201d dedi.<\/p>\n\n\n\n<p>OTOPARK SORUNUNU \u00c7\u00d6ZD\u00dcK<\/p>\n\n\n\n<p>Akdeniz \u00dcniversitesi Hastanesi\u2019nin otopark sorunu oldu\u011funu s\u00f6yleyen Rekt\u00f6r \u00d6zkan, Antalya B\u00fcy\u00fck\u015fehir Belediyesi ile birlikte bu sorunu \u00e7\u00f6zd\u00fcklerini ve yak\u0131nda zamanda a\u00e7\u0131l\u0131\u015f\u0131n\u0131n ger\u00e7ekle\u015ftirilece\u011fini s\u00f6yledi.<\/p>\n\n\n\n<p>NAK\u0130LLER\u0130N\u00dcLKE SA\u011eLIK TUR\u0130ZM\u0130NE C\u0130DD\u0130 KATKISI OLDU<\/p>\n\n\n\n<p>Sa\u011fl\u0131k turizmine ili\u015fkin de\u011ferlendirmelerde de bulunan Rekt\u00f6r \u00d6zkan, \u201cBiz 2010 y\u0131l\u0131nda kol naklini yapt\u0131k. B\u00fct\u00fcn d\u00fcnyada T\u00fcrkiye, kol, y\u00fcz, rahim nakli deyince bir marka haline geldi. \u0130nsanlar bu nakiller burada yap\u0131l\u0131yorsa her \u015fey yap\u0131l\u0131yordur diye d\u00fc\u015f\u00fcn\u00fcyorlar. Y\u00fcz, kol, rahim nakillerinde ve karaci\u011fer, b\u00f6brek nakillerinde hakikaten Antalya ve T\u00fcrkiye\u2019nin sa\u011fl\u0131k turizmine \u00e7ok ciddi katk\u0131larda bulundu. Bunu g\u00f6z ard\u0131 etmemiz gerekiyor.\u201d dedi.<\/p>\n\n\n\n<p>KANSER A\u015eISI VE YAPAY ORGAN \u00dcZER\u0130NDE \u00c7ALI\u015eIYORUZ<\/p>\n\n\n\n<p>Rekt\u00f6r \u00d6zkan \u201cAltyap\u0131 \u00e7al\u0131\u015fmalar\u0131m\u0131z devam ediyor. Cumhurba\u015fkanl\u0131\u011f\u0131ndan ald\u0131\u011f\u0131m\u0131z b\u00fct\u00e7e ile en k\u0131sa zamanda kanser a\u015f\u0131s\u0131 ve yapay organ \u00fczerinde \u00e7al\u0131\u015f\u0131yoruz. Bunlar\u0131 da en k\u0131sa zamanda T\u00fcrkiye\u2019ye kazand\u0131rmak istiyoruz. Hem bilimsel olarak hem e\u011fitim olarak hem de sa\u011fl\u0131k alan\u0131nda \u00e7ok \u00f6nemli bir proje. \u00c7ok \u00f6nemli bilim insanlar\u0131m\u0131z var. Onkoloji alan\u0131nda da transplantasyonda oldu\u011fumuz kadar iyiyiz.\u201d ifadelerini kulland\u0131.<\/p>\n\n\n\n<p>Rekt\u00f6r \u00d6zkan, ilerleyen s\u00fcre\u00e7te hastalar\u0131n konaklayaca\u011f\u0131 110 odal\u0131 bir tesisinde \u00fcniversite i\u00e7erisinde a\u00e7\u0131l\u0131\u015f\u0131n\u0131 ger\u00e7ekle\u015ftireceklerini s\u00f6yledi.<\/p>\n\n\n\n<p>TARIM TEKNOKET\u0130N\u0130 HAYATA GE\u00c7\u0130R\u0130YORUZ<\/p>\n\n\n\n<p>Antalya Teknokenti\u2019nin T\u00fcrkiye\u2019de yedinci s\u0131rada oldu\u011funu s\u00f6yleyen Rekt\u00f6r \u00d6zkan, \u201cTeknokentler kamu \u00f6zel ortakl\u0131\u011f\u0131 olan bir yer. \u0130\u00e7erisinde bir\u00e7ok firma var. \u00dcniversite ile beraber sekt\u00f6re ger\u00e7ekten \u00fcr\u00fcn kazand\u0131ran yap\u0131lar. 101 teknokent var biz yedinci s\u0131raday\u0131z. Antalya\u2019da de\u011fil de Ankara\u2019da olsayd\u0131k ilk be\u015fi, ilk \u00fc\u00e7\u00fc zorlard\u0131k. \u00c7\u00fcnk\u00fc teknokentlerin s\u0131ralamas\u0131nda cirolar \u00f6nemli. Teknokentte en \u00e7ok yaz\u0131l\u0131m firmas\u0131 var. Antalya turizm ve tar\u0131m \u015fehri oldu\u011fu i\u00e7in ikiye b\u00f6lmeye karar verdik. Konulu teknokentler olsun dedik. \u00d6yle oldu\u011fu zaman daha b\u00fcy\u00fck firmalar\u0131 \u00e7ekebiliyorsunuz b\u00fcnyenize. Bili\u015fim Teknokenti ve Tar\u0131m Teknokenti olarak ikiye ay\u0131rd\u0131k. Aksu\u2019daki \u00fcniversite arazimizde bir tar\u0131m teknokenti planlad\u0131k. \u015eimdiden \u00e7ok b\u00fcy\u00fc firmalar. er kiralay\u0131p arge yapmak i\u00e7in bizimle anla\u015fmalar yapt\u0131lar. Tar\u0131m Teknokentinin Antalya i\u00e7in muhte\u015fem olaca\u011f\u0131n\u0131 d\u00fc\u015f\u00fcn\u00fcyorum.\u201d \u015feklinde konu\u015ftu.<\/p>\n\n\n\n<p>G\u00dcNKAF\u2019A DAVET<\/p>\n\n\n\n<p>Cuma g\u00fcn\u00fc ger\u00e7ekle\u015ftirilecek olan G\u00fcney Kariyer Fuar\u0131na kat\u0131l\u0131mc\u0131lar\u0131 davet eden Rekt\u00f6r \u00d6zkan, Akdeniz \u00dcniversitesi liderli\u011finde 14 \u00fcniversitenin kat\u0131l\u0131m\u0131yla 250 sekt\u00f6r\u00fcn stant kuraca\u011f\u0131n\u0131 ve \u00f6\u011frencilerle sekt\u00f6r temsilcilerinin bir araya gelece\u011fini ifade etti.<\/p>\n\n\n\n<p>Rekt\u00f6r \u00d6zkan, kat\u0131l\u0131mc\u0131lar\u0131n sorular\u0131na da tek tek cevap verdi. Toplant\u0131n\u0131n sonunda g\u00fcn\u00fcn anlam ve \u00f6nemine binaen plaket ve hediye takdimi ger\u00e7ekle\u015ftirilerek toplu foto\u011fraf \u00e7ekimi yap\u0131ld\u0131.<\/p>\n\n\n\n<p>Akdeniz \u00dcniversitesi Rekt\u00f6rl\u00fc\u011f\u00fc \/ B\u00fclten<\/p>\n","protected":false},"excerpt":{"rendered":"<p>Akdeniz \u00dcniversitesi Rekt\u00f6r\u00fc Prof. Dr. \u00d6zlenen \u00d6zkan, Antalya Dayan\u0131\u015fma Grubu toplant\u0131s\u0131na kat\u0131larak i\u015f insanlar\u0131n\u0131n Akdeniz \u00dcniversitesi ve son d\u00f6nem projelerine ili\u015fkin sordu\u011fu sorular\u0131 cevaplad\u0131. Antalya <a href=\"https:\/\/akdenizhaber.com.tr\/index.php\/2024\/02\/22\/turkiyenin-ilk-yesil-enerjili-universitesi-olacagiz\/\" class=\"read-more-link\">[more&#8230;]<\/a><\/p>\n","protected":false},"author":2,"featured_media":20796,"comment_status":"open","ping_status":"open","sticky":false,"template":"","format":"standard","meta":{"footnotes":""},"categories":[2],"tags":[],"class_list":["post-20795","post","type-post","status-publish","format-standard","has-post-thumbnail","hentry","category-gundem"],"_links":{"self":[{"href":"https:\/\/akdenizhaber.com.tr\/index.php\/wp-json\/wp\/v2\/posts\/20795","targetHints":{"allow":["GET"]}}],"collection":[{"href":"https:\/\/akdenizhaber.com.tr\/index.php\/wp-json\/wp\/v2\/posts"}],"about":[{"href":"https:\/\/akdenizhaber.com.tr\/index.php\/wp-json\/wp\/v2\/types\/post"}],"author":[{"embeddable":true,"href":"https:\/\/akdenizhaber.com.tr\/index.php\/wp-json\/wp\/v2\/users\/2"}],"replies":[{"embeddable":true,"href":"https:\/\/akdenizhaber.com.tr\/index.php\/wp-json\/wp\/v2\/comments?post=20795"}],"version-history":[{"count":0,"href":"https:\/\/akdenizhaber.com.tr\/index.php\/wp-json\/wp\/v2\/posts\/20795\/revisions"}],"wp:featuredmedia":[{"embeddable":true,"href":"https:\/\/akdenizhaber.com.tr\/index.php\/wp-json\/wp\/v2\/media\/20796"}],"wp:attachment":[{"href":"https:\/\/akdenizhaber.com.tr\/index.php\/wp-json\/wp\/v2\/media?parent=20795"}],"wp:term":[{"taxonomy":"category","embeddable":true,"href":"https:\/\/akdenizhaber.com.tr\/index.php\/wp-json\/wp\/v2\/categories?post=20795"},{"taxonomy":"post_tag","embeddable":true,"href":"https:\/\/akdenizhaber.com.tr\/index.php\/wp-json\/wp\/v2\/tags?post=20795"}],"curies":[{"name":"wp","href":"https:\/\/api.w.org\/{rel}","templated":true}]}}