{"id":20743,"date":"2024-02-20T12:06:03","date_gmt":"2024-02-20T09:06:03","guid":{"rendered":"https:\/\/akdenizhaber.com.tr\/?p=20743"},"modified":"2024-02-20T12:42:07","modified_gmt":"2024-02-20T09:42:07","slug":"devanin-belediye-baskan-adayi-sarikaya-oldu","status":"publish","type":"post","link":"https:\/\/akdenizhaber.com.tr\/index.php\/2024\/02\/20\/devanin-belediye-baskan-adayi-sarikaya-oldu\/","title":{"rendered":"DEVA\u2019n\u0131n Belediye Ba\u015fkan Aday\u0131 Sar\u0131kaya Oldu"},"content":{"rendered":"\n<p>Demokrasi ve At\u0131l\u0131m Partisi (DEVA) Manavgat Belediye Ba\u015fkan Aday\u0131 Z\u00fcbeyir Sar\u0131kaya oldu.<\/p>\n\n\n\n<figure class=\"wp-block-image\"><img decoding=\"async\" src=\"https:\/\/akdenizhaber.com.tr\/wp-content\/uploads\/2024\/02\/Z.Sarikaya-871x1024.jpg\" alt=\"\"\/><\/figure>\n\n\n\n<p>\u00d6nceki g\u00fcn yap\u0131lan DEVA Manavgat \u0130l\u00e7e Belediye Ba\u015fkan aday\u0131 a\u00e7\u0131klama lansman\u0131nda konu\u015fan \u0130l\u00e7e Ba\u015fkan\u0131 Dilaver Akpolat, 31 mart se\u00e7imlerinde partisinin g\u00fcc\u00fcn\u00fcn net bir \u015fekilde ortaya \u00e7\u0131kaca\u011f\u0131n\u0131 belirterek, \u201ct\u00fcm partiler oy kayb\u0131 ya\u015farken partimiz halk\u0131m\u0131z\u0131n tevecc\u00fch\u00fcne mazhar olarak oy potansiyelini art\u0131ran tek parti olacakt\u0131r. Manavgat Belediye Ba\u015fkan Aday\u0131m\u0131z Say\u0131n Z\u00fcbeyir Sar\u0131kaya uzun zamand\u0131r Manavgat\u2019ta ya\u015fayan ve ticaretini s\u00fcrd\u00fcren, il\u00e7emizin t\u00fcm sorunlar\u0131n\u0131 ve s\u0131k\u0131nt\u0131lar\u0131n\u0131 yak\u0131ndan bilen burada ya\u015fayan birisidir. \u00d6n\u00fcm\u00fczdeki s\u00fcre\u00e7te bu konularla ilgili&nbsp;&nbsp; gereken \u00e7\u00f6z\u00fcmlemeler kamuoyuna anlat\u0131lacakt\u0131r. Manavgat\u2019\u0131m\u0131za hay\u0131rl\u0131 olsun\u201d dedi.<\/p>\n\n\n\n<p>Belediye Ba\u015fkan Aday\u0131 olarak g\u00f6sterilen Z\u00fcbeyir Sar\u0131kaya ise \u201cB\u00f6yle bir g\u00f6reve lay\u0131k g\u00f6r\u00fcld\u00fc\u011f\u00fcm i\u00e7in parti y\u00f6netimimize \u00e7ok te\u015fekk\u00fcr ederim. Sorunlar ve \u00e7\u00f6z\u00fcmlerimiz belli. En b\u00fcy\u00fck problemimiz trafik karma\u015fas\u0131. Bunu yapay \u015felale \u00f6n\u00fcnden do\u011fu garaj\u0131na kadar olan g\u00fczergahta rayl\u0131 sistemle \u00e7\u00f6zece\u011fiz. Manavgat \u0131rma\u011f\u0131n\u0131n bo\u015fa ak\u0131p gitti\u011fi bir yerde vatanda\u015flar\u0131m\u0131z\u0131n 15 tona kadar olan kullan\u0131mlar\u0131ndan \u00fccret almayaca\u011f\u0131z. Bug\u00fcnden itibaren sahaya iniyoruz. Vatanda\u015flar\u0131m\u0131zla bir araya gelerek sorunlar\u0131n\u0131 dinleyecek, \u00e7\u00f6z\u00fcmlerimizi sunaca\u011f\u0131z.\u201d \u015feklinde konu\u015ftu.<\/p>\n\n\n\n<p>Haber Merkezi<\/p>\n","protected":false},"excerpt":{"rendered":"<p>Demokrasi ve At\u0131l\u0131m Partisi (DEVA) Manavgat Belediye Ba\u015fkan Aday\u0131 Z\u00fcbeyir Sar\u0131kaya oldu. \u00d6nceki g\u00fcn yap\u0131lan DEVA Manavgat \u0130l\u00e7e Belediye Ba\u015fkan aday\u0131 a\u00e7\u0131klama lansman\u0131nda konu\u015fan \u0130l\u00e7e <a href=\"https:\/\/akdenizhaber.com.tr\/index.php\/2024\/02\/20\/devanin-belediye-baskan-adayi-sarikaya-oldu\/\" class=\"read-more-link\">[more&#8230;]<\/a><\/p>\n","protected":false},"author":2,"featured_media":20747,"comment_status":"open","ping_status":"open","sticky":false,"template":"","format":"standard","meta":{"footnotes":""},"categories":[2],"tags":[],"class_list":["post-20743","post","type-post","status-publish","format-standard","has-post-thumbnail","hentry","category-gundem"],"_links":{"self":[{"href":"https:\/\/akdenizhaber.com.tr\/index.php\/wp-json\/wp\/v2\/posts\/20743","targetHints":{"allow":["GET"]}}],"collection":[{"href":"https:\/\/akdenizhaber.com.tr\/index.php\/wp-json\/wp\/v2\/posts"}],"about":[{"href":"https:\/\/akdenizhaber.com.tr\/index.php\/wp-json\/wp\/v2\/types\/post"}],"author":[{"embeddable":true,"href":"https:\/\/akdenizhaber.com.tr\/index.php\/wp-json\/wp\/v2\/users\/2"}],"replies":[{"embeddable":true,"href":"https:\/\/akdenizhaber.com.tr\/index.php\/wp-json\/wp\/v2\/comments?post=20743"}],"version-history":[{"count":0,"href":"https:\/\/akdenizhaber.com.tr\/index.php\/wp-json\/wp\/v2\/posts\/20743\/revisions"}],"wp:featuredmedia":[{"embeddable":true,"href":"https:\/\/akdenizhaber.com.tr\/index.php\/wp-json\/wp\/v2\/media\/20747"}],"wp:attachment":[{"href":"https:\/\/akdenizhaber.com.tr\/index.php\/wp-json\/wp\/v2\/media?parent=20743"}],"wp:term":[{"taxonomy":"category","embeddable":true,"href":"https:\/\/akdenizhaber.com.tr\/index.php\/wp-json\/wp\/v2\/categories?post=20743"},{"taxonomy":"post_tag","embeddable":true,"href":"https:\/\/akdenizhaber.com.tr\/index.php\/wp-json\/wp\/v2\/tags?post=20743"}],"curies":[{"name":"wp","href":"https:\/\/api.w.org\/{rel}","templated":true}]}}