{"id":20739,"date":"2024-02-20T12:04:21","date_gmt":"2024-02-20T09:04:21","guid":{"rendered":"https:\/\/akdenizhaber.com.tr\/?p=20739"},"modified":"2024-02-20T12:04:21","modified_gmt":"2024-02-20T09:04:21","slug":"iliskiler-2","status":"publish","type":"post","link":"https:\/\/akdenizhaber.com.tr\/index.php\/2024\/02\/20\/iliskiler-2\/","title":{"rendered":"\u0130li\u015fkiler"},"content":{"rendered":"\n<p>G\u00fcnayd\u0131n g\u00fczel insanlar\u2026<br>\u0130li\u015fkiler, birbirine benzemeyen iki bireyin ortak bir paydada bulu\u015fmaya \u00e7al\u0131\u015ft\u0131\u011f\u0131 karma\u015f\u0131k deneyimlerdir. Her birimizin farkl\u0131 ge\u00e7mi\u015flerimiz, deneyimlerimiz ve inan\u00e7lar\u0131m\u0131z vard\u0131r. \u0130\u015fte bu noktada, ayn\u0131 pencereden bakma kavram\u0131 devreye girer. Ayn\u0131 pencereden bakman\u0131n \u00f6nemini anlamak i\u00e7in, ili\u015fkinizin temel ta\u015flar\u0131ndan biri olan ileti\u015fime dikkat etmek gerekir. \u0130leti\u015fim, a\u00e7\u0131k ve d\u00fcr\u00fcst bir \u015fekilde duygular\u0131 ifade etmeyi ve dinlemeyi i\u00e7erir. \u0130li\u015fkinizde ortaya \u00e7\u0131kan sorunlar\u0131, kar\u015f\u0131l\u0131kl\u0131 konu\u015farak \u00e7\u00f6zmek, partnerinizin bak\u0131\u015f a\u00e7\u0131s\u0131n\u0131 anlamaya \u00e7al\u0131\u015fmak ili\u015fkinizin derinle\u015fmesine yard\u0131mc\u0131 olur. Her iki taraf da kar\u015f\u0131l\u0131kl\u0131 olarak birbirlerini anlad\u0131\u011f\u0131nda, ili\u015fkinin temeli sa\u011flam bir \u015fekilde oturur ve sayg\u0131 duygusu g\u00fc\u00e7lenir. \u0130li\u015fkilerdeki uyumun ve mutlulu\u011fun temelinde, partnerlerin hayata benzer bir perspektiften bakmalar\u0131 yatar. Bu, birbirimizin d\u00fc\u015f\u00fcncelerini, duygular\u0131n\u0131 ve de\u011ferlerini anlamaya \u00e7al\u0131\u015fmakla ba\u015flar. \u0130\u015fte burada, sayg\u0131 b\u00fcy\u00fck bir \u00f6nem ta\u015f\u0131r. Sayg\u0131, ili\u015fkilerin temel ta\u015f\u0131d\u0131r. Ancak, sayg\u0131 sadece partnerler aras\u0131nda de\u011fil, \u00e7evremizle olan ili\u015fkilerde de ge\u00e7erlidir. Her birimiz farkl\u0131 ge\u00e7mi\u015flerden, deneyimlerden ve inan\u00e7lardan geliriz. Farkl\u0131 d\u00fc\u015f\u00fcncelere, farkl\u0131 ya\u015fam tarzlar\u0131na ve farkl\u0131 de\u011ferlere sahip olabiliriz. \u0130\u015fte burada, kar\u015f\u0131l\u0131kl\u0131 olarak sayg\u0131yla yakla\u015fman\u0131n ve birbirimizi anlama \u00e7abas\u0131n\u0131n \u00f6nemi ortaya \u00e7\u0131kar. Sayg\u0131, ili\u015fkilerin vazge\u00e7ilmez bir unsuru oldu\u011funu unutmamak gerekiyor. Partnerinizin fikirlerine, duygular\u0131na ve ihtiya\u00e7lar\u0131na sayg\u0131 duymak, onlar\u0131 de\u011ferli hissettirmenin en \u00f6nemli yollar\u0131ndan biridir. Her iki taraf da sayg\u0131yla yakla\u015ft\u0131\u011f\u0131nda, tart\u0131\u015fmalar\u0131n, anla\u015fmazl\u0131klar\u0131n ve \u00e7at\u0131\u015fmalar\u0131n \u00fcstesinden gelmek daha kolay<\/p>\n\n\n\n<p>ESRA \u0130\u00c7G\u00d6Z<\/p>\n","protected":false},"excerpt":{"rendered":"<p>G\u00fcnayd\u0131n g\u00fczel insanlar\u2026\u0130li\u015fkiler, birbirine benzemeyen iki bireyin ortak bir paydada bulu\u015fmaya \u00e7al\u0131\u015ft\u0131\u011f\u0131 karma\u015f\u0131k deneyimlerdir. Her birimizin farkl\u0131 ge\u00e7mi\u015flerimiz, deneyimlerimiz ve inan\u00e7lar\u0131m\u0131z vard\u0131r. \u0130\u015fte bu noktada, <a href=\"https:\/\/akdenizhaber.com.tr\/index.php\/2024\/02\/20\/iliskiler-2\/\" class=\"read-more-link\">[more&#8230;]<\/a><\/p>\n","protected":false},"author":2,"featured_media":20615,"comment_status":"open","ping_status":"open","sticky":false,"template":"","format":"standard","meta":{"footnotes":""},"categories":[2],"tags":[],"class_list":["post-20739","post","type-post","status-publish","format-standard","has-post-thumbnail","hentry","category-gundem"],"_links":{"self":[{"href":"https:\/\/akdenizhaber.com.tr\/index.php\/wp-json\/wp\/v2\/posts\/20739","targetHints":{"allow":["GET"]}}],"collection":[{"href":"https:\/\/akdenizhaber.com.tr\/index.php\/wp-json\/wp\/v2\/posts"}],"about":[{"href":"https:\/\/akdenizhaber.com.tr\/index.php\/wp-json\/wp\/v2\/types\/post"}],"author":[{"embeddable":true,"href":"https:\/\/akdenizhaber.com.tr\/index.php\/wp-json\/wp\/v2\/users\/2"}],"replies":[{"embeddable":true,"href":"https:\/\/akdenizhaber.com.tr\/index.php\/wp-json\/wp\/v2\/comments?post=20739"}],"version-history":[{"count":0,"href":"https:\/\/akdenizhaber.com.tr\/index.php\/wp-json\/wp\/v2\/posts\/20739\/revisions"}],"wp:featuredmedia":[{"embeddable":true,"href":"https:\/\/akdenizhaber.com.tr\/index.php\/wp-json\/wp\/v2\/media\/20615"}],"wp:attachment":[{"href":"https:\/\/akdenizhaber.com.tr\/index.php\/wp-json\/wp\/v2\/media?parent=20739"}],"wp:term":[{"taxonomy":"category","embeddable":true,"href":"https:\/\/akdenizhaber.com.tr\/index.php\/wp-json\/wp\/v2\/categories?post=20739"},{"taxonomy":"post_tag","embeddable":true,"href":"https:\/\/akdenizhaber.com.tr\/index.php\/wp-json\/wp\/v2\/tags?post=20739"}],"curies":[{"name":"wp","href":"https:\/\/api.w.org\/{rel}","templated":true}]}}