{"id":20721,"date":"2024-02-20T11:59:10","date_gmt":"2024-02-20T08:59:10","guid":{"rendered":"https:\/\/akdenizhaber.com.tr\/?p=20721"},"modified":"2024-02-20T11:59:11","modified_gmt":"2024-02-20T08:59:11","slug":"iyi-parti-manavgat-adayi-mustafa-erol-oldu","status":"publish","type":"post","link":"https:\/\/akdenizhaber.com.tr\/index.php\/2024\/02\/20\/iyi-parti-manavgat-adayi-mustafa-erol-oldu\/","title":{"rendered":"\u0130yi Parti Manavgat Aday\u0131 Mustafa Erol Oldu"},"content":{"rendered":"\n<p>31 Mart\u2019ta yap\u0131lacak yerel y\u00f6netimler se\u00e7imi i\u00e7in \u0130Y\u0130 Parti Manavgat \u0130l\u00e7e Te\u015fkilat\u0131, Belediye Ba\u015fkan Aday\u0131 olarak Mustafa Erol\u2019u g\u00f6sterdi.,<\/p>\n\n\n\n<p>\u201cMecbur de\u011filsin \u0130Y\u0130si var slogan\u0131yla se\u00e7im \u00e7al\u0131\u015fmalar\u0131na h\u0131z verecek olan \u0130Y\u0130 Parti Manavgat Belediye Ba\u015fkan Aday\u0131 olarak g\u00f6sterilen Mustafa Erol eski bir Belediyeci.<\/p>\n\n\n\n<p>MUSTAFA EROL K\u0130MD\u0130R?<\/p>\n\n\n\n<p>1967 Manavgat Do\u011fumlu olan Mustafa Erol, Marmara \u00dcniversitesi \u0130ktisadi ve \u0130dari Bilimler Fak\u00fcltesi Kamu Y\u00f6netimi b\u00f6l\u00fcm\u00fc mezunu.<\/p>\n\n\n\n<p>Milliyet\u00e7i Hareket Partisi (MHP) \u0130l\u00e7e Ba\u015fkan Yard\u0131mc\u0131l\u0131\u011f\u0131 ve \u0130l\u00e7e Ba\u015fkanl\u0131\u011f\u0131 yapt\u0131.&nbsp; 2 d\u00f6nem Manavgat Belediye Meclis \u00dcyeli\u011fi ve Manavgat Belediye Ba\u015fkan Yard\u0131mc\u0131l\u0131\u011f\u0131 (MHP) g\u00f6revinde bulundu.&nbsp; \u0130Y\u0130 Parti\u2019nin kurulu\u015fundan itibaren, Manavgat \u0130l\u00e7e Kurucu \u00dcyeli\u011fi, Antalya \u0130l ve \u0130l\u00e7e Y\u00f6netimi ve Genel Kurul Delegeli\u011fi yapt\u0131. Atat\u00fcrk\u00e7\u00fc, tutkulu bir vatansever ve etkili bir lider olarak tan\u0131n\u0131yor.<\/p>\n\n\n\n<p>Haber Merkezi<\/p>\n","protected":false},"excerpt":{"rendered":"<p>31 Mart\u2019ta yap\u0131lacak yerel y\u00f6netimler se\u00e7imi i\u00e7in \u0130Y\u0130 Parti Manavgat \u0130l\u00e7e Te\u015fkilat\u0131, Belediye Ba\u015fkan Aday\u0131 olarak Mustafa Erol\u2019u g\u00f6sterdi., \u201cMecbur de\u011filsin \u0130Y\u0130si var slogan\u0131yla se\u00e7im <a href=\"https:\/\/akdenizhaber.com.tr\/index.php\/2024\/02\/20\/iyi-parti-manavgat-adayi-mustafa-erol-oldu\/\" class=\"read-more-link\">[more&#8230;]<\/a><\/p>\n","protected":false},"author":2,"featured_media":20722,"comment_status":"open","ping_status":"open","sticky":false,"template":"","format":"standard","meta":{"footnotes":""},"categories":[2],"tags":[],"class_list":["post-20721","post","type-post","status-publish","format-standard","has-post-thumbnail","hentry","category-gundem"],"_links":{"self":[{"href":"https:\/\/akdenizhaber.com.tr\/index.php\/wp-json\/wp\/v2\/posts\/20721","targetHints":{"allow":["GET"]}}],"collection":[{"href":"https:\/\/akdenizhaber.com.tr\/index.php\/wp-json\/wp\/v2\/posts"}],"about":[{"href":"https:\/\/akdenizhaber.com.tr\/index.php\/wp-json\/wp\/v2\/types\/post"}],"author":[{"embeddable":true,"href":"https:\/\/akdenizhaber.com.tr\/index.php\/wp-json\/wp\/v2\/users\/2"}],"replies":[{"embeddable":true,"href":"https:\/\/akdenizhaber.com.tr\/index.php\/wp-json\/wp\/v2\/comments?post=20721"}],"version-history":[{"count":0,"href":"https:\/\/akdenizhaber.com.tr\/index.php\/wp-json\/wp\/v2\/posts\/20721\/revisions"}],"wp:featuredmedia":[{"embeddable":true,"href":"https:\/\/akdenizhaber.com.tr\/index.php\/wp-json\/wp\/v2\/media\/20722"}],"wp:attachment":[{"href":"https:\/\/akdenizhaber.com.tr\/index.php\/wp-json\/wp\/v2\/media?parent=20721"}],"wp:term":[{"taxonomy":"category","embeddable":true,"href":"https:\/\/akdenizhaber.com.tr\/index.php\/wp-json\/wp\/v2\/categories?post=20721"},{"taxonomy":"post_tag","embeddable":true,"href":"https:\/\/akdenizhaber.com.tr\/index.php\/wp-json\/wp\/v2\/tags?post=20721"}],"curies":[{"name":"wp","href":"https:\/\/api.w.org\/{rel}","templated":true}]}}