{"id":20675,"date":"2024-02-19T12:18:55","date_gmt":"2024-02-19T09:18:55","guid":{"rendered":"https:\/\/akdenizhaber.com.tr\/?p=20675"},"modified":"2024-02-19T12:18:55","modified_gmt":"2024-02-19T09:18:55","slug":"yunan-ordusundan-ele-gecirilen-tank-sehitlikte-sergileniyor","status":"publish","type":"post","link":"https:\/\/akdenizhaber.com.tr\/index.php\/2024\/02\/19\/yunan-ordusundan-ele-gecirilen-tank-sehitlikte-sergileniyor\/","title":{"rendered":"Yunan ordusundan ele ge\u00e7irilen tank \u015eehitlikte sergileniyor."},"content":{"rendered":"\n<p>20 Temmuz&#8217;da d\u00f6nemin Ba\u015fbakan\u0131 B\u00fclent Ecevit ile Koalisyon orta\u011f\u0131 Ba\u015fbakan Yard\u0131mc\u0131s\u0131 Prof. Dr. Necmettin Erbakan&#8217;\u0131n ortakla\u015fa T\u00fcrk Silahl\u0131 Kuvvetlerine verdi\u011fi emir ile yap\u0131lan K\u0131br\u0131s Bar\u0131\u015f Hareketi&#8217;nde Yunan ordusundan ald\u0131\u011f\u0131 Rus yap\u0131m\u0131 tanklar, havan topu, ke\u015fif arac\u0131 ve roket atalar Mersin&#8217;in Silifke il\u00e7esinde sergileniyor.<\/p>\n\n\n\n<p>Mersin&#8217;in Silifke il\u00e7esinde 1974 K\u0131br\u0131s Bar\u0131\u015f Harekat\u0131 dan&nbsp; iki y\u0131l sonra, harekette \u015fehit d\u00fc\u015fen asker,sivil ve m\u00fccahitler an\u0131s\u0131na K\u0131br\u0131s \u015eehitli\u011fi An\u0131t\u0131 bulunuyor. 1976 y\u0131l\u0131nda a\u00e7\u0131lan \u015fehitlik sembolik bir \u015fehitlik. K\u0131br\u0131s \u015eehitli\u011fi&#8217;nde \u015fehitler an\u0131s\u0131na 454 \u015fehit an\u0131s\u0131na&nbsp; 48 y\u0131l \u00f6nce dikilen 45 ard\u0131\u00e7 a\u011fac\u0131 bulunuyor.<\/p>\n\n\n\n<p>K\u0131br\u0131s \u015eehitlik An\u0131t\u0131n\u0131 y\u0131ll\u0131k 26 bin ki\u015fi ziyaret ediyor ve sembolik mezarlar\u0131n ba\u015f\u0131nda dua ediyor.<\/p>\n\n\n\n<p>Silifke K\u0131br\u0131s&nbsp;&nbsp; \u015eehitli\u011fi An\u0131t\u0131n ziyaret eden Silifkeli Yusuf Ba\u015ftu\u011f, &#8221; F\u0131rsat bulduk\u00e7a ailecek mezarlar ziyaret ediyor ve dua ediyoruz. Harek\u00e2t s\u0131ras\u0131nda ya\u015fam\u0131n\u0131 kaybeden 454 subay, astsubay, erba\u015f ve erin her biri i\u00e7in birer a\u011fa\u00e7 dikilmi\u015ftir. \u015eehitlikte ayr\u0131ca bir Atat\u00fcrk an\u0131t\u0131, K\u0131br\u0131s\u2019ta ya\u015fam\u0131n\u0131 kaybeden 220 m\u00fccahit i\u00e7in bir an\u0131t ve t\u00f6ren alan\u0131 da yer almakta. \u015eehitlikte bunlar\u0131n d\u0131\u015f\u0131nda harek\u00e2t s\u0131ras\u0131nda K\u0131br\u0131s\u2019ta ele ge\u00e7en \u00e7e\u015fitli sava\u015f malzemeleri de sergilenmektedir.[Bu malzeme aras\u0131nda yer alan Sovyet yap\u0131m\u0131 T-34 tank\u0131 2014 y\u0131l\u0131nda \u015fehitlik y\u00f6netiminden sorumlu Silifke Orman \u015eefli\u011fince Mersin\u2019deki Rauf Denkta\u015f Park\u0131na teslim edilmi\u015fse de Silifke Belediyesinin itiraz\u0131 \u00fczerine tank iade edilmi\u015ftir&#8221;diye konu\u015ftu.<\/p>\n\n\n\n<p>Haber\/Abdurrahman B\u00fcy\u00fckkeskin<\/p>\n","protected":false},"excerpt":{"rendered":"<p>20 Temmuz&#8217;da d\u00f6nemin Ba\u015fbakan\u0131 B\u00fclent Ecevit ile Koalisyon orta\u011f\u0131 Ba\u015fbakan Yard\u0131mc\u0131s\u0131 Prof. Dr. Necmettin Erbakan&#8217;\u0131n ortakla\u015fa T\u00fcrk Silahl\u0131 Kuvvetlerine verdi\u011fi emir ile yap\u0131lan K\u0131br\u0131s Bar\u0131\u015f <a href=\"https:\/\/akdenizhaber.com.tr\/index.php\/2024\/02\/19\/yunan-ordusundan-ele-gecirilen-tank-sehitlikte-sergileniyor\/\" class=\"read-more-link\">[more&#8230;]<\/a><\/p>\n","protected":false},"author":2,"featured_media":20676,"comment_status":"open","ping_status":"open","sticky":false,"template":"","format":"standard","meta":{"footnotes":""},"categories":[2],"tags":[],"class_list":["post-20675","post","type-post","status-publish","format-standard","has-post-thumbnail","hentry","category-gundem"],"_links":{"self":[{"href":"https:\/\/akdenizhaber.com.tr\/index.php\/wp-json\/wp\/v2\/posts\/20675","targetHints":{"allow":["GET"]}}],"collection":[{"href":"https:\/\/akdenizhaber.com.tr\/index.php\/wp-json\/wp\/v2\/posts"}],"about":[{"href":"https:\/\/akdenizhaber.com.tr\/index.php\/wp-json\/wp\/v2\/types\/post"}],"author":[{"embeddable":true,"href":"https:\/\/akdenizhaber.com.tr\/index.php\/wp-json\/wp\/v2\/users\/2"}],"replies":[{"embeddable":true,"href":"https:\/\/akdenizhaber.com.tr\/index.php\/wp-json\/wp\/v2\/comments?post=20675"}],"version-history":[{"count":0,"href":"https:\/\/akdenizhaber.com.tr\/index.php\/wp-json\/wp\/v2\/posts\/20675\/revisions"}],"wp:featuredmedia":[{"embeddable":true,"href":"https:\/\/akdenizhaber.com.tr\/index.php\/wp-json\/wp\/v2\/media\/20676"}],"wp:attachment":[{"href":"https:\/\/akdenizhaber.com.tr\/index.php\/wp-json\/wp\/v2\/media?parent=20675"}],"wp:term":[{"taxonomy":"category","embeddable":true,"href":"https:\/\/akdenizhaber.com.tr\/index.php\/wp-json\/wp\/v2\/categories?post=20675"},{"taxonomy":"post_tag","embeddable":true,"href":"https:\/\/akdenizhaber.com.tr\/index.php\/wp-json\/wp\/v2\/tags?post=20675"}],"curies":[{"name":"wp","href":"https:\/\/api.w.org\/{rel}","templated":true}]}}