{"id":20644,"date":"2024-02-17T11:31:36","date_gmt":"2024-02-17T08:31:36","guid":{"rendered":"https:\/\/akdenizhaber.com.tr\/?p=20644"},"modified":"2024-02-17T11:31:37","modified_gmt":"2024-02-17T08:31:37","slug":"gazete-dagiticisi-osman-buluc-serikte-bagimsiz-belediye-baskani-adayi-oldu","status":"publish","type":"post","link":"https:\/\/akdenizhaber.com.tr\/index.php\/2024\/02\/17\/gazete-dagiticisi-osman-buluc-serikte-bagimsiz-belediye-baskani-adayi-oldu\/","title":{"rendered":"Gazete da\u011f\u0131t\u0131c\u0131s\u0131 Osman B\u00fcl\u00fc\u00e7 Serik&#8217;te Ba\u011f\u0131ms\u0131z Belediye Ba\u015fkan\u0131 Aday\u0131 oldu"},"content":{"rendered":"\n<p><\/p>\n\n\n\n<p>Serik Ba\u011f\u0131ms\u0131z Belediye Ba\u015fkan\u0131 Aday\u0131: Tek sermayem gazete da\u011f\u0131t\u0131m\u0131 yapt\u0131\u011f\u0131m bisikletim<\/p>\n\n\n\n<p>Antalya&#8217;n\u0131n Serik il\u00e7esinde yerel ve ulusal gazetelerin da\u011f\u0131t\u0131m\u0131n\u0131 yapan gazete da\u011f\u0131t\u0131c\u0131s\u0131 Osman B\u00fcl\u00fc\u00e7, Ba\u011f\u0131ms\u0131z Serik Belediye Ba\u015fkan\u0131 Aday\u0131 oldu\u011funu a\u00e7\u0131klad\u0131.<\/p>\n\n\n\n<p>\u0130l\u00e7e Se\u00e7im Kuruluna Ba\u011f\u0131ms\u0131z olarak Serik Belediye Ba\u015fkan\u0131 Aday\u0131 ba\u015fvurusunda bulunan gazete da\u011f\u0131t\u0131c\u0131s\u0131 Osman B\u00fcl\u00fc\u00e7 , ayn\u0131 zamanda Serik il\u00e7esinde 40 y\u0131l sonra ilk defa Ba\u011f\u0131ms\u0131z Belediye Ba\u015fkan\u0131 Aday\u0131na sahip oldu. Ba\u011f\u0131ms\u0131z Serik Belediye Ba\u015fkan\u0131 Aday\u0131 Osman B\u00fcl\u00fc\u00e7, tek sermayesinin Serik&#8217;in her yan\u0131na ulusal ve yerel gazete da\u011f\u0131t\u0131m\u0131 yapmas\u0131nda bine\u011fi olan bisikleti oldu\u011funu s\u00f6yledi. Ba\u011f\u0131ms\u0131z aday olmak i\u00e7in Serik halk\u0131 ile isti\u015fare etti\u011fini belirten Osman B\u00fcl\u00fc\u00e7,&#8217; Tek \u015fiar\u0131m d\u00fcr\u00fcstl\u00fc\u011f\u00fcm. Bug\u00fcne kadar bo\u011faz\u0131mdan haram lokma ge\u00e7medi. Se\u00e7ilmesi halinde d\u00fcr\u00fcst, adil, her yapt\u0131\u011f\u0131m i\u015fte ve icraat\u0131mda \u015feffaf, saydam ve hesap verebilir olaca\u011f\u0131m. D\u00fcr\u00fcstl\u00fc\u011f\u00fcm en b\u00fcy\u00fck sermayem.&#8221; dedi.&nbsp;<\/p>\n\n\n\n<p>Antalya il\u00e7elerinde ba\u011f\u0131ms\u0131z aday say\u0131s\u0131 \u00fc\u00e7 oldu<\/p>\n\n\n\n<p>\u00d6te Yandan Antalya&#8217;n\u0131n Manavgat il\u00e7esinde gazeteci Sedat Manav &#8216;da Manavgat&#8217;ta Ba\u011f\u0131ms\u0131z Manavgat Belediye Ba\u015fkan\u0131 oldu., di\u011fer yandan \u0130brad\u0131 il\u00e7esi \u0130brad\u0131 Belediye Ba\u015fkan\u0131 Av. Serkan K\u00fc\u00e7\u00fckkuru 31 Mart 20024 Belediye se\u00e7iminde \u0130brad\u0131\u2019dan Ba\u011f\u0131ms\u0131z&nbsp;&nbsp; Belediye Ba\u015fkan\u0131 Aday\u0131 oldu\u011funu a\u00e7\u0131klam\u0131\u015ft\u0131. Ba\u015fkan Av. Serkan K\u00fc\u00e7\u00fckkuru, bug\u00fcn ba\u011f\u0131ms\u0131z adayl\u0131k ba\u015fvurusunu \u0130brad\u0131 \u0130l\u00e7e Se\u00e7im Kuruluna ba\u015fvurdu\u011funu a\u00e7\u0131klad\u0131.<\/p>\n\n\n\n<p>Haber\/Abdurrahman B\u00fcy\u00fckkeskin<\/p>\n","protected":false},"excerpt":{"rendered":"<p>Serik Ba\u011f\u0131ms\u0131z Belediye Ba\u015fkan\u0131 Aday\u0131: Tek sermayem gazete da\u011f\u0131t\u0131m\u0131 yapt\u0131\u011f\u0131m bisikletim Antalya&#8217;n\u0131n Serik il\u00e7esinde yerel ve ulusal gazetelerin da\u011f\u0131t\u0131m\u0131n\u0131 yapan gazete da\u011f\u0131t\u0131c\u0131s\u0131 Osman B\u00fcl\u00fc\u00e7, Ba\u011f\u0131ms\u0131z <a href=\"https:\/\/akdenizhaber.com.tr\/index.php\/2024\/02\/17\/gazete-dagiticisi-osman-buluc-serikte-bagimsiz-belediye-baskani-adayi-oldu\/\" class=\"read-more-link\">[more&#8230;]<\/a><\/p>\n","protected":false},"author":2,"featured_media":20645,"comment_status":"open","ping_status":"open","sticky":false,"template":"","format":"standard","meta":{"footnotes":""},"categories":[2],"tags":[],"class_list":["post-20644","post","type-post","status-publish","format-standard","has-post-thumbnail","hentry","category-gundem"],"_links":{"self":[{"href":"https:\/\/akdenizhaber.com.tr\/index.php\/wp-json\/wp\/v2\/posts\/20644","targetHints":{"allow":["GET"]}}],"collection":[{"href":"https:\/\/akdenizhaber.com.tr\/index.php\/wp-json\/wp\/v2\/posts"}],"about":[{"href":"https:\/\/akdenizhaber.com.tr\/index.php\/wp-json\/wp\/v2\/types\/post"}],"author":[{"embeddable":true,"href":"https:\/\/akdenizhaber.com.tr\/index.php\/wp-json\/wp\/v2\/users\/2"}],"replies":[{"embeddable":true,"href":"https:\/\/akdenizhaber.com.tr\/index.php\/wp-json\/wp\/v2\/comments?post=20644"}],"version-history":[{"count":0,"href":"https:\/\/akdenizhaber.com.tr\/index.php\/wp-json\/wp\/v2\/posts\/20644\/revisions"}],"wp:featuredmedia":[{"embeddable":true,"href":"https:\/\/akdenizhaber.com.tr\/index.php\/wp-json\/wp\/v2\/media\/20645"}],"wp:attachment":[{"href":"https:\/\/akdenizhaber.com.tr\/index.php\/wp-json\/wp\/v2\/media?parent=20644"}],"wp:term":[{"taxonomy":"category","embeddable":true,"href":"https:\/\/akdenizhaber.com.tr\/index.php\/wp-json\/wp\/v2\/categories?post=20644"},{"taxonomy":"post_tag","embeddable":true,"href":"https:\/\/akdenizhaber.com.tr\/index.php\/wp-json\/wp\/v2\/tags?post=20644"}],"curies":[{"name":"wp","href":"https:\/\/api.w.org\/{rel}","templated":true}]}}