{"id":20641,"date":"2024-02-17T11:29:09","date_gmt":"2024-02-17T08:29:09","guid":{"rendered":"https:\/\/akdenizhaber.com.tr\/?p=20641"},"modified":"2024-02-17T11:29:09","modified_gmt":"2024-02-17T08:29:09","slug":"ticaret-bakani-omer-bolat-antalya-valiligini-ziyaret-etti","status":"publish","type":"post","link":"https:\/\/akdenizhaber.com.tr\/index.php\/2024\/02\/17\/ticaret-bakani-omer-bolat-antalya-valiligini-ziyaret-etti\/","title":{"rendered":"Ticaret Bakan\u0131 \u00d6mer Bolat, Antalya Valili\u011fi\u2019ni Ziyaret Etti"},"content":{"rendered":"\n<p><\/p>\n\n\n\n<p><br>\u00c7e\u015fitli temaslarda bulunmak \u00fczere Antalya\u2019ya gelen Ticaret Bakan\u0131 \u00d6mer Bolat, Antalya Valili\u011fi\u2019ni ziyaret etti.<br>Programlar\u0131 kapsam\u0131nda Antalya\u2019ya gelen Ticaret Bakan\u0131 \u00d6mer Bolat, Antalya Valili\u011fi&#8217;ni ziyaret etti. Valilikte ger\u00e7ekle\u015fen ziyarete Ticaret Bakan Yard\u0131mc\u0131s\u0131 \u00d6zg\u00fcr Volkan A\u011far, Antalya Milletvekili Mustafa K\u00f6se ve Antalya Esnaf ve Sanatk\u00e2rlar Odas\u0131 AESOB) Ba\u015fkan\u0131 Adl\u0131han Dere e\u015flik etti.<br>Valilik \u015eeref Defteri\u2019ni imzalayan Ticaret Bakan\u0131 \u00d6mer Bolat daha sonra Vali \u015eahin ile Antalya\u2019da ticarete ili\u015fkin yat\u0131r\u0131mlar, proje ve hedefler \u00fczerine de\u011ferlendirmelerde bulundu.<br>Ticaret Bakan\u0131 \u00d6mer Bolat ziyaretin ard\u0131ndan, Antalya Esnaf ve Sanatk\u00e2rlar Odalar\u0131 Birli\u011fi\u2019nce ger\u00e7ekle\u015ftirilen Esnaf Bulu\u015fmas\u0131na kat\u0131ld\u0131.<\/p>\n\n\n\n<p>Antalya Valili\u011fi \/ B\u00fclten<\/p>\n","protected":false},"excerpt":{"rendered":"<p>\u00c7e\u015fitli temaslarda bulunmak \u00fczere Antalya\u2019ya gelen Ticaret Bakan\u0131 \u00d6mer Bolat, Antalya Valili\u011fi\u2019ni ziyaret etti.Programlar\u0131 kapsam\u0131nda Antalya\u2019ya gelen Ticaret Bakan\u0131 \u00d6mer Bolat, Antalya Valili\u011fi&#8217;ni ziyaret etti. <a href=\"https:\/\/akdenizhaber.com.tr\/index.php\/2024\/02\/17\/ticaret-bakani-omer-bolat-antalya-valiligini-ziyaret-etti\/\" class=\"read-more-link\">[more&#8230;]<\/a><\/p>\n","protected":false},"author":2,"featured_media":20642,"comment_status":"open","ping_status":"open","sticky":false,"template":"","format":"standard","meta":{"footnotes":""},"categories":[2],"tags":[],"class_list":["post-20641","post","type-post","status-publish","format-standard","has-post-thumbnail","hentry","category-gundem"],"_links":{"self":[{"href":"https:\/\/akdenizhaber.com.tr\/index.php\/wp-json\/wp\/v2\/posts\/20641","targetHints":{"allow":["GET"]}}],"collection":[{"href":"https:\/\/akdenizhaber.com.tr\/index.php\/wp-json\/wp\/v2\/posts"}],"about":[{"href":"https:\/\/akdenizhaber.com.tr\/index.php\/wp-json\/wp\/v2\/types\/post"}],"author":[{"embeddable":true,"href":"https:\/\/akdenizhaber.com.tr\/index.php\/wp-json\/wp\/v2\/users\/2"}],"replies":[{"embeddable":true,"href":"https:\/\/akdenizhaber.com.tr\/index.php\/wp-json\/wp\/v2\/comments?post=20641"}],"version-history":[{"count":0,"href":"https:\/\/akdenizhaber.com.tr\/index.php\/wp-json\/wp\/v2\/posts\/20641\/revisions"}],"wp:featuredmedia":[{"embeddable":true,"href":"https:\/\/akdenizhaber.com.tr\/index.php\/wp-json\/wp\/v2\/media\/20642"}],"wp:attachment":[{"href":"https:\/\/akdenizhaber.com.tr\/index.php\/wp-json\/wp\/v2\/media?parent=20641"}],"wp:term":[{"taxonomy":"category","embeddable":true,"href":"https:\/\/akdenizhaber.com.tr\/index.php\/wp-json\/wp\/v2\/categories?post=20641"},{"taxonomy":"post_tag","embeddable":true,"href":"https:\/\/akdenizhaber.com.tr\/index.php\/wp-json\/wp\/v2\/tags?post=20641"}],"curies":[{"name":"wp","href":"https:\/\/api.w.org\/{rel}","templated":true}]}}