{"id":20638,"date":"2024-02-17T11:28:33","date_gmt":"2024-02-17T08:28:33","guid":{"rendered":"https:\/\/akdenizhaber.com.tr\/?p=20638"},"modified":"2024-02-17T11:28:33","modified_gmt":"2024-02-17T08:28:33","slug":"dort-koldan-yaralar-sariliyor","status":"publish","type":"post","link":"https:\/\/akdenizhaber.com.tr\/index.php\/2024\/02\/17\/dort-koldan-yaralar-sariliyor\/","title":{"rendered":"D\u00f6rt koldan yaralar sar\u0131l\u0131yor"},"content":{"rendered":"\n<p><\/p>\n\n\n\n<p>Antalya B\u00fcy\u00fck\u015fehri Belediyesi, afetten en \u00e7ok etkilenen mahallelerde hayat\u0131 normale d\u00f6nd\u00fcrmek ve vatanda\u015flar\u0131n yaralar\u0131n\u0131 sarmak i\u00e7in 2 bin 403 personelle yo\u011fun bir \u00e7al\u0131\u015fma y\u00fcr\u00fct\u00fcyor. Vatanda\u015flar\u0131n g\u0131da, giysi gibi ihtiya\u00e7lar\u0131 acil olarak kar\u015f\u0131lan\u0131rken, evleri temizleniyor. \u00c7ift\u00e7ilere sera naylonu ve yem deste\u011finde bulunuluyor.<\/p>\n\n\n\n<p>Antalya B\u00fcy\u00fck\u015fehir Belediyesi, selin etkili oldu\u011fu Y\u00fcksek alan, Gebizli, Yeni emek, Ye\u015fildere, K\u0131z\u0131ltoprak, Etiler,&nbsp; Teomanpa\u015fa, G\u00fcne\u015f, Gazi, \u015eelale, Kar\u015f\u0131yaka, G\u00fcndo\u011fdu ve H\u00fcsn\u00fc karaka\u015f mahallelerinde \u00e7al\u0131\u015fmalar\u0131n\u0131 yo\u011funla\u015ft\u0131rd\u0131. 2403 personel ve 513 ara\u00e7la sel b\u00f6lgesinde vatanda\u015f\u0131n yan\u0131nda olan B\u00fcy\u00fck\u015fehir Belediyesi, sular\u0131n \u00e7ekilmesiyle sosyal yard\u0131mlara ve temizlik \u00e7al\u0131\u015fmalar\u0131na a\u011f\u0131rl\u0131k verdi. G\u00fcne\u015f Mahallesi\u2019nde olu\u015fturulan Afet Koordinasyon Merkezinde, vatanda\u015flar\u0131n talep ve ihtiya\u00e7lar\u0131na h\u0131zla cevap veriliyor.<\/p>\n\n\n\n<p>400 PERSONELLE EVLERDE TEM\u0130ZL\u0130K<\/p>\n\n\n\n<p>B\u00fcy\u00fck\u015fehir Belediyesi\u2019nin 400 ki\u015filik temizlik ekibi mahallelerde vatanda\u015flar\u0131n evlerini temizliyor, kullan\u0131lamaz hale gelen e\u015fyalar\u0131n\u0131 tahliye ediyor. Park ve Bah\u00e7eler ekipleri<\/p>\n\n\n\n<p>sokak ve cadde temizli\u011fine de devam ederken, okullar\u0131n bah\u00e7elerini de suyla y\u0131kay\u0131p e\u011fitime haz\u0131r hale getirildi<\/p>\n\n\n\n<p>GIDA PAKETLER\u0130 TESL\u0130M ED\u0130L\u0130YOR<\/p>\n\n\n\n<p>Sosyal Hizmetler Daire Ba\u015fkanl\u0131\u011f\u0131\u2019n\u0131n afet b\u00f6lgesindeki sosyal yard\u0131mlar\u0131 artarak s\u00fcr\u00fcyor. Mobil A\u015fevi ve gezici ekiplerle afetzedelere 3 \u00f6\u011f\u00fcn yemek ikram\u0131 yap\u0131l\u0131yor. Ayr\u0131ca, Sosyal hizmetler ekipleri G\u00fcne\u015f, Gebizli ve Ye\u015fildere mahallelerinde afetlerin evlerine g\u0131da paketleri b\u0131rak\u0131l\u0131yor. Hasar tespit \u00e7al\u0131\u015fmalar\u0131 da devam ediyor.<\/p>\n\n\n\n<p>G\u0130YS\u0130 YARDIMI<\/p>\n\n\n\n<p>B\u00fcy\u00fck\u015fehir Belediyesi\u2019nin Kepez\u2019deki Sosyal Yard\u0131m Merkezi, afetzede vatanda\u015flara giysi yard\u0131m\u0131nda bulunuyor. Sosyal hizmet uzmanlar\u0131nca merkeze y\u00f6nlendirilen sel ma\u011fdurlar\u0131, Sosyal Yard\u0131m Merkezi\u2019nden monttan paltoya, i\u00e7 \u00e7ama\u015f\u0131r\u0131ndan eldivene, ayakkab\u0131dan bebek k\u0131yafetlerine t\u00fcm giysi ihtiya\u00e7lar\u0131n\u0131 kar\u015f\u0131layabiliyor.<\/p>\n\n\n\n<p>\u00c7\u0130FT\u00c7\u0130YE SERA NAYLONU VE YEM DESTE\u011e\u0130<\/p>\n\n\n\n<p>Tar\u0131msal Hizmetler Daire Ba\u015fkanl\u0131\u011f\u0131, hasar tespit \u00e7al\u0131\u015fmalar\u0131n\u0131n ard\u0131ndan \u00e7ift\u00e7ilere y\u00f6nelik desteklerine ba\u015flad\u0131. Kepez \u015eelale, Gaziler, Yurtp\u0131nar mahallelerinde \u00fcreticilere sera naylonu, g\u00fcbre yard\u0131m\u0131 yap\u0131ld\u0131. Hayvanc\u0131l\u0131kla u\u011fra\u015fan \u00e7ift\u00e7ilere de yem ve saman deste\u011finde bulunuldu.<\/p>\n\n\n\n<p>Antalya B\u00fcy\u00fck\u015fehri Belediyesi \/ B\u00fclten<\/p>\n","protected":false},"excerpt":{"rendered":"<p>Antalya B\u00fcy\u00fck\u015fehri Belediyesi, afetten en \u00e7ok etkilenen mahallelerde hayat\u0131 normale d\u00f6nd\u00fcrmek ve vatanda\u015flar\u0131n yaralar\u0131n\u0131 sarmak i\u00e7in 2 bin 403 personelle yo\u011fun bir \u00e7al\u0131\u015fma y\u00fcr\u00fct\u00fcyor. Vatanda\u015flar\u0131n <a href=\"https:\/\/akdenizhaber.com.tr\/index.php\/2024\/02\/17\/dort-koldan-yaralar-sariliyor\/\" class=\"read-more-link\">[more&#8230;]<\/a><\/p>\n","protected":false},"author":2,"featured_media":20639,"comment_status":"open","ping_status":"open","sticky":false,"template":"","format":"standard","meta":{"footnotes":""},"categories":[2],"tags":[],"class_list":["post-20638","post","type-post","status-publish","format-standard","has-post-thumbnail","hentry","category-gundem"],"_links":{"self":[{"href":"https:\/\/akdenizhaber.com.tr\/index.php\/wp-json\/wp\/v2\/posts\/20638","targetHints":{"allow":["GET"]}}],"collection":[{"href":"https:\/\/akdenizhaber.com.tr\/index.php\/wp-json\/wp\/v2\/posts"}],"about":[{"href":"https:\/\/akdenizhaber.com.tr\/index.php\/wp-json\/wp\/v2\/types\/post"}],"author":[{"embeddable":true,"href":"https:\/\/akdenizhaber.com.tr\/index.php\/wp-json\/wp\/v2\/users\/2"}],"replies":[{"embeddable":true,"href":"https:\/\/akdenizhaber.com.tr\/index.php\/wp-json\/wp\/v2\/comments?post=20638"}],"version-history":[{"count":0,"href":"https:\/\/akdenizhaber.com.tr\/index.php\/wp-json\/wp\/v2\/posts\/20638\/revisions"}],"wp:featuredmedia":[{"embeddable":true,"href":"https:\/\/akdenizhaber.com.tr\/index.php\/wp-json\/wp\/v2\/media\/20639"}],"wp:attachment":[{"href":"https:\/\/akdenizhaber.com.tr\/index.php\/wp-json\/wp\/v2\/media?parent=20638"}],"wp:term":[{"taxonomy":"category","embeddable":true,"href":"https:\/\/akdenizhaber.com.tr\/index.php\/wp-json\/wp\/v2\/categories?post=20638"},{"taxonomy":"post_tag","embeddable":true,"href":"https:\/\/akdenizhaber.com.tr\/index.php\/wp-json\/wp\/v2\/tags?post=20638"}],"curies":[{"name":"wp","href":"https:\/\/api.w.org\/{rel}","templated":true}]}}