{"id":20635,"date":"2024-02-17T11:27:30","date_gmt":"2024-02-17T08:27:30","guid":{"rendered":"https:\/\/akdenizhaber.com.tr\/?p=20635"},"modified":"2024-02-17T11:27:30","modified_gmt":"2024-02-17T08:27:30","slug":"100-yili-sergiyle-taclandirdilar","status":"publish","type":"post","link":"https:\/\/akdenizhaber.com.tr\/index.php\/2024\/02\/17\/100-yili-sergiyle-taclandirdilar\/","title":{"rendered":"100.y\u0131l\u0131 sergiyle ta\u00e7land\u0131rd\u0131lar"},"content":{"rendered":"\n<p><\/p>\n\n\n\n<p>Antalya\u2019da Muratpa\u015fa Belediye Ba\u015fkan\u0131 \u00dcmit Uysal, Estonya ve T\u00fcrkiye\u2019nin diplomatik ili\u015fkilerinin 100\u2019\u00fcnc\u00fc y\u0131l\u0131 dolay\u0131s\u0131yla Estonyal\u0131 sanat\u00e7\u0131 Marcus Kasemaa\u2019n\u0131n \u2018Fig\u00fcrler\u2019 isimli sergisinin a\u00e7\u0131l\u0131\u015f\u0131n\u0131 ger\u00e7ekle\u015ftirdi.<\/p>\n\n\n\n<p>A\u00e7\u0131l\u0131\u015fta Estonya Ankara B\u00fcy\u00fckel\u00e7isi Vanio Reinart da yer ald\u0131.<\/p>\n\n\n\n<p>Estonya ve T\u00fcrkiye\u2019nin diplomatik ili\u015fkilerinin 100\u2019\u00fcnc\u00fc y\u0131l\u0131 dolay\u0131s\u0131yla ger\u00e7ekleyen sergi Muratpa\u015fa Belediyesi\u2019nin ana hizmet binas\u0131nda yer alan Fikret Otyam Sergi Salonu\u2019nda a\u00e7\u0131ld\u0131. A\u00e7\u0131l\u0131\u015fta Ba\u015fkan Uysal ve B\u00fcy\u00fckel\u00e7i Reinart\u2019\u0131n yan\u0131 s\u0131ra&nbsp;Estonya Antalya Fahri Konsolosu Ethem Okudur,&nbsp;Estonya D\u0131\u015fi\u015fleri Bakanl\u0131\u011f\u0131 Antalya temsilcisi Deha Erpek de yer ald\u0131.<br>Ba\u015fkan Uysal, a\u00e7\u0131l\u0131\u015f konu\u015fmas\u0131nda milletler aras\u0131nda yak\u0131nl\u0131\u011f\u0131n art\u0131r\u0131lmas\u0131 ve g\u00fc\u00e7lendirilmesinin son derece \u00f6nemli oldu\u011funun alt\u0131n\u0131 \u00e7izdi.&nbsp;B\u00fcy\u00fckel\u00e7isi Reinart ise iki \u00fclke aras\u0131ndaki diplomatik ili\u015fkinin 100\u2019\u00fcnc\u00fc y\u0131l\u0131n\u0131 kutlarken \u201c\u0130stikrarl\u0131 ve m\u00fckemmel ili\u015fkiler zor zamanlarda \u00e7ok de\u011ferlidir. T\u00fcrkiye&#8217;yle dostlu\u011fumuzu \u00e7ok takdir ediyoruz\u201d dedi.<br>Sergi, 3 Mart\u2019a kadar \u00fccretsiz gezilebilecek. Estonyal\u0131 sanat\u00e7\u0131 Kasemaa\u2019n\u0131n eserlerinde kulland\u0131\u011f\u0131 y\u00fczs\u00fcz fig\u00fcrler toplumdaki bask\u0131, \u015fiddet, aptall\u0131k, s\u0131\u011fl\u0131k, ikiy\u00fczl\u00fcl\u00fck, kibir, \u015f\u00f6venizm gibi konular\u0131 irdeliyor.<\/p>\n\n\n\n<p>Muratpa\u015fa Belediyesi \/ B\u00fclten<\/p>\n","protected":false},"excerpt":{"rendered":"<p>Antalya\u2019da Muratpa\u015fa Belediye Ba\u015fkan\u0131 \u00dcmit Uysal, Estonya ve T\u00fcrkiye\u2019nin diplomatik ili\u015fkilerinin 100\u2019\u00fcnc\u00fc y\u0131l\u0131 dolay\u0131s\u0131yla Estonyal\u0131 sanat\u00e7\u0131 Marcus Kasemaa\u2019n\u0131n \u2018Fig\u00fcrler\u2019 isimli sergisinin a\u00e7\u0131l\u0131\u015f\u0131n\u0131 ger\u00e7ekle\u015ftirdi. A\u00e7\u0131l\u0131\u015fta Estonya <a href=\"https:\/\/akdenizhaber.com.tr\/index.php\/2024\/02\/17\/100-yili-sergiyle-taclandirdilar\/\" class=\"read-more-link\">[more&#8230;]<\/a><\/p>\n","protected":false},"author":2,"featured_media":20636,"comment_status":"open","ping_status":"open","sticky":false,"template":"","format":"standard","meta":{"footnotes":""},"categories":[2],"tags":[],"class_list":["post-20635","post","type-post","status-publish","format-standard","has-post-thumbnail","hentry","category-gundem"],"_links":{"self":[{"href":"https:\/\/akdenizhaber.com.tr\/index.php\/wp-json\/wp\/v2\/posts\/20635","targetHints":{"allow":["GET"]}}],"collection":[{"href":"https:\/\/akdenizhaber.com.tr\/index.php\/wp-json\/wp\/v2\/posts"}],"about":[{"href":"https:\/\/akdenizhaber.com.tr\/index.php\/wp-json\/wp\/v2\/types\/post"}],"author":[{"embeddable":true,"href":"https:\/\/akdenizhaber.com.tr\/index.php\/wp-json\/wp\/v2\/users\/2"}],"replies":[{"embeddable":true,"href":"https:\/\/akdenizhaber.com.tr\/index.php\/wp-json\/wp\/v2\/comments?post=20635"}],"version-history":[{"count":0,"href":"https:\/\/akdenizhaber.com.tr\/index.php\/wp-json\/wp\/v2\/posts\/20635\/revisions"}],"wp:featuredmedia":[{"embeddable":true,"href":"https:\/\/akdenizhaber.com.tr\/index.php\/wp-json\/wp\/v2\/media\/20636"}],"wp:attachment":[{"href":"https:\/\/akdenizhaber.com.tr\/index.php\/wp-json\/wp\/v2\/media?parent=20635"}],"wp:term":[{"taxonomy":"category","embeddable":true,"href":"https:\/\/akdenizhaber.com.tr\/index.php\/wp-json\/wp\/v2\/categories?post=20635"},{"taxonomy":"post_tag","embeddable":true,"href":"https:\/\/akdenizhaber.com.tr\/index.php\/wp-json\/wp\/v2\/tags?post=20635"}],"curies":[{"name":"wp","href":"https:\/\/api.w.org\/{rel}","templated":true}]}}