{"id":20632,"date":"2024-02-17T11:26:56","date_gmt":"2024-02-17T08:26:56","guid":{"rendered":"https:\/\/akdenizhaber.com.tr\/?p=20632"},"modified":"2024-02-17T11:36:02","modified_gmt":"2024-02-17T08:36:02","slug":"kocagoz-kepez-antalyanin-mozagidir","status":"publish","type":"post","link":"https:\/\/akdenizhaber.com.tr\/index.php\/2024\/02\/17\/kocagoz-kepez-antalyanin-mozagidir\/","title":{"rendered":"Kocag\u00f6z: \u201cKepez Antalya\u2019n\u0131n Moza\u011fidir\u201d"},"content":{"rendered":"\n<p> <p class=\"MsoNoSpacing\"><span style=\"font-size: revert; background-color: rgb(255, 255, 255); color: initial;\"> <\/span>CHP Kepez Belediye Ba\u015fkan Aday\u0131 Mesut Kocag\u00f6z, \u015eelale Mahallesi\u2019ndeki vatanda\u015flarla bir araya geldi. Kepez\u2019de insan odakl\u0131 siyaset yapacaklar\u0131 vurgusuna dikkat \u00e7eken Kocag\u00f6z, \u201cBelediyecilik sadece bir imar, in\u015faat, \u015fantiye alan\u0131 de\u011fildir. Temiz ya\u015fanabilir bir \u00e7evre. Belediyecili\u011fin olmazsa olmaz\u0131. \u0130marda da insan ya\u015fam\u0131n\u0131 \u00f6ncelikleyen bir kent d\u00fc\u015f\u00fcn\u00fcyoruz. Biz insan odakl\u0131 hizmetler yapaca\u011f\u0131z\u201d dedi.<\/p> <p class=\"MsoNoSpacing\">CHP Kepez Belediye Ba\u015fkan Aday\u0131 Mesut Kocag\u00f6z, Kepez b\u00f6lgesindeki t\u00fcm mahalleleri ziyaret etmeye, vatanda\u015flar\u0131n sorunlar\u0131n\u0131 ve taleplerini dinlemeye devam ediyor. \u015eelale Mahallesi\u2019nde vatanda\u015flarla bir araya gelen Kocag\u00f6z, t\u00fcm d\u00fcnyan\u0131n ziyaret etti\u011fi \u015eelale Mahallesi\u2019nin hak etti\u011fi hizmeti alamad\u0131\u011f\u0131n\u0131 s\u00f6yledi. Kocag\u00f6z, \u201cKepezimize hizmet edebilmek i\u00e7in yo\u011fun bir tempo bizleri bekliyor. \u00d6n\u00fcm\u00fczdeki d\u00f6nemde sizlerle birlikte \u00e7al\u0131\u015faca\u011f\u0131z. Vatanda\u015f odakl\u0131 \u00e7al\u0131\u015fmalara imza ataca\u011f\u0131z. Yapaca\u011f\u0131m\u0131z i\u015flerde vatanda\u015flar\u0131m\u0131z\u0131n memnuniyeti bizler i\u00e7in belirleyici olacak. \u0130nsan odakl\u0131 hizmet edece\u011fiz, hayata ge\u00e7irece\u011fimiz projelerimiz var. Halka ra\u011fmen de\u011fil, halkla beraber sizlerin taleplerini yerine getirece\u011fiz\u201d diye konu\u015ftu. <\/p> <p class=\"MsoNoSpacing\">D\u00fcnya turizminin ba\u015fkenti olan Antalya\u2019da Kepez\u2019in \u2018Antalya\u2019 diye tan\u0131mlanamad\u0131\u011f\u0131na dikkat \u00e7eken Kocag\u00f6z, \u201cKepez, Antalya\u2019d\u0131r. Ama Antalya\u2019n\u0131n gelece\u011fi Kepez demek zorunday\u0131z. 81 vilayetten gelen, 7 b\u00f6lgeden gelen insanlar\u0131n bir mozaiktir. Neden belediye ba\u015fkan\u0131 olmak istedi\u011fimi anlatay\u0131m. Biz yola \u00e7\u0131karken Cumhuriyetimizin Kurucusu Mustafa Kemal Atat\u00fcrk\u2019\u00fcn \u2018B\u00fcy\u00fck \u0130\u015fleri Yaln\u0131z B\u00fcy\u00fck Milletler Yapar\u2019 s\u00f6z\u00fcyle yola \u00e7\u0131kt\u0131k. \u0130smet \u0130n\u00f6n\u00fc\u2019n\u00fcn dedi\u011fi gibi \u2018Bir memlekette, namuslular, namussuzlar kadar cesur olmad\u0131k\u00e7a, o memlekette kurtulu\u015f yoktur\u2019 s\u00f6z\u00fcyle yola \u00e7\u0131kt\u0131k. B\u00fclent Ecevit\u2019in \u2018Bizim iki g\u00fcc\u00fcm\u00fcz var. Hak ve halk\u2019 s\u00f6z\u00fcyle yola \u00e7\u0131kt\u0131k. Kemal K\u0131l\u0131\u00e7daro\u011flu\u2019nun \u2018Hak, hukuk, adalet\u2019 s\u00f6z\u00fcyle yola \u00e7\u0131kt\u0131k. Ekrem \u0130mamo\u011flu\u2019nun \u2018Sevgi kazanacak\u2019 s\u00f6z\u00fcyle yola \u00e7\u0131kt\u0131k. Genel Ba\u015fkan\u0131m\u0131z \u00d6zg\u00fcr \u00d6zel\u2019in \u2018Cumhuriyet Halk Partisi ikinci parti olmayacak\u2019 s\u00f6z\u00fcyle yola \u00e7\u0131kt\u0131k. D\u00fcnya turizminin ba\u015fkenti olan Antalya\u2019da bir Kepez var ki, Kepez\u2019i Antalya diye tan\u0131mlayam\u0131yoruz. \u00c7\u00fcnk\u00fc bu kentte ac\u0131 var, bu kentte ac\u0131 var. 55 ilden b\u00fcy\u00fck olan Kepez hala k\u00f6y. 650 bin n\u00fcfuslu Kepez\u2019imizde hala yoksulluk ve yokluk varsa, burada bir payla\u015f\u0131m hatas\u0131, burada bir rant vard\u0131r. Biz e\u015fit hizmet getirmeye geliyoruz\u201d dedi. Kocag\u00f6z, program\u0131n ard\u0131ndan \u015eelale Mahallesi\u2019ndeki esnaflar\u0131 ziyaret ederek sorunlar\u0131n\u0131 dinleyip, projelerini anlatt\u0131. <\/p> <p class=\"MsoNoSpacing\">\u015eelale Mahallesi\u2019ndeki programa \u0130l Ba\u015fkan\u0131 Nail Kamac\u0131, \u0130l\u00e7e Ba\u015fkan\u0131 G\u00f6khan \u00d6lmez, \u0130l Kad\u0131n Kollar\u0131 Ba\u015fkan\u0131 Nil\u00fcfer Deveci, Kepez Kad\u0131n Kollar\u0131 Ba\u015fkan\u0131 Melek \u00c7oban, Antalya B\u00fcy\u00fck\u015fehir Belediye Eski Ba\u015fkan\u0131 ve Antalya Eski Milletvekili Prof. Dr. Mustafa Akayd\u0131n, Antalya Eski Milletvekili Tuncay Ercenk ve Eski \u0130l Ba\u015fkan\u0131 \u00d6mer Melli de kat\u0131ld\u0131.\u00a0 <\/p> <p class=\"MsoNoSpacing\">Haber Merkezi<\/p> <\/p>\n","protected":false},"excerpt":{"rendered":"<p>CHP Kepez Belediye Ba\u015fkan Aday\u0131 Mesut Kocag\u00f6z, \u015eelale Mahallesi\u2019ndeki vatanda\u015flarla bir araya geldi. Kepez\u2019de insan odakl\u0131 siyaset yapacaklar\u0131 vurgusuna dikkat \u00e7eken Kocag\u00f6z, \u201cBelediyecilik sadece bir <a href=\"https:\/\/akdenizhaber.com.tr\/index.php\/2024\/02\/17\/kocagoz-kepez-antalyanin-mozagidir\/\" class=\"read-more-link\">[more&#8230;]<\/a><\/p>\n","protected":false},"author":2,"featured_media":20633,"comment_status":"open","ping_status":"open","sticky":false,"template":"","format":"standard","meta":{"footnotes":""},"categories":[2],"tags":[],"class_list":["post-20632","post","type-post","status-publish","format-standard","has-post-thumbnail","hentry","category-gundem"],"_links":{"self":[{"href":"https:\/\/akdenizhaber.com.tr\/index.php\/wp-json\/wp\/v2\/posts\/20632","targetHints":{"allow":["GET"]}}],"collection":[{"href":"https:\/\/akdenizhaber.com.tr\/index.php\/wp-json\/wp\/v2\/posts"}],"about":[{"href":"https:\/\/akdenizhaber.com.tr\/index.php\/wp-json\/wp\/v2\/types\/post"}],"author":[{"embeddable":true,"href":"https:\/\/akdenizhaber.com.tr\/index.php\/wp-json\/wp\/v2\/users\/2"}],"replies":[{"embeddable":true,"href":"https:\/\/akdenizhaber.com.tr\/index.php\/wp-json\/wp\/v2\/comments?post=20632"}],"version-history":[{"count":0,"href":"https:\/\/akdenizhaber.com.tr\/index.php\/wp-json\/wp\/v2\/posts\/20632\/revisions"}],"wp:featuredmedia":[{"embeddable":true,"href":"https:\/\/akdenizhaber.com.tr\/index.php\/wp-json\/wp\/v2\/media\/20633"}],"wp:attachment":[{"href":"https:\/\/akdenizhaber.com.tr\/index.php\/wp-json\/wp\/v2\/media?parent=20632"}],"wp:term":[{"taxonomy":"category","embeddable":true,"href":"https:\/\/akdenizhaber.com.tr\/index.php\/wp-json\/wp\/v2\/categories?post=20632"},{"taxonomy":"post_tag","embeddable":true,"href":"https:\/\/akdenizhaber.com.tr\/index.php\/wp-json\/wp\/v2\/tags?post=20632"}],"curies":[{"name":"wp","href":"https:\/\/api.w.org\/{rel}","templated":true}]}}