{"id":20629,"date":"2024-02-17T11:26:20","date_gmt":"2024-02-17T08:26:20","guid":{"rendered":"https:\/\/akdenizhaber.com.tr\/?p=20629"},"modified":"2024-02-17T11:26:20","modified_gmt":"2024-02-17T08:26:20","slug":"gazeteci-yusuf-dagaroglu-bbpden-ibradi-belediye-baskani-adayi-oldu","status":"publish","type":"post","link":"https:\/\/akdenizhaber.com.tr\/index.php\/2024\/02\/17\/gazeteci-yusuf-dagaroglu-bbpden-ibradi-belediye-baskani-adayi-oldu\/","title":{"rendered":"Gazeteci Yusuf Da\u011faro\u011flu BBP&#8217;den \u0130brad\u0131 Belediye Ba\u015fkan\u0131 Aday\u0131 oldu"},"content":{"rendered":"\n<p><\/p>\n\n\n\n<p>Gazeteci Yusuf Da\u011faro\u011flu, Antalya\u2019n\u0131n \u0130brad\u0131 il\u00e7esi \u0130brad\u0131 Belediye Ba\u015fkan\u0131 Aday\u0131 oldu.<\/p>\n\n\n\n<p>40 y\u0131la yak\u0131n \u0130brad\u0131 il\u00e7esinde gazetecilik yapan ve \u0130brad\u0131 Gazetesinin imtiyaz sahibi olan gazeteci Yusuf Da\u011faro\u011flu, B\u00fcy\u00fck Birlik Partisi(BBP)&#8217;den aday oldu\u011funu s\u00f6yledi.<\/p>\n\n\n\n<p>Alternatif turizmde Antalya&#8217;n\u0131n en ayr\u0131cal\u0131kl\u0131 il\u00e7esinin \u0130brad\u0131 oldu\u011funu belirten BBP&#8217;li Yusuf Da\u011faro\u011flu, uzun y\u0131llar gazetecilik yapmaya ba\u011fl\u0131 \u0130brad\u0131&#8217;n\u0131n Ba\u015flar Mahallesi&#8217;nden \u00dcr\u00fcnl\u00fcye, \u00dcr\u00fcnl\u00fc&#8217;den Ormana Mahallesi&#8217;ne kadar t\u00fcm sorunlar\u0131n\u0131 bildi\u011fini s\u00f6yledi.<\/p>\n\n\n\n<p>T\u00fcrkiye&#8217;nin en uzun d\u00fcnyan\u0131n ikinci en uzun ma\u011faras\u0131 olan Alt\u0131nbe\u015fik&#8217;in \u0130brad\u0131&#8217;n\u0131n \u00dcr\u00fcnl\u00fc Mahallesi&#8217;nde oldu\u011funu hat\u0131rlatan BBP&#8217;li \u0130brad\u0131 Belediye Ba\u015fkan\u0131 Aday\u0131 Yusuf Da\u011faro\u011flu, se\u00e7ilmesi halinde ilk i\u015finin parti rozetini \u00e7\u0131kartarak herkesin belediye ba\u015fkan\u0131 olaca\u011f\u0131n\u0131 kaydetti. Yusuf&nbsp; Da\u011faro\u011flu,&#8221;24 saat ula\u015f\u0131labilen belediye ba\u015fkan\u0131 olaca\u011f\u0131m. Bug\u00fcne kadar \u0130brad\u0131 halk\u0131 ile i\u00e7 i\u00e7e oldum. Belediye ba\u015fkan\u0131 se\u00e7ilmemem halinde de hep halk\u0131n i\u00e7inde olaca\u011f\u0131m.&#8221; dedi.<\/p>\n\n\n\n<p>Haber\/Abdurrahman B\u00fcy\u00fckkeskin<\/p>\n","protected":false},"excerpt":{"rendered":"<p>Gazeteci Yusuf Da\u011faro\u011flu, Antalya\u2019n\u0131n \u0130brad\u0131 il\u00e7esi \u0130brad\u0131 Belediye Ba\u015fkan\u0131 Aday\u0131 oldu. 40 y\u0131la yak\u0131n \u0130brad\u0131 il\u00e7esinde gazetecilik yapan ve \u0130brad\u0131 Gazetesinin imtiyaz sahibi olan gazeteci <a href=\"https:\/\/akdenizhaber.com.tr\/index.php\/2024\/02\/17\/gazeteci-yusuf-dagaroglu-bbpden-ibradi-belediye-baskani-adayi-oldu\/\" class=\"read-more-link\">[more&#8230;]<\/a><\/p>\n","protected":false},"author":2,"featured_media":20630,"comment_status":"open","ping_status":"open","sticky":false,"template":"","format":"standard","meta":{"footnotes":""},"categories":[2],"tags":[],"class_list":["post-20629","post","type-post","status-publish","format-standard","has-post-thumbnail","hentry","category-gundem"],"_links":{"self":[{"href":"https:\/\/akdenizhaber.com.tr\/index.php\/wp-json\/wp\/v2\/posts\/20629","targetHints":{"allow":["GET"]}}],"collection":[{"href":"https:\/\/akdenizhaber.com.tr\/index.php\/wp-json\/wp\/v2\/posts"}],"about":[{"href":"https:\/\/akdenizhaber.com.tr\/index.php\/wp-json\/wp\/v2\/types\/post"}],"author":[{"embeddable":true,"href":"https:\/\/akdenizhaber.com.tr\/index.php\/wp-json\/wp\/v2\/users\/2"}],"replies":[{"embeddable":true,"href":"https:\/\/akdenizhaber.com.tr\/index.php\/wp-json\/wp\/v2\/comments?post=20629"}],"version-history":[{"count":0,"href":"https:\/\/akdenizhaber.com.tr\/index.php\/wp-json\/wp\/v2\/posts\/20629\/revisions"}],"wp:featuredmedia":[{"embeddable":true,"href":"https:\/\/akdenizhaber.com.tr\/index.php\/wp-json\/wp\/v2\/media\/20630"}],"wp:attachment":[{"href":"https:\/\/akdenizhaber.com.tr\/index.php\/wp-json\/wp\/v2\/media?parent=20629"}],"wp:term":[{"taxonomy":"category","embeddable":true,"href":"https:\/\/akdenizhaber.com.tr\/index.php\/wp-json\/wp\/v2\/categories?post=20629"},{"taxonomy":"post_tag","embeddable":true,"href":"https:\/\/akdenizhaber.com.tr\/index.php\/wp-json\/wp\/v2\/tags?post=20629"}],"curies":[{"name":"wp","href":"https:\/\/api.w.org\/{rel}","templated":true}]}}