{"id":20611,"date":"2024-02-16T13:27:19","date_gmt":"2024-02-16T10:27:19","guid":{"rendered":"https:\/\/akdenizhaber.com.tr\/?p=20611"},"modified":"2024-02-16T13:27:19","modified_gmt":"2024-02-16T10:27:19","slug":"kaymakamlik-yeni-hizmet-binasinda","status":"publish","type":"post","link":"https:\/\/akdenizhaber.com.tr\/index.php\/2024\/02\/16\/kaymakamlik-yeni-hizmet-binasinda\/","title":{"rendered":"Kaymakaml\u0131k Yeni Hizmet Binas\u0131nda"},"content":{"rendered":"\n<p><\/p>\n\n\n\n<p>15 Ekim 2020 tarihinde ihalesi yap\u0131lan Manavgat H\u00fck\u00fcmet Kona\u011f\u0131 in\u015faat\u0131 tamamland\u0131. 19 \u015eubat 2024 tarihi itibariyle Manavgat Kaymakaml\u0131\u011f\u0131, \u0130l\u00e7e N\u00fcfus M\u00fcd\u00fcrl\u00fc\u011f\u00fc, Sosyal Yard\u0131mla\u015fma ve Dayan\u0131\u015fma Vakf\u0131, G\u00f6\u00e7 \u0130daresi M\u00fcd\u00fcrl\u00fc\u011f\u00fc ve Sosyal Hizmet Merkezi M\u00fcd\u00fcrl\u00fc\u011f\u00fc yeni h\u00fck\u00fcmet kona\u011f\u0131nda hizmet vermeye ba\u015flayacak.<\/p>\n\n\n\n<p>K\u0131smi olarak peyzaj d\u00fczenlemeleri devam eden yeni H\u00fck\u00fcmet Kona\u011f\u0131 Kavakl\u0131 mahallesinde in\u015fa edildi.<\/p>\n\n\n\n<p>\u00d6te yandan mevcut H\u00fck\u00fcmet Kona\u011f\u0131n\u0131n Cumhuriyet Meydan\u0131na d\u00e2hil edilerek, k\u00fct\u00fcphane, okuma ve hobi alan\u0131 olarak kullan\u0131lmas\u0131 bekleniyor.<\/p>\n\n\n\n<p>Haber Merkezi<\/p>\n","protected":false},"excerpt":{"rendered":"<p>15 Ekim 2020 tarihinde ihalesi yap\u0131lan Manavgat H\u00fck\u00fcmet Kona\u011f\u0131 in\u015faat\u0131 tamamland\u0131. 19 \u015eubat 2024 tarihi itibariyle Manavgat Kaymakaml\u0131\u011f\u0131, \u0130l\u00e7e N\u00fcfus M\u00fcd\u00fcrl\u00fc\u011f\u00fc, Sosyal Yard\u0131mla\u015fma ve Dayan\u0131\u015fma <a href=\"https:\/\/akdenizhaber.com.tr\/index.php\/2024\/02\/16\/kaymakamlik-yeni-hizmet-binasinda\/\" class=\"read-more-link\">[more&#8230;]<\/a><\/p>\n","protected":false},"author":2,"featured_media":20612,"comment_status":"open","ping_status":"open","sticky":false,"template":"","format":"standard","meta":{"footnotes":""},"categories":[2],"tags":[],"class_list":["post-20611","post","type-post","status-publish","format-standard","has-post-thumbnail","hentry","category-gundem"],"_links":{"self":[{"href":"https:\/\/akdenizhaber.com.tr\/index.php\/wp-json\/wp\/v2\/posts\/20611","targetHints":{"allow":["GET"]}}],"collection":[{"href":"https:\/\/akdenizhaber.com.tr\/index.php\/wp-json\/wp\/v2\/posts"}],"about":[{"href":"https:\/\/akdenizhaber.com.tr\/index.php\/wp-json\/wp\/v2\/types\/post"}],"author":[{"embeddable":true,"href":"https:\/\/akdenizhaber.com.tr\/index.php\/wp-json\/wp\/v2\/users\/2"}],"replies":[{"embeddable":true,"href":"https:\/\/akdenizhaber.com.tr\/index.php\/wp-json\/wp\/v2\/comments?post=20611"}],"version-history":[{"count":0,"href":"https:\/\/akdenizhaber.com.tr\/index.php\/wp-json\/wp\/v2\/posts\/20611\/revisions"}],"wp:featuredmedia":[{"embeddable":true,"href":"https:\/\/akdenizhaber.com.tr\/index.php\/wp-json\/wp\/v2\/media\/20612"}],"wp:attachment":[{"href":"https:\/\/akdenizhaber.com.tr\/index.php\/wp-json\/wp\/v2\/media?parent=20611"}],"wp:term":[{"taxonomy":"category","embeddable":true,"href":"https:\/\/akdenizhaber.com.tr\/index.php\/wp-json\/wp\/v2\/categories?post=20611"},{"taxonomy":"post_tag","embeddable":true,"href":"https:\/\/akdenizhaber.com.tr\/index.php\/wp-json\/wp\/v2\/tags?post=20611"}],"curies":[{"name":"wp","href":"https:\/\/api.w.org\/{rel}","templated":true}]}}