{"id":20608,"date":"2024-02-16T13:26:44","date_gmt":"2024-02-16T10:26:44","guid":{"rendered":"https:\/\/akdenizhaber.com.tr\/?p=20608"},"modified":"2024-02-16T13:26:45","modified_gmt":"2024-02-16T10:26:45","slug":"tankayayi-olumunun-4-yilinda-rahmetle-aniyoruz","status":"publish","type":"post","link":"https:\/\/akdenizhaber.com.tr\/index.php\/2024\/02\/16\/tankayayi-olumunun-4-yilinda-rahmetle-aniyoruz\/","title":{"rendered":"Tankaya&#8217;y\u0131 \u00f6l\u00fcm\u00fcn\u00fcn 4.y\u0131l\u0131nda rahmetle an\u0131yoruz"},"content":{"rendered":"\n<p><\/p>\n\n\n\n<p>Manavgat\u0131n Sesi Gazetesi b\u00fcnyesinde muhabir olarak g\u00f6rev yapmakta iken elim bir trafik kazas\u0131 sonras\u0131 memleketi Manisa ili Salihli il\u00e7esinde hayat\u0131n\u0131 kaybeden Hakan Tankaya&#8217;y\u0131 aram\u0131zdan ayr\u0131l\u0131\u015f\u0131n\u0131n 4. Y\u0131l\u0131nda rahmetle an\u0131yoruz.<\/p>\n\n\n\n<p>Manavgat&#8217;a ve bas\u0131n camias\u0131na uzun y\u0131llar emek veren Hakan Tankaya&#8217;ya bu vesileyle&nbsp; Allah&#8217;tan rahmet, kederli ailesine ba\u015fsa\u011fl\u0131\u011f\u0131 diliyoruz<\/p>\n\n\n\n<p>(Haber Merkezi)<\/p>\n","protected":false},"excerpt":{"rendered":"<p>Manavgat\u0131n Sesi Gazetesi b\u00fcnyesinde muhabir olarak g\u00f6rev yapmakta iken elim bir trafik kazas\u0131 sonras\u0131 memleketi Manisa ili Salihli il\u00e7esinde hayat\u0131n\u0131 kaybeden Hakan Tankaya&#8217;y\u0131 aram\u0131zdan ayr\u0131l\u0131\u015f\u0131n\u0131n <a href=\"https:\/\/akdenizhaber.com.tr\/index.php\/2024\/02\/16\/tankayayi-olumunun-4-yilinda-rahmetle-aniyoruz\/\" class=\"read-more-link\">[more&#8230;]<\/a><\/p>\n","protected":false},"author":2,"featured_media":20609,"comment_status":"open","ping_status":"open","sticky":false,"template":"","format":"standard","meta":{"footnotes":""},"categories":[2],"tags":[],"class_list":["post-20608","post","type-post","status-publish","format-standard","has-post-thumbnail","hentry","category-gundem"],"_links":{"self":[{"href":"https:\/\/akdenizhaber.com.tr\/index.php\/wp-json\/wp\/v2\/posts\/20608","targetHints":{"allow":["GET"]}}],"collection":[{"href":"https:\/\/akdenizhaber.com.tr\/index.php\/wp-json\/wp\/v2\/posts"}],"about":[{"href":"https:\/\/akdenizhaber.com.tr\/index.php\/wp-json\/wp\/v2\/types\/post"}],"author":[{"embeddable":true,"href":"https:\/\/akdenizhaber.com.tr\/index.php\/wp-json\/wp\/v2\/users\/2"}],"replies":[{"embeddable":true,"href":"https:\/\/akdenizhaber.com.tr\/index.php\/wp-json\/wp\/v2\/comments?post=20608"}],"version-history":[{"count":0,"href":"https:\/\/akdenizhaber.com.tr\/index.php\/wp-json\/wp\/v2\/posts\/20608\/revisions"}],"wp:featuredmedia":[{"embeddable":true,"href":"https:\/\/akdenizhaber.com.tr\/index.php\/wp-json\/wp\/v2\/media\/20609"}],"wp:attachment":[{"href":"https:\/\/akdenizhaber.com.tr\/index.php\/wp-json\/wp\/v2\/media?parent=20608"}],"wp:term":[{"taxonomy":"category","embeddable":true,"href":"https:\/\/akdenizhaber.com.tr\/index.php\/wp-json\/wp\/v2\/categories?post=20608"},{"taxonomy":"post_tag","embeddable":true,"href":"https:\/\/akdenizhaber.com.tr\/index.php\/wp-json\/wp\/v2\/tags?post=20608"}],"curies":[{"name":"wp","href":"https:\/\/api.w.org\/{rel}","templated":true}]}}