{"id":20599,"date":"2024-02-16T13:23:35","date_gmt":"2024-02-16T10:23:35","guid":{"rendered":"https:\/\/akdenizhaber.com.tr\/?p=20599"},"modified":"2024-02-16T13:23:35","modified_gmt":"2024-02-16T10:23:35","slug":"dekafokun-cabalari-yarali-carettanin-kurtulmasini-sagladi","status":"publish","type":"post","link":"https:\/\/akdenizhaber.com.tr\/index.php\/2024\/02\/16\/dekafokun-cabalari-yarali-carettanin-kurtulmasini-sagladi\/","title":{"rendered":"\u00a0Dekafok\u2019un \u00c7abalar\u0131 Yaral\u0131 Caretta\u2019n\u0131n Kurtulmas\u0131n\u0131 Sa\u011flad\u0131"},"content":{"rendered":"\n<p><\/p>\n\n\n\n<p>Manavgat Bo\u011faz Mevkii Mendirekte a\u011fz\u0131nda olta yaralar\u0131 bulunan ve g\u00fc\u00e7s\u00fcz d\u00fc\u015ferek f\u0131rt\u0131nan\u0131n etkisiyle k\u0131y\u0131ya s\u00fcr\u00fcklenen Caretta Caretta t\u00fcr\u00fc deniz kaplumba\u011fas\u0131, duyarl\u0131 bal\u0131k\u00e7\u0131lar\u0131n an\u0131nda ihbar\u0131 sayesinde b\u00f6lgede faaliyetlerini s\u00fcrd\u00fcren DEKAFOK K\u0131y\u0131 Koruma Derne\u011fi\u2019nin h\u0131zl\u0131 aksiyon almas\u0131yla kurtar\u0131ld\u0131.<\/p>\n\n\n\n<p>Yaral\u0131 Caretta Caretta\u2019n\u0131n, yap\u0131lan ilk kontroller sonucunda a\u011f\u0131z i\u00e7inden kan geldi\u011fi g\u00f6r\u00fcld\u00fc. DEKAFOK saha ekipleri taraf\u0131ndan, Prof. Dr. Hakan SERT, Prof. Dr. Cengiz DEVAL ve Prof. Dr. Ertan TA\u015eKAVAK\u2019\u0131n dan\u0131\u015fmanl\u0131\u011f\u0131nda, olta kancas\u0131 y\u00fcz\u00fcnden a\u011f\u0131z b\u00f6lgesi par\u00e7aland\u0131\u011f\u0131 anla\u015f\u0131lan Caretta Caretta, Do\u011fa Koruma ve Milli Parklar (DKMP) ekiplerinin deste\u011fiyle birlikte Manavgat\u2019ta &nbsp;Apollon Veteriner Klini\u011fi\u2019ne ula\u015ft\u0131r\u0131ld\u0131 ve tedavi edildi.<\/p>\n\n\n\n<p>DEKAFOK Derne\u011fi Ba\u015fkan\u0131 Seher Akyol, \u201cEkiplerimiz sahilde 7\/24 devriyeler ve fark\u0131ndal\u0131k \u00e7al\u0131\u015fmalar\u0131yla ba\u015fta bal\u0131k\u00e7\u0131lar olmak \u00fczere t\u00fcm toplumu do\u011fal ya\u015fam ve deniz kaplumba\u011falar\u0131 konusunda bilgilendirmektedir. Bug\u00fcn bu bilgilendirme \u00e7al\u0131\u015fmalar\u0131n\u0131n olumlu d\u00f6n\u00fctlerini alarak toplumumuzla birlikte deniz kaplumba\u011falar\u0131n\u0131n korunabilece\u011fini ve nesillerinin devaml\u0131l\u0131\u011f\u0131n\u0131n sa\u011flanabilece\u011fini g\u00f6rm\u00fc\u015f olmak bizleri \u00e7ok mutlu etti. Nesli t\u00fckenme tehlikesi alt\u0131nda olan ve koruma kapsam\u0131nda say\u0131lan deniz kaplumba\u011falar\u0131, deniz ekosisteminin vazge\u00e7ilmez bir par\u00e7as\u0131d\u0131r. Deniz kaplumba\u011falar\u0131 deniz anas\u0131 pop\u00fclasyonunu dengede tutarak b\u00f6lge halk\u0131n\u0131n rahat\u00e7a denize girmesini sa\u011flamas\u0131 ve denizdeki eko \u00e7e\u015fitlili\u011fe sa\u011flad\u0131\u011f\u0131 yararlar a\u00e7\u0131s\u0131ndan ayr\u0131ca \u00f6nemlidir. T\u00fcm Akdeniz \u00fclkelerinde yakla\u015f\u0131k 2000 di\u015finin yuvalad\u0131\u011f\u0131 ve be\u015fer\u00ee fakt\u00f6rler y\u00fcz\u00fcnden \u00fcreme say\u0131lar\u0131ndaki yava\u015flama d\u00fc\u015f\u00fcn\u00fcld\u00fc\u011f\u00fcnde nesillerinin devaml\u0131l\u0131\u011f\u0131 konusundaki tehlike daha net g\u00f6r\u00fclmektedir.\u201d dedi.<\/p>\n\n\n\n<p>Tedavisi Veteriner hekim Mehmet Y\u00fcksel taraf\u0131ndan tamamland\u0131ktan sonra DKMP ekipleri e\u015fli\u011finde sahile sa\u011fl\u0131kl\u0131 \u015fekilde b\u0131rak\u0131larak denize u\u011furland\u0131.<\/p>\n\n\n\n<p>Haber Merkezi<\/p>\n","protected":false},"excerpt":{"rendered":"<p>Manavgat Bo\u011faz Mevkii Mendirekte a\u011fz\u0131nda olta yaralar\u0131 bulunan ve g\u00fc\u00e7s\u00fcz d\u00fc\u015ferek f\u0131rt\u0131nan\u0131n etkisiyle k\u0131y\u0131ya s\u00fcr\u00fcklenen Caretta Caretta t\u00fcr\u00fc deniz kaplumba\u011fas\u0131, duyarl\u0131 bal\u0131k\u00e7\u0131lar\u0131n an\u0131nda ihbar\u0131 sayesinde <a href=\"https:\/\/akdenizhaber.com.tr\/index.php\/2024\/02\/16\/dekafokun-cabalari-yarali-carettanin-kurtulmasini-sagladi\/\" class=\"read-more-link\">[more&#8230;]<\/a><\/p>\n","protected":false},"author":2,"featured_media":20600,"comment_status":"open","ping_status":"open","sticky":false,"template":"","format":"standard","meta":{"footnotes":""},"categories":[2],"tags":[],"class_list":["post-20599","post","type-post","status-publish","format-standard","has-post-thumbnail","hentry","category-gundem"],"_links":{"self":[{"href":"https:\/\/akdenizhaber.com.tr\/index.php\/wp-json\/wp\/v2\/posts\/20599","targetHints":{"allow":["GET"]}}],"collection":[{"href":"https:\/\/akdenizhaber.com.tr\/index.php\/wp-json\/wp\/v2\/posts"}],"about":[{"href":"https:\/\/akdenizhaber.com.tr\/index.php\/wp-json\/wp\/v2\/types\/post"}],"author":[{"embeddable":true,"href":"https:\/\/akdenizhaber.com.tr\/index.php\/wp-json\/wp\/v2\/users\/2"}],"replies":[{"embeddable":true,"href":"https:\/\/akdenizhaber.com.tr\/index.php\/wp-json\/wp\/v2\/comments?post=20599"}],"version-history":[{"count":0,"href":"https:\/\/akdenizhaber.com.tr\/index.php\/wp-json\/wp\/v2\/posts\/20599\/revisions"}],"wp:featuredmedia":[{"embeddable":true,"href":"https:\/\/akdenizhaber.com.tr\/index.php\/wp-json\/wp\/v2\/media\/20600"}],"wp:attachment":[{"href":"https:\/\/akdenizhaber.com.tr\/index.php\/wp-json\/wp\/v2\/media?parent=20599"}],"wp:term":[{"taxonomy":"category","embeddable":true,"href":"https:\/\/akdenizhaber.com.tr\/index.php\/wp-json\/wp\/v2\/categories?post=20599"},{"taxonomy":"post_tag","embeddable":true,"href":"https:\/\/akdenizhaber.com.tr\/index.php\/wp-json\/wp\/v2\/tags?post=20599"}],"curies":[{"name":"wp","href":"https:\/\/api.w.org\/{rel}","templated":true}]}}