{"id":20590,"date":"2024-02-16T13:18:17","date_gmt":"2024-02-16T10:18:17","guid":{"rendered":"https:\/\/akdenizhaber.com.tr\/?p=20590"},"modified":"2024-02-16T13:18:18","modified_gmt":"2024-02-16T10:18:18","slug":"vali-hulusi-sahin-tum-kurum-ve-kuruluslar-ile-gonullulere-tesekkurler","status":"publish","type":"post","link":"https:\/\/akdenizhaber.com.tr\/index.php\/2024\/02\/16\/vali-hulusi-sahin-tum-kurum-ve-kuruluslar-ile-gonullulere-tesekkurler\/","title":{"rendered":"Vali Hulusi \u015eahin; \u201cT\u00fcm Kurum ve Kurulu\u015flar \u0130le G\u00f6n\u00fcll\u00fclere Te\u015fekk\u00fcrler\u201d\u00a0\u00a0\u00a0\u00a0"},"content":{"rendered":"\n<p>Vali Hulusi \u015eahin ba\u015fkanl\u0131\u011f\u0131nda AFAD M\u00fcd\u00fcrl\u00fc\u011f\u00fcnde Afet Koordinasyon Toplant\u0131s\u0131 ger\u00e7ekle\u015ftirildi. Vali \u015eahin; \u201cTa\u015fk\u0131n s\u00fcrecinde desteklerinden dolay\u0131 t\u00fcm Kamu Kurum ve Kurulu\u015flar\u0131m\u0131za, B\u00fcy\u00fck\u015fehir Belediyemizde, il\u00e7e belediyelerimize, AFAD\u2019\u0131m\u0131za ve T\u00fcrkiye\u2019nin d\u00f6rt bir yan\u0131ndan gelerek hi\u00e7bir maddi beklenti olmadan bize destek veren 600 AFAD g\u00f6n\u00fcll\u00fcm\u00fcze te\u015fekk\u00fcrlerimi sunuyorum.\u201d dedi<\/p>\n\n\n\n<p><br>AFAD \u0130l M\u00fcd\u00fcrl\u00fc\u011f\u00fc Afet Koordinasyon Merkezi\u2019nde d\u00fczenlenen toplant\u0131ya Vali Hulusi \u015eahin, B\u00fcy\u00fck\u015fehir Belediye Ba\u015fkan\u0131 Muhittin B\u00f6cek, Vali Yard\u0131mc\u0131lar\u0131 Yal\u00e7\u0131n Sezgin ve Erol Tanr\u0131kulu, merkez il\u00e7e kaymakamlar\u0131, AFAD Ba\u015fkan Yard\u0131mc\u0131s\u0131 \u00d6nder Bozkurt ile ilgili kurum ve kurulu\u015flar\u0131n yetkilileri kat\u0131ld\u0131. Vali Hulusi \u015eahin toplant\u0131n\u0131n ard\u0131ndan bas\u0131na a\u00e7\u0131klamalarda bulundu.<br>Devletimizin T\u00fcm \u0130mkanlar\u0131yla Ma\u011fduriyet Ya\u015fanmamas\u0131 \u0130\u00e7in Gayret Edildi<br>Antalya\u2019n\u0131n merkez il\u00e7elerinde 13 \u015eubat gecesi ba\u015flayan yo\u011fun ya\u011f\u0131\u015flar\u0131n neden oldu\u011fu su ta\u015fk\u0131nlar\u0131nda devletin t\u00fcm birimleriyle koordineli bir \u015fekilde \u00e7al\u0131\u015ft\u0131\u011f\u0131n\u0131 belirten Vali \u015eahin; \u201cCumhurba\u015fkan\u0131m\u0131z\u0131n talimatlar\u0131 ve \u0130\u00e7i\u015fleri Bakan\u0131m\u0131z\u0131n yak\u0131ndan takibiyle devletimizin t\u00fcm imk\u00e2nlar\u0131 Antalya\u2019m\u0131z i\u00e7in seferber edildi. \u0130\u00e7i\u015fleri Bakan Yard\u0131mc\u0131m\u0131z M\u00fcnir Karalo\u011flu da b\u00fct\u00fcn \u00e7al\u0131\u015fmalar\u0131 koordine etmek \u00fczere ilimize geldi. \u015eehrimize civar iller ve Ankara\u2019dan gelen destek ekiplerle birlikte 2.783 personel, 442 ara\u00e7, 442 motopomp, 7 bot, 20 vidanj\u00f6r ve 60 araz\u00f6ze ula\u015farak, vatanda\u015flar\u0131m\u0131z\u0131n yard\u0131m\u0131na ko\u015ftuk.\u201d dedi.<br>112 Acil \u00c7a\u011fr\u0131 Merkezi\u2019ne vatanda\u015flar taraf\u0131ndan 5 bin 300 ihbar geldi\u011fini belirten Vali \u015eahin t\u00fcm ihbarlara titizlikle ve h\u0131zl\u0131 bir \u015fekilde m\u00fcdahale edildi\u011fini ifade etti.<br>Ekiplerimiz Sahada<br>Ya\u015fanan su bask\u0131n\u0131n hemen ard\u0131ndan su tahliye i\u015flemlerinin ba\u015flad\u0131\u011f\u0131na de\u011finen Vali \u015eahin; \u201cSu ta\u015fk\u0131nlar\u0131nda 46 kamu binas\u0131 zarar g\u00f6rm\u00fc\u015ft\u00fc. Belediyelerimizce 2 bin 459, AFAD ekiplerimizce 228 olmak \u00fczere toplam 2 bin 687 konutta su tahliyesi yapt\u0131k. Tahliye i\u015flemleri ise 14 \u015eubat saat 21.00 itibariyle tamamland\u0131. Konut ve i\u015f yerlerinde olu\u015fan \u00e7amur birikintilerini ba\u015fta AFAD g\u00f6n\u00fcll\u00fclerimiz olmak \u00fczere belediye, Jandarma ve Polisimizden destek alarak ekipler olu\u015fturduk. \u015eu an sahada bin civar\u0131nda ekibimiz var. Hemen hemen t\u00fcm temizlik faaliyetlerini bitirmi\u015f durumday\u0131z. 983 bina temizli\u011fini de ekiplerimizle tamamlad\u0131k.\u201d \u015feklinde konu\u015ftu.<br>Hastanelerimiz Hizmete A\u00e7\u0131k<br>E\u011fitim Ara\u015ft\u0131rma Hastanesi ve Kepez Devlet Hastanesi\u2019nde ya\u015fanan su bask\u0131n\u0131 sorunlar\u0131n\u0131n h\u0131zl\u0131 bir \u015fekilde \u00e7\u00f6z\u00fcld\u00fc\u011f\u00fcn\u00fc ifade eden Vali \u015eahin; \u201cE\u011fitim Ara\u015ft\u0131rma Hastanemizin anjiyo \u00fcniteleri, Kepez Devlet Hastanemizin tomografi \u00fcnitesi ile laboratuvarlar\u0131 ve Sema Yazar Semt Poliklini\u011fi de sular alt\u0131nda kalm\u0131\u015ft\u0131. T\u00fcm hastanelerimizin faaliyetleri \u015fu an itibariyle normale d\u00f6nd\u00fc. Muratpa\u015fa N\u00fcfus M\u00fcd\u00fcrl\u00fc\u011f\u00fc\u2019m\u00fczde ya\u015fanan sorunlar\u0131 da ayn\u0131 g\u00fcn \u00e7\u00f6zerek hizmet a\u00e7t\u0131k. \u201cdedi.<br>Okullar\u0131m\u0131zdaki Sorunlar Giderildi<br>Su bask\u0131n\u0131ndan 120 okulun etkilendi\u011fini ifade eden Vali \u015eahin; \u201c120 okulumuz ve bir pansiyonumuz su bask\u0131n\u0131ndan etkilenmi\u015fti. Buradaki t\u00fcm sorunlar\u0131 \u00e7\u00f6zd\u00fck. Sadece trafo yanmas\u0131ndan dolay\u0131 3 okulumuzda sorun devam ediyor. Pazartesi itibariyle de bu 3 okulumuzun sorunlar\u0131n\u0131 \u00e7\u00f6zece\u011fiz. Bug\u00fcn itibariyle de t\u00fcm okullar\u0131m\u0131z a\u00e7\u0131k durumdad\u0131r. Gen\u00e7lik ve Spor Bakanl\u0131\u011f\u0131m\u0131za ba\u011fl\u0131 5 yurdumuzda ya\u015fanan sorunlar\u0131 giderdik. 32 cami ve 24 Kur\u2019an kursumuzda su bask\u0131n\u0131ndan etkilenmi\u015fti. Sadece 3 yeralt\u0131 mescidi ve bir Kur\u2019an kursunda sorun devam ediyor. Onlar da yar\u0131n Cuma namaz\u0131na kadar m\u00fcft\u00fcl\u00fck personelimizce hizmete a\u00e7\u0131lacak.\u201d diye konu\u015ftu.<br>Muratpa\u015fa\u2019da bulunan G\u0131yasettin Keyh\u00fcsrev Alt Ge\u00e7idinde &nbsp;bir vatanda\u015f\u0131n hayat\u0131n\u0131 kaybetti\u011fini ifade eden Vali \u015eahin, hafif yaralanan 3 vatanda\u015f\u0131n da taburcu olduklar\u0131 bilgisini verdi.<\/p>\n\n\n\n<p><br>G\u0131yasettin Keyh\u00fcsrev Alt Ge\u00e7idi, Vatan Kav\u015fa\u011f\u0131 ve Demokrasi Kav\u015fa\u011f\u0131nda meydana gelen su birikintilerinin tahliye edilerek h\u0131zl\u0131 bir \u015fekilde trafi\u011fe a\u00e7\u0131ld\u0131\u011f\u0131n\u0131 da belirten Vali \u015eahin, t\u00fcm alt ge\u00e7itlerdeki sular\u0131n bo\u015falt\u0131ld\u0131\u011f\u0131n\u0131 ve tramvay hatt\u0131n\u0131n da vatanda\u015fa hizmet vermeye ba\u015flad\u0131\u011f\u0131n\u0131 s\u00f6yledi.<br>Vatanda\u015flar\u0131m\u0131z\u0131n Yan\u0131nday\u0131z<br>Ta\u015fk\u0131nlar\u0131n ilk g\u00fcn\u00fcnden itibaren hasar ve zarar tespit \u00e7al\u0131\u015fmalar\u0131na b\u00fcy\u00fck \u00f6nem verdiklerini vurgulayan Vali \u015eahin; \u201cZarar tespitleriyle ilgili sahada 360 ki\u015fiden olu\u015fan tespit ekibimiz var ve tespitleri hemen hemen bitirmi\u015f durumday\u0131z. Ancak yeni talepler gelmeye devam ediyor. &nbsp;Yar\u0131n \u00f6\u011flene kadar da onlar\u0131 tamamlayaca\u011f\u0131z. Hasar tespitlerinde toplam 78 binada, \u00c7evre, \u015eehircilik ve \u0130klim De\u011fi\u015fikli\u011fi \u0130l M\u00fcd\u00fcrl\u00fc\u011f\u00fc ekipleri \u00e7al\u0131\u015fmalar yapt\u0131. &nbsp;Bu \u00e7al\u0131\u015fmalarda 54 binam\u0131z hasars\u0131z, 15 binam\u0131z az hasarl\u0131, 7 binam\u0131z ise orta hasarl\u0131 \u00e7\u0131kt\u0131. Orta hasarl\u0131 binalar\u0131m\u0131z\u0131 tahliye ettik. Bu 7 binam\u0131zda bulunan 66 ailemizi T\u00fcrk Silahl\u0131 Kuvvetleri&#8217;ne ait Karpuz Kald\u0131ran Tesislerini tahsis ettik. Vatanda\u015flar\u0131m\u0131z orada misafir ediyoruz. Ayr\u0131ca 16 ailemizi talepleri do\u011frultusunda tahliyelerini ger\u00e7ekle\u015ftirerek misafirhanelerimize yerle\u015ftirdik.\u201d dedi.<br>Bin 948 Dekar Tar\u0131m Arazisi Su Bask\u0131nlar\u0131ndan Etkilendi<br>Tar\u0131m alanlar\u0131nda tespit edilen bilgilere g\u00f6re bin 948 dekar alanda su bask\u0131n\u0131 ya\u015fand\u0131\u011f\u0131na de\u011finen Vali \u015eahin; \u201cTespitlerimize g\u00f6re 299 \u00fcreticimizin toplam bin 343 dekar \u00f6rt\u00fcl\u00fc ve 605 dekar a\u00e7\u0131k olmak \u00fczere bin 948 dekar tar\u0131m alan\u0131nda su bask\u0131n\u0131 oldu\u011funu belirledik. Aksu ve Kepez il\u00e7elerimizde 10 \u00e7ift\u00e7imizin toplam 7 b\u00fcy\u00fckba\u015f, 70 k\u00fc\u00e7\u00fckba\u015f, 70 tavuk, 210 ar\u0131 kovan\u0131 telef olmu\u015f; 4000 kilo kaba yem, 11 bin 300 kilo kesif yem ve bir adette s\u00fct sa\u011fma makinesi zarar g\u00f6rm\u00fc\u015ft\u00fcr. Zararlar\u0131n tespitinin hemen ard\u0131ndan Cumhurba\u015fkanl\u0131\u011f\u0131 G\u00fcvenlik \u0130\u015fleri Genel M\u00fcd\u00fcrl\u00fc\u011f\u00fcm\u00fcze zararlar\u0131n tazmini i\u00e7in ba\u015fvuruda bulunaca\u011f\u0131z.\u201d \u015feklinde konu\u015ftu.<br>Acil Yard\u0131m \u00d6denekleri Vatanda\u015flara Da\u011f\u0131t\u0131lmaya Ba\u015fland\u0131<br>\u0130\u00e7i\u015fleri Bakanl\u0131\u011f\u0131 Acil Yard\u0131m \u00f6dene\u011finden gelen 20 milyon TL\u2019nin su bask\u0131n\u0131ndan zarar g\u00f6ren vatanda\u015flara da\u011f\u0131t\u0131lmaya ba\u015fland\u0131\u011f\u0131n\u0131 vurgulayan Vali \u015eahin; \u201cVefat eden Halil Y\u0131ld\u0131z isimli vatanda\u015f\u0131m\u0131z\u0131n ailesine 100 bin TL nakdi yard\u0131m yapt\u0131k. Sosyal Yard\u0131mla\u015fma Vak\u0131flar\u0131m\u0131z ilk etapta 273 aileye toplam 1 Milyon 70 bin TL nakdi, 86 ki\u015fiye de giyim yard\u0131m\u0131 yapt\u0131. B\u00fcy\u00fck\u015fehir Belediyemiz bin 600 aileye, Kepez Belediyemiz 349 aileye, Muratpa\u015fa Belediyemiz de bine yak\u0131n aileye nakdi ve ayni yard\u0131mlarda bulundu. Bu yard\u0131mlar\u0131m\u0131z devam edecek. Tespitlerden sonra e\u015fya yard\u0131mlar\u0131n\u0131 ise Aile ve Sosyal Hizmetler Bakanl\u0131\u011f\u0131m\u0131z \u00fczerinden destekleyece\u011fiz. Zarar g\u00f6ren i\u015f yerlerinin yard\u0131mlar\u0131nda belli bir barem sistemi var. Bu da AFAD taraf\u0131ndan desteklenecek. Ayr\u0131ca KOSGEB Destek paketleri haz\u0131rl\u0131yor, onlar\u0131 da i\u015f yerlerimizin hizmetine sunaca\u011f\u0131z.\u201d ifadelerini kulland\u0131.<br>T\u00fcm Kurum ve Kurulu\u015flar \u0130le G\u00f6n\u00fcll\u00fclere Te\u015fekk\u00fcr Etti<br>Ya\u015fanan zorlu s\u00fcre\u00e7te devletin t\u00fcm kademelerinin Antalya\u2019n\u0131n yan\u0131nda oldu\u011funun alt\u0131n\u0131 \u00e7izen Vali \u015eahin; \u201cAntalya 13 \u015eubat\u2019ta \u00e7ok zor bir gece ya\u015fad\u0131. Ancak 2 g\u00fcn\u00fcn i\u00e7erisinde devletimizin t\u00fcm imk\u00e2nlar\u0131yla ta\u015fk\u0131n\u0131n olu\u015fturdu\u011fu olumsuzluklar\u0131n \u00f6n\u00fcne ge\u00e7meye \u00e7al\u0131\u015ft\u0131k. Vatanda\u015flar\u0131m\u0131z\u0131n maddi zararlar\u0131n\u0131 da k\u0131sa s\u00fcrede giderece\u011fiz. Ben bu s\u00fcre\u00e7te desteklerinden dolay\u0131 t\u00fcm Kamu Kurum ve Kurulu\u015flar\u0131m\u0131za, B\u00fcy\u00fck\u015fehir Belediyemizde, il\u00e7e belediyelerimize, AFAD\u2019\u0131m\u0131za \u00e7ok te\u015fekk\u00fcr ediyorum. Ayr\u0131ca T\u00fcrkiye\u2019nin d\u00f6rt bir yan\u0131ndan gelerek hi\u00e7bir maddi beklenti olmadan bize destek veren 600 AFAD g\u00f6n\u00fcll\u00fcm\u00fcze de \u00f6zellikle te\u015fekk\u00fcrlerimi sunuyorum. Hepimize ge\u00e7mi\u015f olsun.\u201d dedi.<\/p>\n\n\n\n<p>Antalya Valili\u011fi \/ B\u00fclten<\/p>\n","protected":false},"excerpt":{"rendered":"<p>Vali Hulusi \u015eahin ba\u015fkanl\u0131\u011f\u0131nda AFAD M\u00fcd\u00fcrl\u00fc\u011f\u00fcnde Afet Koordinasyon Toplant\u0131s\u0131 ger\u00e7ekle\u015ftirildi. Vali \u015eahin; \u201cTa\u015fk\u0131n s\u00fcrecinde desteklerinden dolay\u0131 t\u00fcm Kamu Kurum ve Kurulu\u015flar\u0131m\u0131za, B\u00fcy\u00fck\u015fehir Belediyemizde, il\u00e7e belediyelerimize, <a href=\"https:\/\/akdenizhaber.com.tr\/index.php\/2024\/02\/16\/vali-hulusi-sahin-tum-kurum-ve-kuruluslar-ile-gonullulere-tesekkurler\/\" class=\"read-more-link\">[more&#8230;]<\/a><\/p>\n","protected":false},"author":2,"featured_media":20591,"comment_status":"open","ping_status":"open","sticky":false,"template":"","format":"standard","meta":{"footnotes":""},"categories":[2],"tags":[],"class_list":["post-20590","post","type-post","status-publish","format-standard","has-post-thumbnail","hentry","category-gundem"],"_links":{"self":[{"href":"https:\/\/akdenizhaber.com.tr\/index.php\/wp-json\/wp\/v2\/posts\/20590","targetHints":{"allow":["GET"]}}],"collection":[{"href":"https:\/\/akdenizhaber.com.tr\/index.php\/wp-json\/wp\/v2\/posts"}],"about":[{"href":"https:\/\/akdenizhaber.com.tr\/index.php\/wp-json\/wp\/v2\/types\/post"}],"author":[{"embeddable":true,"href":"https:\/\/akdenizhaber.com.tr\/index.php\/wp-json\/wp\/v2\/users\/2"}],"replies":[{"embeddable":true,"href":"https:\/\/akdenizhaber.com.tr\/index.php\/wp-json\/wp\/v2\/comments?post=20590"}],"version-history":[{"count":0,"href":"https:\/\/akdenizhaber.com.tr\/index.php\/wp-json\/wp\/v2\/posts\/20590\/revisions"}],"wp:featuredmedia":[{"embeddable":true,"href":"https:\/\/akdenizhaber.com.tr\/index.php\/wp-json\/wp\/v2\/media\/20591"}],"wp:attachment":[{"href":"https:\/\/akdenizhaber.com.tr\/index.php\/wp-json\/wp\/v2\/media?parent=20590"}],"wp:term":[{"taxonomy":"category","embeddable":true,"href":"https:\/\/akdenizhaber.com.tr\/index.php\/wp-json\/wp\/v2\/categories?post=20590"},{"taxonomy":"post_tag","embeddable":true,"href":"https:\/\/akdenizhaber.com.tr\/index.php\/wp-json\/wp\/v2\/tags?post=20590"}],"curies":[{"name":"wp","href":"https:\/\/api.w.org\/{rel}","templated":true}]}}