{"id":20526,"date":"2024-02-14T12:01:18","date_gmt":"2024-02-14T09:01:18","guid":{"rendered":"https:\/\/akdenizhaber.com.tr\/?p=20526"},"modified":"2024-02-14T12:01:19","modified_gmt":"2024-02-14T09:01:19","slug":"31-mart-secimlerinin-kaderini-khklilar-ve-ailelerinin-sandiga-gitmesi-belirleyecek","status":"publish","type":"post","link":"https:\/\/akdenizhaber.com.tr\/index.php\/2024\/02\/14\/31-mart-secimlerinin-kaderini-khklilar-ve-ailelerinin-sandiga-gitmesi-belirleyecek\/","title":{"rendered":"31 Mart se\u00e7imlerinin kaderini KHK&#8217;l\u0131lar ve ailelerinin sand\u0131\u011fa gitmesi belirleyecek!"},"content":{"rendered":"\n<p>Adalet ve \u0130nsan Haklar\u0131 Platformu(AH\u0130P) Ba\u015fkan\u0131 Av. M\u00fccahit G\u00fcndo\u011fdu, 31 Mart 2024 se\u00e7iminin baz\u0131 il\u00e7eler ve illerde kaderini Kanun H\u00fckm\u00fcnde Kararname(KHK) ile kamudan mesleklerinden ihra\u00e7 edilen ve ailelerinin belirleyece\u011fini s\u00f6yledi.<\/p>\n\n\n\n<p>AH\u0130P Ba\u015fkan\u0131 Av. M\u00fccahit G\u00fcndo\u011fdu, yapt\u0131\u011f\u0131 a\u00e7\u0131klamada, KHK&#8217;l\u0131lar\u0131n 14 May\u0131s se\u00e7imleri ve sonras\u0131 kamudan hukuksuz ihra\u00e7lar\u0131n\u0131n Meclis&#8217;te savunulmas\u0131 noktas\u0131nda ba\u015fta Ana muhalefet partisi CHP ba\u015fta olmak \u00fczere Saadet Partisi(SP) ,Demokrasi ve At\u0131l\u0131m Partisi(DEVA) ,Gelecek Partisi \u0130Y\u0130 Parti ve Demokrat Parti(DP)&#8217;nin hi\u00e7 bir giri\u015fiminde bulunmad\u0131\u011f\u0131 ve iktidar partisi ile ayn\u0131 s\u00f6ylem ve d\u00fc\u015f\u00fcnce i\u00e7inde olduklar\u0131 i\u00e7in \u00e7o\u011fu KHK&#8217;n\u0131n 31 Mart&#8217;ta sand\u0131\u011fa gitme taraftar\u0131 olmad\u0131\u011f\u0131na dikkat \u00e7eken AH\u0130P Ba\u015fkan\u0131 Av. M\u00fccahit G\u00fcndo\u011fdu,&#8221; KHK&#8217;l\u0131lar muhalefetin de bizim sorunlar\u0131m\u0131z\u0131n \u00e7\u00f6z\u00fclmesi noktas\u0131nda iktidar partisi ve bile\u015fenlerinden fark\u0131 yok diyerek 31 Mart&#8217;ta sand\u0131\u011fa gitmeye eklerini s\u00f6yl\u00fcyor. E\u011fer ba\u015fta CHP ve Millet \u0130ttifak&#8217;\u0131 bile\u015fenleri KHK&#8217;l\u0131lar\u0131n k\u0131r\u0131lan onur ve gururlar\u0131n\u0131 tamir etmezse \u00e7o\u011fu il\u00e7e ve illerde k\u00fc\u00e7\u00fck oy farklar\u0131 ile belediye se\u00e7imlerini kaybedebilir.&nbsp; KHK&#8217;l\u0131lar\u0131n sand\u0131\u011fa gitmeye ikna edilmezse ba\u015fta CHP&#8217;liler in i\u015fi \u00e7ok zor.&#8221; dedi.<\/p>\n\n\n\n<p>AH\u0130P Ba\u015fkan\u0131 Av. M\u00fccahit G\u00fcndo\u011fdu, bu\u011fune kadar toplamda hi\u00e7 bir gerek\u00e7e g\u00f6sterilmeden&nbsp; 141 bin kamu g\u00f6revlisinin ihra\u00e7 edildi\u011fini s\u00f6yledi.<\/p>\n\n\n\n<p>21 bin KHK&#8217;l\u0131 yarg\u0131lan\u0131p beraat etmesine kar\u015f\u0131 halen 8 y\u0131ld\u0131r g\u00f6revine d\u00f6nmedi\u011fini s\u00f6yledi.<\/p>\n\n\n\n<p>Abdurrahman B\u00fcy\u00fckkeskin \/ Haber<\/p>\n","protected":false},"excerpt":{"rendered":"<p>Adalet ve \u0130nsan Haklar\u0131 Platformu(AH\u0130P) Ba\u015fkan\u0131 Av. M\u00fccahit G\u00fcndo\u011fdu, 31 Mart 2024 se\u00e7iminin baz\u0131 il\u00e7eler ve illerde kaderini Kanun H\u00fckm\u00fcnde Kararname(KHK) ile kamudan mesleklerinden ihra\u00e7 <a href=\"https:\/\/akdenizhaber.com.tr\/index.php\/2024\/02\/14\/31-mart-secimlerinin-kaderini-khklilar-ve-ailelerinin-sandiga-gitmesi-belirleyecek\/\" class=\"read-more-link\">[more&#8230;]<\/a><\/p>\n","protected":false},"author":2,"featured_media":20527,"comment_status":"open","ping_status":"open","sticky":false,"template":"","format":"standard","meta":{"footnotes":""},"categories":[2],"tags":[],"class_list":["post-20526","post","type-post","status-publish","format-standard","has-post-thumbnail","hentry","category-gundem"],"_links":{"self":[{"href":"https:\/\/akdenizhaber.com.tr\/index.php\/wp-json\/wp\/v2\/posts\/20526","targetHints":{"allow":["GET"]}}],"collection":[{"href":"https:\/\/akdenizhaber.com.tr\/index.php\/wp-json\/wp\/v2\/posts"}],"about":[{"href":"https:\/\/akdenizhaber.com.tr\/index.php\/wp-json\/wp\/v2\/types\/post"}],"author":[{"embeddable":true,"href":"https:\/\/akdenizhaber.com.tr\/index.php\/wp-json\/wp\/v2\/users\/2"}],"replies":[{"embeddable":true,"href":"https:\/\/akdenizhaber.com.tr\/index.php\/wp-json\/wp\/v2\/comments?post=20526"}],"version-history":[{"count":0,"href":"https:\/\/akdenizhaber.com.tr\/index.php\/wp-json\/wp\/v2\/posts\/20526\/revisions"}],"wp:featuredmedia":[{"embeddable":true,"href":"https:\/\/akdenizhaber.com.tr\/index.php\/wp-json\/wp\/v2\/media\/20527"}],"wp:attachment":[{"href":"https:\/\/akdenizhaber.com.tr\/index.php\/wp-json\/wp\/v2\/media?parent=20526"}],"wp:term":[{"taxonomy":"category","embeddable":true,"href":"https:\/\/akdenizhaber.com.tr\/index.php\/wp-json\/wp\/v2\/categories?post=20526"},{"taxonomy":"post_tag","embeddable":true,"href":"https:\/\/akdenizhaber.com.tr\/index.php\/wp-json\/wp\/v2\/tags?post=20526"}],"curies":[{"name":"wp","href":"https:\/\/api.w.org\/{rel}","templated":true}]}}