{"id":20520,"date":"2024-02-14T11:59:39","date_gmt":"2024-02-14T08:59:39","guid":{"rendered":"https:\/\/akdenizhaber.com.tr\/?p=20520"},"modified":"2024-02-14T11:59:39","modified_gmt":"2024-02-14T08:59:39","slug":"baskan-uysal-yozgatlilarla-bulustu","status":"publish","type":"post","link":"https:\/\/akdenizhaber.com.tr\/index.php\/2024\/02\/14\/baskan-uysal-yozgatlilarla-bulustu\/","title":{"rendered":"Ba\u015fkan Uysal, Yozgatl\u0131larla bulu\u015ftu"},"content":{"rendered":"\n<p>Muratpa\u015fa Belediye Ba\u015fkan\u0131 \u00dcmit Uysal, Antalya Yozgatl\u0131lar Derne\u011fi\u2019nin d\u00fczenledi\u011fi gecede \u201cBirbirini sayan, seven, herkesin birbirini oldu\u011fu gibi kabul etti\u011fi bir kent k\u00fclt\u00fcr\u00fcm\u00fcz, bir hayat k\u00fclt\u00fcr\u00fcm\u00fcz var. Allah birli\u011fimizi, beraberli\u011fimizi bozmas\u0131n\u201d dedi.<\/p>\n\n\n\n<p>Antalya\u2019da ya\u015fayan Yozgatl\u0131lar, un, su ve tuzla yap\u0131lan \u00e7orbas\u0131 i\u00e7inse tavuk eti kullan\u0131lan y\u00f6reye has araba\u015f\u0131n\u0131n ikram edildi\u011fi gecede bir araya geldi. Antalya Yozgatl\u0131lar Derne\u011fi\u2019nin d\u00fczenlendi\u011fi ve ev sahipli\u011fini dernek ba\u015fkan\u0131 Halis Esmer\u2019in yapt\u0131\u011f\u0131 geceye Ba\u015fkan Uysal da kat\u0131ld\u0131. Uysal, gecede yapt\u0131\u011f\u0131 konu\u015fmada, Yozgat\u2019\u0131n \u00e7ok say\u0131da devlet adam\u0131 yeti\u015ftirdi\u011fini ama T\u00fcrk halk m\u00fczi\u011fi sanat\u00e7\u0131s\u0131 ve derlemeci Nida T\u00fcfek\u00e7i\u2019nin kendisinde yerinin ayr\u0131 oldu\u011funu s\u00f6yledi.<br><br>Antalya ve Muratpa\u015fa\u2019n\u0131n sadece T\u00fcrkiye\u2019nin de\u011fil d\u00fcnyan\u0131n farkl\u0131 co\u011frafyalar\u0131ndan farkl\u0131 k\u00fclt\u00fcrlere ev sahipli\u011fi yapt\u0131\u011f\u0131n\u0131 belirten Ba\u015fkan Uysal,&nbsp;\u201c\u015eehrin ortak k\u00fclt\u00fcr\u00fcn\u00fc olu\u015fturan, birbirini sayan, seven, herkesin birbirini oldu\u011fu gibi kabul etti\u011fi bir kent k\u00fclt\u00fcr\u00fcm\u00fcz, bir hayat k\u00fclt\u00fcr\u00fcm\u00fcz var. Allah birli\u011fimizi, beraberli\u011fimizi bozmas\u0131n\u201d diye konu\u015ftu. Ba\u015fkan Uysal, konu\u015fmas\u0131n\u0131n sonunda Cahit S\u0131tk\u0131 Taranc\u0131\u2019n\u0131n Memleket \u0130sterim \u015fiirini okudu.<\/p>\n\n\n\n<p>Muratpa\u015fa Belediyesi \/ B\u00fclten<\/p>\n","protected":false},"excerpt":{"rendered":"<p>Muratpa\u015fa Belediye Ba\u015fkan\u0131 \u00dcmit Uysal, Antalya Yozgatl\u0131lar Derne\u011fi\u2019nin d\u00fczenledi\u011fi gecede \u201cBirbirini sayan, seven, herkesin birbirini oldu\u011fu gibi kabul etti\u011fi bir kent k\u00fclt\u00fcr\u00fcm\u00fcz, bir hayat k\u00fclt\u00fcr\u00fcm\u00fcz <a href=\"https:\/\/akdenizhaber.com.tr\/index.php\/2024\/02\/14\/baskan-uysal-yozgatlilarla-bulustu\/\" class=\"read-more-link\">[more&#8230;]<\/a><\/p>\n","protected":false},"author":2,"featured_media":20521,"comment_status":"open","ping_status":"open","sticky":false,"template":"","format":"standard","meta":{"footnotes":""},"categories":[2],"tags":[],"class_list":["post-20520","post","type-post","status-publish","format-standard","has-post-thumbnail","hentry","category-gundem"],"_links":{"self":[{"href":"https:\/\/akdenizhaber.com.tr\/index.php\/wp-json\/wp\/v2\/posts\/20520","targetHints":{"allow":["GET"]}}],"collection":[{"href":"https:\/\/akdenizhaber.com.tr\/index.php\/wp-json\/wp\/v2\/posts"}],"about":[{"href":"https:\/\/akdenizhaber.com.tr\/index.php\/wp-json\/wp\/v2\/types\/post"}],"author":[{"embeddable":true,"href":"https:\/\/akdenizhaber.com.tr\/index.php\/wp-json\/wp\/v2\/users\/2"}],"replies":[{"embeddable":true,"href":"https:\/\/akdenizhaber.com.tr\/index.php\/wp-json\/wp\/v2\/comments?post=20520"}],"version-history":[{"count":0,"href":"https:\/\/akdenizhaber.com.tr\/index.php\/wp-json\/wp\/v2\/posts\/20520\/revisions"}],"wp:featuredmedia":[{"embeddable":true,"href":"https:\/\/akdenizhaber.com.tr\/index.php\/wp-json\/wp\/v2\/media\/20521"}],"wp:attachment":[{"href":"https:\/\/akdenizhaber.com.tr\/index.php\/wp-json\/wp\/v2\/media?parent=20520"}],"wp:term":[{"taxonomy":"category","embeddable":true,"href":"https:\/\/akdenizhaber.com.tr\/index.php\/wp-json\/wp\/v2\/categories?post=20520"},{"taxonomy":"post_tag","embeddable":true,"href":"https:\/\/akdenizhaber.com.tr\/index.php\/wp-json\/wp\/v2\/tags?post=20520"}],"curies":[{"name":"wp","href":"https:\/\/api.w.org\/{rel}","templated":true}]}}