{"id":20517,"date":"2024-02-14T11:58:43","date_gmt":"2024-02-14T08:58:43","guid":{"rendered":"https:\/\/akdenizhaber.com.tr\/?p=20517"},"modified":"2024-02-14T11:58:44","modified_gmt":"2024-02-14T08:58:44","slug":"yeterli-kar-olmadigi-icin-antalya-saklikentte-kayak-yapilamiyor","status":"publish","type":"post","link":"https:\/\/akdenizhaber.com.tr\/index.php\/2024\/02\/14\/yeterli-kar-olmadigi-icin-antalya-saklikentte-kayak-yapilamiyor\/","title":{"rendered":"\u00a0Yeterli kar olmad\u0131\u011f\u0131 i\u00e7in Antalya Sakl\u0131kent&#8217;te Kayak yap\u0131lam\u0131yor"},"content":{"rendered":"\n<p>Bey Da\u011flar\u0131n ete\u011finde bulunan denizden rak\u0131m\u0131 2 bin 400 metre olan Antalya&#8217;n\u0131n Uluda\u011f&#8217;\u0131 bilinen Sakl\u0131kent&#8217;te kar kal\u0131nl\u0131\u011f\u0131 yeteri seviyeye ula\u015fmad\u0131\u011f\u0131 i\u00e7in kayak yap\u0131lam\u0131yor. Antalya merkez Konyaalt\u0131 il\u00e7esinden 55 kilometre uzakl\u0131kta ve 1 saat 20 dakikaya ula\u015f\u0131lan Sakl\u0131kent&#8217;te bu sene eteri kar ya\u011f\u0131\u015f\u0131 olmad\u0131\u011f\u0131 i\u00e7in kayak yapmak i\u00e7in gelenler hayal k\u0131r\u0131kl\u0131\u011f\u0131 ya\u015f\u0131yor. Denizden 2 bin 400 y\u00fckseklikteki Antalya&#8217;n\u0131n Uluda\u011f&#8217;\u0131 Sakl\u0131kent&#8217;te yeterli ya\u011f\u0131\u015f olmamas\u0131na ba\u011fl\u0131 kayak yap\u0131labilecek kar kal\u0131nl\u0131\u011f\u0131 olu\u015fmad\u0131\u011f\u0131 i\u00e7in kayak yap\u0131lam\u0131yor.<\/p>\n\n\n\n<p>Yetkililer, yeterli seviyede kar olmad\u0131\u011f\u0131 i\u00e7in Sakl\u0131kent&#8217;te kayak yap\u0131lmad\u0131\u011f\u0131n\u0131 bildirdi. Sakl\u0131kent&#8217;te kayak yap\u0131lmamas\u0131na kar\u015f\u0131 teleferi\u011fin \u00e7al\u0131\u015ft\u0131\u011f\u0131 belirtildi.<\/p>\n\n\n\n<p>Antalya Gazipa\u015fa il\u00e7esinden Sakl\u0131kent&#8217;e iki o\u011flu ve bir k\u0131z\u0131 ile ailecek kayak yapmaya geldiklerini belirten \u00d6mer-Aylin Hanc\u0131o\u011flu \u00c7ifti, yeterli kar olmad\u0131\u011f\u0131 i\u00e7in ailecek Sakl\u0131kent&#8217;te kayak yapamad\u0131klar\u0131 i\u00e7in hayal k\u0131r\u0131kl\u0131\u011f\u0131 ya\u015fad\u0131klar\u0131n\u0131 s\u00f6yledi.<\/p>\n\n\n\n<p>\u00d6mer Hanc\u0131o\u011flu, &#8221; \u00c7ocuklar\u0131 kayak yapt\u0131rmaya gitmi\u015ftim, Sakl\u0131kentte g\u00f6revli yeterli kar olmad\u0131\u011f\u0131 i\u00e7in kayak yapt\u0131ram\u0131yoruz deyince&nbsp; \u015fok oldum. \u00c7ok b\u00fcy\u00fck hayal k\u0131r\u0131kl\u0131\u011f\u0131 ya\u015fad\u0131k ailecek. Bizde karla \u00fczerinde biraz y\u00fcr\u00fcd\u00fckten ve kartopu oynad\u0131ktan sonra&nbsp; piknik yapt\u0131ktan sonra geri d\u00f6nmeye karar verdik&#8221; dedi.. Konyaalt\u0131 il\u00e7esine 55 kilometre uzakl\u0131kta olan Beyda\u011flar\u0131 Bak\u0131rtepe Mevkiinde bulunan Sakl\u0131kent 1971 y\u0131l\u0131nda d\u00f6nemin Antalya Valisi H\u00fcseyin \u00d6\u011f\u00fct\u00e7en taraf\u0131ndan kayak merkezi kurularak kayak turizmine a\u00e7\u0131lm\u0131\u015ft\u0131. Ayr\u0131ca Sakl\u0131kent&#8217;te T\u00dcB\u0130TAK&#8217;\u0131n G\u00f6ky\u00fcz\u00fc G\u00f6zlem Evi bulunmaktad\u0131r.<\/p>\n\n\n\n<p>Abdurrahman B\u00fcy\u00fckkeskin \/ Haber<\/p>\n","protected":false},"excerpt":{"rendered":"<p>Bey Da\u011flar\u0131n ete\u011finde bulunan denizden rak\u0131m\u0131 2 bin 400 metre olan Antalya&#8217;n\u0131n Uluda\u011f&#8217;\u0131 bilinen Sakl\u0131kent&#8217;te kar kal\u0131nl\u0131\u011f\u0131 yeteri seviyeye ula\u015fmad\u0131\u011f\u0131 i\u00e7in kayak yap\u0131lam\u0131yor. Antalya merkez <a href=\"https:\/\/akdenizhaber.com.tr\/index.php\/2024\/02\/14\/yeterli-kar-olmadigi-icin-antalya-saklikentte-kayak-yapilamiyor\/\" class=\"read-more-link\">[more&#8230;]<\/a><\/p>\n","protected":false},"author":2,"featured_media":20518,"comment_status":"open","ping_status":"open","sticky":false,"template":"","format":"standard","meta":{"footnotes":""},"categories":[2],"tags":[],"class_list":["post-20517","post","type-post","status-publish","format-standard","has-post-thumbnail","hentry","category-gundem"],"_links":{"self":[{"href":"https:\/\/akdenizhaber.com.tr\/index.php\/wp-json\/wp\/v2\/posts\/20517","targetHints":{"allow":["GET"]}}],"collection":[{"href":"https:\/\/akdenizhaber.com.tr\/index.php\/wp-json\/wp\/v2\/posts"}],"about":[{"href":"https:\/\/akdenizhaber.com.tr\/index.php\/wp-json\/wp\/v2\/types\/post"}],"author":[{"embeddable":true,"href":"https:\/\/akdenizhaber.com.tr\/index.php\/wp-json\/wp\/v2\/users\/2"}],"replies":[{"embeddable":true,"href":"https:\/\/akdenizhaber.com.tr\/index.php\/wp-json\/wp\/v2\/comments?post=20517"}],"version-history":[{"count":0,"href":"https:\/\/akdenizhaber.com.tr\/index.php\/wp-json\/wp\/v2\/posts\/20517\/revisions"}],"wp:featuredmedia":[{"embeddable":true,"href":"https:\/\/akdenizhaber.com.tr\/index.php\/wp-json\/wp\/v2\/media\/20518"}],"wp:attachment":[{"href":"https:\/\/akdenizhaber.com.tr\/index.php\/wp-json\/wp\/v2\/media?parent=20517"}],"wp:term":[{"taxonomy":"category","embeddable":true,"href":"https:\/\/akdenizhaber.com.tr\/index.php\/wp-json\/wp\/v2\/categories?post=20517"},{"taxonomy":"post_tag","embeddable":true,"href":"https:\/\/akdenizhaber.com.tr\/index.php\/wp-json\/wp\/v2\/tags?post=20517"}],"curies":[{"name":"wp","href":"https:\/\/api.w.org\/{rel}","templated":true}]}}