{"id":20481,"date":"2024-02-13T12:04:03","date_gmt":"2024-02-13T09:04:03","guid":{"rendered":"https:\/\/akdenizhaber.com.tr\/?p=20481"},"modified":"2024-02-13T12:04:04","modified_gmt":"2024-02-13T09:04:04","slug":"yangin-geciren-3-asirlik-sinan-degirmeni-avlusundaki-86-ambar-korunmaya-alinmayi-bekliyor","status":"publish","type":"post","link":"https:\/\/akdenizhaber.com.tr\/index.php\/2024\/02\/13\/yangin-geciren-3-asirlik-sinan-degirmeni-avlusundaki-86-ambar-korunmaya-alinmayi-bekliyor\/","title":{"rendered":"Yang\u0131n ge\u00e7iren 3 as\u0131rl\u0131k Sinan De\u011firmeni avlusundaki 86 ambar korunmaya al\u0131nmay\u0131 bekliyor"},"content":{"rendered":"\n<p>Antalya&#8217;n\u0131n merkez Konyaalt\u0131 il\u00e7esi Doyran Mahallesinde bulunan yakla\u015f\u0131k \u00fc\u00e7 as\u0131rl\u0131k tarihi Sinan De\u011firmeni kimli\u011fi belirsiz ki\u015filer taraf\u0131ndan kundaklanarak yak\u0131ld\u0131.&nbsp;<\/p>\n\n\n\n<p>Kundaklamada yaz aylar\u0131nda b\u00f6lgeye gelen turistlere y\u00f6resel damak lezzeti sunan Sinan De\u011firmeni Restoran\u0131 ile tarihi \u00fc\u00e7 as\u0131rl\u0131k Sinan De\u011firmeni yukar\u0131dan akan su ile ta\u015flar\u0131 d\u00f6nd\u00fcren k\u0131s\u0131mlardaki tahtalar ile de\u011firmeni i\u00e7in yanarak k\u00fcl oldu.<\/p>\n\n\n\n<p>Yanan 3 as\u0131rl\u0131k Sinan De\u011firmeni \u00e7evresinde 86 adet ah\u015fap tarihi tah\u0131l ambar\u0131 bulunuyor.<\/p>\n\n\n\n<p>Turist rehberi \u0130lkay \u00d6zen, Doyran Mahallesinde bulunan 3 as\u0131rl\u0131k Sinan De\u011firmeninin B\u00f6lgede Geyikbay\u0131r\u0131, Doyran, Sakl\u0131kent ve \u00c7a\u011flarca Mahallesi&#8217;ne trekking, Nordic Walking , bisiklet ile Alman , Rus ve Avrupal\u0131 turistlerin yo\u011fun kaya t\u0131rman\u0131\u015f\u0131 yapt\u0131\u011f\u0131 alan i\u00e7inde ald\u0131\u011f\u0131n\u0131 s\u00f6yledi. Rehber \u0130lkay \u00d6zen,&#8221; Sinan De\u011firmeni etraf\u0131nda bulunan 85, 3 as\u0131rl\u0131k ah\u015fap tah\u0131l ambarlar\u0131n\u0131n yanmamas\u0131 \u00e7ok b\u00fcy\u00fck \u015fans, Tah\u0131l ambarlar\u0131n\u0131n \u00f6zelli\u011fi 3 as\u0131r \u00f6nce yap\u0131l\u0131rken y\u00f6redeki a\u011fa\u00e7lar\u0131n yap\u0131lmas\u0131.&nbsp; A\u011fa\u00e7 re\u00e7inelerinin \u00f6zel kokusu ambar i\u00e7inde bulunan ba\u015fta bu\u011fday olmak \u00fczere di\u011fer tah\u0131llar\u0131n ne kadar kal\u0131rsa kalmas\u0131 halinde b\u00f6ceklenme olmamas\u0131. Yetkiler, olas\u0131 ba\u015fka bir yang\u0131n i\u00e7in&nbsp; acil 86 tah\u0131l ambar\u0131n\u0131n korunmas\u0131 i\u00e7in \u00f6zel \u00f6nlem almal\u0131. G\u00fcn\u00fcm\u00fcze kadar ula\u015fabilen 86 tah\u0131l ambar\u0131, tar\u0131m k\u00fclt\u00fcr\u00fc ve sivil mimarinin de \u00f6nemli \u00f6rneklerinden biri olarak kabul ediliyor. \u00c7ivi kullan\u0131lmadan, tahtalar\u0131n birbirine ge\u00e7irilmesiyle in\u015fa edilen tah\u0131l ambarlar\u0131n\u0131n sedir a\u011fac\u0131ndan yap\u0131lmas\u0131n\u0131n amac\u0131 ise re\u00e7inesinin kokusu nedeniyle b\u00f6ceklenmesinin engellenmesini olu\u015fturuyor.&#8221; dedi.<\/p>\n\n\n\n<p>Abdurrahman B\u00fcy\u00fckkeskin \/ Haber<\/p>\n","protected":false},"excerpt":{"rendered":"<p>Antalya&#8217;n\u0131n merkez Konyaalt\u0131 il\u00e7esi Doyran Mahallesinde bulunan yakla\u015f\u0131k \u00fc\u00e7 as\u0131rl\u0131k tarihi Sinan De\u011firmeni kimli\u011fi belirsiz ki\u015filer taraf\u0131ndan kundaklanarak yak\u0131ld\u0131.&nbsp; Kundaklamada yaz aylar\u0131nda b\u00f6lgeye gelen turistlere <a href=\"https:\/\/akdenizhaber.com.tr\/index.php\/2024\/02\/13\/yangin-geciren-3-asirlik-sinan-degirmeni-avlusundaki-86-ambar-korunmaya-alinmayi-bekliyor\/\" class=\"read-more-link\">[more&#8230;]<\/a><\/p>\n","protected":false},"author":2,"featured_media":20482,"comment_status":"open","ping_status":"open","sticky":false,"template":"","format":"standard","meta":{"footnotes":""},"categories":[2],"tags":[],"class_list":["post-20481","post","type-post","status-publish","format-standard","has-post-thumbnail","hentry","category-gundem"],"_links":{"self":[{"href":"https:\/\/akdenizhaber.com.tr\/index.php\/wp-json\/wp\/v2\/posts\/20481","targetHints":{"allow":["GET"]}}],"collection":[{"href":"https:\/\/akdenizhaber.com.tr\/index.php\/wp-json\/wp\/v2\/posts"}],"about":[{"href":"https:\/\/akdenizhaber.com.tr\/index.php\/wp-json\/wp\/v2\/types\/post"}],"author":[{"embeddable":true,"href":"https:\/\/akdenizhaber.com.tr\/index.php\/wp-json\/wp\/v2\/users\/2"}],"replies":[{"embeddable":true,"href":"https:\/\/akdenizhaber.com.tr\/index.php\/wp-json\/wp\/v2\/comments?post=20481"}],"version-history":[{"count":0,"href":"https:\/\/akdenizhaber.com.tr\/index.php\/wp-json\/wp\/v2\/posts\/20481\/revisions"}],"wp:featuredmedia":[{"embeddable":true,"href":"https:\/\/akdenizhaber.com.tr\/index.php\/wp-json\/wp\/v2\/media\/20482"}],"wp:attachment":[{"href":"https:\/\/akdenizhaber.com.tr\/index.php\/wp-json\/wp\/v2\/media?parent=20481"}],"wp:term":[{"taxonomy":"category","embeddable":true,"href":"https:\/\/akdenizhaber.com.tr\/index.php\/wp-json\/wp\/v2\/categories?post=20481"},{"taxonomy":"post_tag","embeddable":true,"href":"https:\/\/akdenizhaber.com.tr\/index.php\/wp-json\/wp\/v2\/tags?post=20481"}],"curies":[{"name":"wp","href":"https:\/\/api.w.org\/{rel}","templated":true}]}}