{"id":20445,"date":"2024-02-12T13:12:52","date_gmt":"2024-02-12T10:12:52","guid":{"rendered":"https:\/\/akdenizhaber.com.tr\/?p=20445"},"modified":"2024-02-12T13:12:53","modified_gmt":"2024-02-12T10:12:53","slug":"deniz-baykal-vefatinin-1nci-yilinda-manavgatta-kitap-aldigi-kitapevinde-anildi","status":"publish","type":"post","link":"https:\/\/akdenizhaber.com.tr\/index.php\/2024\/02\/12\/deniz-baykal-vefatinin-1nci-yilinda-manavgatta-kitap-aldigi-kitapevinde-anildi\/","title":{"rendered":"Deniz Baykal vefat\u0131n\u0131n 1&#8217;nci y\u0131l\u0131nda Manavgat&#8217;ta kitap ald\u0131\u011f\u0131 Kitapevi&#8217;nde an\u0131ld\u0131"},"content":{"rendered":"\n<p>Cumhuriyet Halk Partisi( CHP) Kurucu Genel Ba\u015fkan\u0131 Deniz Baykal, vefat\u0131n\u0131n birinci y\u0131l\u0131nda Antalya Manavgat&#8217;ta \u00c7etin Kitap Evi&#8217;nde an\u0131ld\u0131.Be\u015f y\u0131ld\u0131r ge\u00e7irdi\u011fi beyin kanamas\u0131 sonras\u0131 fel\u00e7 kalan ve T\u00fcrk siyaset tarihinde en uzun soluklu CHP&#8217;den Antalya Milletvekili se\u00e7ilen ge\u00e7en y\u0131l 11 \u015eubat&#8217;ta 85 ya\u015f\u0131nda&nbsp; hayata g\u00f6zlerini yuman usta siyaset\u00e7i Deniz Baykal, her Manavgat&#8217;a geli\u015finde u\u011frad\u0131\u011f\u0131 \u00c7etin Kitap Evi&#8217;nde Kitapevi Sahibi Devrim \u00c7etin taraf\u0131ndan an\u0131ld\u0131.<\/p>\n\n\n\n<p>&nbsp;&nbsp; Devrim \u00c7etin yapt\u0131\u011f\u0131 a\u00e7\u0131klamada Deniz Baykal&#8217;\u0131n CHP&#8217;nin Gazi Mustafa Kemal Atat\u00fcrk&#8217;\u00fcn kurdu\u011fu CHP&#8217;nin \u0130kinci Kurucu Genel Ba\u015fkan\u0131 oldu\u011funu s\u00f6yledi. Devrim \u00c7etin, Merhum Deniz Baykal T\u00fcrk siyaset tarihine 50 y\u0131l\u0131 damgas\u0131n\u0131 vurmu\u015f usta bir siyaset ve devlet adam\u0131.\u00d6mr\u00fcn\u00fcn 85 y\u0131l\u0131n\u0131n 55&#8217;ni aktif siyasetin i\u00e7inde ge\u00e7irmi\u015f bir isim.Kendisini Rahmet ve minnetle an\u0131yorum. Sevgili e\u015fi Olcay Baykal&#8217;a&nbsp; ve \u00e7ocuklar\u0131na ba\u015fsa\u011fl\u0131\u011f\u0131 ve sab\u0131rlar diliyorum. \u0130kinci Kurucu Genel Ba\u015fkan\u0131m\u0131z merhum Deniz Baykal, Antalya&#8217;y\u0131 en uzun s\u00fcreli TBMM&#8217;de en iyi \u015fekilde temsil etti\u011fi i\u00e7in her bir Antalyal\u0131 i\u00e7in onur ve gurur kayna\u011f\u0131. Rahmetli Deniz Baykal iyi bir hukuk\u00e7u, siyaset\u00e7i ve akademisyen olmas\u0131 yan\u0131s\u0131ra \u00e7ok kitap okuyan bir kitap kurdu, kitapseverdi.Kendisini Rahmetle ve minnetle an\u0131yoruz.&#8221; dedi.<\/p>\n\n\n\n<p>CHP Manavgat \u0130l\u00e7e y\u00f6netiminde yer alan Numan \u00dcnal&#8217;da babas\u0131n\u0131n eski CHP Manavgat \u0130l\u00e7e Ba\u015fkan\u0131 yapt\u0131\u011f\u0131 i\u00e7in merhum liderleri Deniz Baykal&#8217;\u0131 \u00e7ocuk ya\u015f\u0131nda tan\u0131ma f\u0131rsat\u0131na sahip oldu\u011funu s\u00f6yledi. Numan \u00dcnal,&#8221; Deniz Baykal ge\u00e7mi\u015fte Ankara \u00dcniversitesi Siyasal Bilgiler Fak\u00fcltesinde \u00f6\u011fretim \u00fcyeli\u011fi&nbsp; yapm\u0131\u015f \u00e7ok de\u011ferli bir hukuk\u00e7u ve akademisyen \u00fcnvan\u0131na sahip. Eski Enerji ve Tabii Kaynaklar ile D\u0131\u015fi\u015fleri Bakan\u0131.Antalya&#8217;y\u0131 en uzun soluklu TBMM&#8217;de milletvekili olarak temsil eden usta bir siyaset\u00e7i. Kendini rahmetle ve sayg\u0131 ile an\u0131yorum.&#8221; ifadesinde bulundu.<\/p>\n\n\n\n<p>Abdurrahman B\u00fcy\u00fckkeskin \/ Haber<\/p>\n","protected":false},"excerpt":{"rendered":"<p>Cumhuriyet Halk Partisi( CHP) Kurucu Genel Ba\u015fkan\u0131 Deniz Baykal, vefat\u0131n\u0131n birinci y\u0131l\u0131nda Antalya Manavgat&#8217;ta \u00c7etin Kitap Evi&#8217;nde an\u0131ld\u0131.Be\u015f y\u0131ld\u0131r ge\u00e7irdi\u011fi beyin kanamas\u0131 sonras\u0131 fel\u00e7 kalan <a href=\"https:\/\/akdenizhaber.com.tr\/index.php\/2024\/02\/12\/deniz-baykal-vefatinin-1nci-yilinda-manavgatta-kitap-aldigi-kitapevinde-anildi\/\" class=\"read-more-link\">[more&#8230;]<\/a><\/p>\n","protected":false},"author":2,"featured_media":20446,"comment_status":"open","ping_status":"open","sticky":false,"template":"","format":"standard","meta":{"footnotes":""},"categories":[2],"tags":[],"class_list":["post-20445","post","type-post","status-publish","format-standard","has-post-thumbnail","hentry","category-gundem"],"_links":{"self":[{"href":"https:\/\/akdenizhaber.com.tr\/index.php\/wp-json\/wp\/v2\/posts\/20445","targetHints":{"allow":["GET"]}}],"collection":[{"href":"https:\/\/akdenizhaber.com.tr\/index.php\/wp-json\/wp\/v2\/posts"}],"about":[{"href":"https:\/\/akdenizhaber.com.tr\/index.php\/wp-json\/wp\/v2\/types\/post"}],"author":[{"embeddable":true,"href":"https:\/\/akdenizhaber.com.tr\/index.php\/wp-json\/wp\/v2\/users\/2"}],"replies":[{"embeddable":true,"href":"https:\/\/akdenizhaber.com.tr\/index.php\/wp-json\/wp\/v2\/comments?post=20445"}],"version-history":[{"count":0,"href":"https:\/\/akdenizhaber.com.tr\/index.php\/wp-json\/wp\/v2\/posts\/20445\/revisions"}],"wp:featuredmedia":[{"embeddable":true,"href":"https:\/\/akdenizhaber.com.tr\/index.php\/wp-json\/wp\/v2\/media\/20446"}],"wp:attachment":[{"href":"https:\/\/akdenizhaber.com.tr\/index.php\/wp-json\/wp\/v2\/media?parent=20445"}],"wp:term":[{"taxonomy":"category","embeddable":true,"href":"https:\/\/akdenizhaber.com.tr\/index.php\/wp-json\/wp\/v2\/categories?post=20445"},{"taxonomy":"post_tag","embeddable":true,"href":"https:\/\/akdenizhaber.com.tr\/index.php\/wp-json\/wp\/v2\/tags?post=20445"}],"curies":[{"name":"wp","href":"https:\/\/api.w.org\/{rel}","templated":true}]}}