{"id":20442,"date":"2024-02-12T13:12:23","date_gmt":"2024-02-12T10:12:23","guid":{"rendered":"https:\/\/akdenizhaber.com.tr\/?p=20442"},"modified":"2024-02-12T13:12:23","modified_gmt":"2024-02-12T10:12:23","slug":"baskan-gulsum-cengiz-folklorik-deve-guresi-kulturumuzun-parcasi","status":"publish","type":"post","link":"https:\/\/akdenizhaber.com.tr\/index.php\/2024\/02\/12\/baskan-gulsum-cengiz-folklorik-deve-guresi-kulturumuzun-parcasi\/","title":{"rendered":"Ba\u015fkan G\u00fcls\u00fcm Cengiz: Folklorik Deve G\u00fcre\u015fi k\u00fclt\u00fcr\u00fcm\u00fcz\u00fcn par\u00e7as\u0131"},"content":{"rendered":"\n<p>Antalya&#8217;n\u0131n Demre(Kale) il\u00e7esi Demre Belediyesi ve Antalya B\u00fcy\u00fck\u015fehir Belediyesi ile Mavi Akdeniz Ye\u015fil Demre Deveciler Derne\u011fi\u2019nin bu sene 17&#8217;ncisini d\u00fczenledi\u011fi geleneksel Folklorik Deve G\u00fcre\u015fine Demreliler yo\u011fun ilgi g\u00f6sterdi.<\/p>\n\n\n\n<p>Demre Belediyesi ve Antalya B\u00fcy\u00fck\u015fehir Belediyesi\u2019nin katk\u0131lar\u0131yla 17. sini d\u00fczenledi\u011fi Folklorik Deve G\u00fcre\u015fi G\u00f6sterileri b\u00fcy\u00fck bir kat\u0131l\u0131mla ger\u00e7ekle\u015fti. Yakla\u015f\u0131k 50 devenin k\u0131ran k\u0131rana m\u00fccadele etti\u011fi g\u00fcre\u015fte ger\u00e7ekle\u015fti. G\u00fcre\u015fte g\u00fcre\u015f alan\u0131nda ka\u00e7an deve diskalifiye say\u0131ld\u0131. Deve g\u00fcre\u015fine Demre Belediye Ba\u015fkan\u0131 G\u00fcls\u00fcm Cengiz ve Mavi Akdeniz Ye\u015fil Demre Deveciler Derne\u011fi Ba\u015fkan\u0131 Yusuf Dedemo\u011flu ve deve sahipleri kat\u0131ld\u0131. Demre Belediye Ba\u015fkan G\u00fcls\u00fcm Cengiz yapt\u0131\u011f\u0131 a\u00e7\u0131klamada,&#8217; Geleneksel hale getirdikleri 17&#8217;nci Folklorik Demre Deve g\u00fcre\u015fini ger\u00e7ekle\u015ftirmekten onur v mutluluk duyduk. Amac\u0131m\u0131z bu t\u00fcr etkinlikleri \u00f6z\u00fcm\u00fcz\u00fcn ve k\u00fclt\u00fcr\u00fcm\u00fcz\u00fcn bir par\u00e7as\u0131n\u0131 gelecek nesillere ta\u015f\u0131makt\u0131r. Yo\u011fun bir ilgiyle \u00e7ok g\u00fczel bir atmosferde ge\u00e7en etkinli\u011fe kat\u0131lan t\u00fcm deve sahiplerine ve hem\u015ferilerimize te\u015fekk\u00fcr ediyorum.&#8217; dedi.<\/p>\n\n\n\n<p>G\u00fcre\u015fte dereceye giren develerin sahiplerine madalya ve kupalar\u0131n\u0131 Belediye Ba\u015fkan\u0131 G\u00fcls\u00fcm Cengiz takdim etti.<\/p>\n\n\n\n<p>Abdurrahman B\u00fcy\u00fckkeskin \/ Haber<\/p>\n","protected":false},"excerpt":{"rendered":"<p>Antalya&#8217;n\u0131n Demre(Kale) il\u00e7esi Demre Belediyesi ve Antalya B\u00fcy\u00fck\u015fehir Belediyesi ile Mavi Akdeniz Ye\u015fil Demre Deveciler Derne\u011fi\u2019nin bu sene 17&#8217;ncisini d\u00fczenledi\u011fi geleneksel Folklorik Deve G\u00fcre\u015fine Demreliler <a href=\"https:\/\/akdenizhaber.com.tr\/index.php\/2024\/02\/12\/baskan-gulsum-cengiz-folklorik-deve-guresi-kulturumuzun-parcasi\/\" class=\"read-more-link\">[more&#8230;]<\/a><\/p>\n","protected":false},"author":2,"featured_media":20443,"comment_status":"open","ping_status":"open","sticky":false,"template":"","format":"standard","meta":{"footnotes":""},"categories":[2],"tags":[],"class_list":["post-20442","post","type-post","status-publish","format-standard","has-post-thumbnail","hentry","category-gundem"],"_links":{"self":[{"href":"https:\/\/akdenizhaber.com.tr\/index.php\/wp-json\/wp\/v2\/posts\/20442","targetHints":{"allow":["GET"]}}],"collection":[{"href":"https:\/\/akdenizhaber.com.tr\/index.php\/wp-json\/wp\/v2\/posts"}],"about":[{"href":"https:\/\/akdenizhaber.com.tr\/index.php\/wp-json\/wp\/v2\/types\/post"}],"author":[{"embeddable":true,"href":"https:\/\/akdenizhaber.com.tr\/index.php\/wp-json\/wp\/v2\/users\/2"}],"replies":[{"embeddable":true,"href":"https:\/\/akdenizhaber.com.tr\/index.php\/wp-json\/wp\/v2\/comments?post=20442"}],"version-history":[{"count":0,"href":"https:\/\/akdenizhaber.com.tr\/index.php\/wp-json\/wp\/v2\/posts\/20442\/revisions"}],"wp:featuredmedia":[{"embeddable":true,"href":"https:\/\/akdenizhaber.com.tr\/index.php\/wp-json\/wp\/v2\/media\/20443"}],"wp:attachment":[{"href":"https:\/\/akdenizhaber.com.tr\/index.php\/wp-json\/wp\/v2\/media?parent=20442"}],"wp:term":[{"taxonomy":"category","embeddable":true,"href":"https:\/\/akdenizhaber.com.tr\/index.php\/wp-json\/wp\/v2\/categories?post=20442"},{"taxonomy":"post_tag","embeddable":true,"href":"https:\/\/akdenizhaber.com.tr\/index.php\/wp-json\/wp\/v2\/tags?post=20442"}],"curies":[{"name":"wp","href":"https:\/\/api.w.org\/{rel}","templated":true}]}}