{"id":20412,"date":"2024-02-10T13:11:25","date_gmt":"2024-02-10T10:11:25","guid":{"rendered":"https:\/\/akdenizhaber.com.tr\/?p=20412"},"modified":"2024-02-10T13:11:26","modified_gmt":"2024-02-10T10:11:26","slug":"nesteri-kim-vuracak","status":"publish","type":"post","link":"https:\/\/akdenizhaber.com.tr\/index.php\/2024\/02\/10\/nesteri-kim-vuracak\/","title":{"rendered":"NE\u015eTER\u2019\u0130 K\u0130M VURACAK?"},"content":{"rendered":"\n<p><\/p>\n\n\n\n<p>2 DOKTOR, 2 RE\u00c7ETE\u2026.<\/p>\n\n\n\n<p>31 Mart yerel se\u00e7imlerinde CHP Aday\u0131 Dr. Niyazi Nefi Kara\u2019dan sonra AK Partide, Belediye Ba\u015fkan Aday\u0131 olarak yine bir Doktor, Opr. Dr. S\u00fcleyman Okudan\u2019\u0131 aday g\u00f6sterdi.<\/p>\n\n\n\n<p>Belediye Ba\u015fkanl\u0131\u011f\u0131 i\u00e7in k\u0131yas\u0131ya bir m\u00fccadele verecek adaylar\u0131n her ikisinin de Doktor kimli\u011fine sahip olmas\u0131 Manavgat\u2019l\u0131 se\u00e7mende \u201cBakal\u0131m Manavgat\u2019\u0131n re\u00e7etesini hangi Doktor yazacak?\u201d yorumlar\u0131na neden oldu.<\/p>\n\n\n\n<p>31 Mart\u2019ta s\u00f6z milletin.<\/p>\n\n\n\n<p>Manavgatl\u0131 se\u00e7men Manavgat\u2019\u0131n sorunlar\u0131na hangi doktorun re\u00e7ete yaz\u0131p ne\u015fter vurmas\u0131na karar verecek.<\/p>\n\n\n\n<p>Hep birlikte g\u00f6rece\u011fiz.\u00a0<\/p>\n\n\n\n<p>HABER MERKEZ\u0130<\/p>\n","protected":false},"excerpt":{"rendered":"<p>2 DOKTOR, 2 RE\u00c7ETE\u2026. 31 Mart yerel se\u00e7imlerinde CHP Aday\u0131 Dr. Niyazi Nefi Kara\u2019dan sonra AK Partide, Belediye Ba\u015fkan Aday\u0131 olarak yine bir Doktor, Opr. <a href=\"https:\/\/akdenizhaber.com.tr\/index.php\/2024\/02\/10\/nesteri-kim-vuracak\/\" class=\"read-more-link\">[more&#8230;]<\/a><\/p>\n","protected":false},"author":2,"featured_media":20413,"comment_status":"open","ping_status":"open","sticky":false,"template":"","format":"standard","meta":{"footnotes":""},"categories":[2],"tags":[],"class_list":["post-20412","post","type-post","status-publish","format-standard","has-post-thumbnail","hentry","category-gundem"],"_links":{"self":[{"href":"https:\/\/akdenizhaber.com.tr\/index.php\/wp-json\/wp\/v2\/posts\/20412","targetHints":{"allow":["GET"]}}],"collection":[{"href":"https:\/\/akdenizhaber.com.tr\/index.php\/wp-json\/wp\/v2\/posts"}],"about":[{"href":"https:\/\/akdenizhaber.com.tr\/index.php\/wp-json\/wp\/v2\/types\/post"}],"author":[{"embeddable":true,"href":"https:\/\/akdenizhaber.com.tr\/index.php\/wp-json\/wp\/v2\/users\/2"}],"replies":[{"embeddable":true,"href":"https:\/\/akdenizhaber.com.tr\/index.php\/wp-json\/wp\/v2\/comments?post=20412"}],"version-history":[{"count":0,"href":"https:\/\/akdenizhaber.com.tr\/index.php\/wp-json\/wp\/v2\/posts\/20412\/revisions"}],"wp:featuredmedia":[{"embeddable":true,"href":"https:\/\/akdenizhaber.com.tr\/index.php\/wp-json\/wp\/v2\/media\/20413"}],"wp:attachment":[{"href":"https:\/\/akdenizhaber.com.tr\/index.php\/wp-json\/wp\/v2\/media?parent=20412"}],"wp:term":[{"taxonomy":"category","embeddable":true,"href":"https:\/\/akdenizhaber.com.tr\/index.php\/wp-json\/wp\/v2\/categories?post=20412"},{"taxonomy":"post_tag","embeddable":true,"href":"https:\/\/akdenizhaber.com.tr\/index.php\/wp-json\/wp\/v2\/tags?post=20412"}],"curies":[{"name":"wp","href":"https:\/\/api.w.org\/{rel}","templated":true}]}}