{"id":20398,"date":"2024-02-10T13:03:36","date_gmt":"2024-02-10T10:03:36","guid":{"rendered":"https:\/\/akdenizhaber.com.tr\/?p=20398"},"modified":"2024-02-10T13:03:36","modified_gmt":"2024-02-10T10:03:36","slug":"tutuncu-dosemealti-yillardir-hizmete-ac-kaldi","status":"publish","type":"post","link":"https:\/\/akdenizhaber.com.tr\/index.php\/2024\/02\/10\/tutuncu-dosemealti-yillardir-hizmete-ac-kaldi\/","title":{"rendered":"T\u00fct\u00fcnc\u00fc: \u201cD\u00f6\u015femealt\u0131 y\u0131llard\u0131r hizmete a\u00e7 kald\u0131\u201d"},"content":{"rendered":"\n<p><\/p>\n\n\n\n<p>Cumhur \u0130ttifak\u0131\u2019n\u0131n Antalya B\u00fcy\u00fck\u015fehir Belediye Ba\u015fkan aday\u0131 Hakan T\u00fct\u00fcnc\u00fc, \u201cD\u00f6\u015femealt\u0131, y\u0131llard\u0131r hizmete susam\u0131\u015f, hizmete a\u00e7 kalm\u0131\u015f bir il\u00e7emiz. D\u00f6\u015femealt\u0131\u2019n\u0131n makus talihini birlikte ve beraberce de\u011fi\u015ftirece\u011fiz. 31 Mart\u2019tan sonra hem b\u00fcy\u00fck\u015fehir belediyesi ile hem de 19 il\u00e7esi ile Antalya, hizmetin merkezi haline gelecek.\u201d dedi. &nbsp;<\/p>\n\n\n\n<p>Cumhur \u0130ttifak\u0131\u2019n\u0131n Antalya B\u00fcy\u00fck\u015fehir Belediye Ba\u015fkan aday\u0131 Hakan T\u00fct\u00fcnc\u00fc, \u015fehrin merkez il\u00e7esi D\u00f6\u015femealt\u0131\u2019n\u0131 ziyaret etti. T\u00fct\u00fcnc\u00fc, baba oca\u011f\u0131 Korkuteli \u0130l\u00e7esi\u2019nden ba\u015flad\u0131\u011f\u0131 se\u00e7im \u00e7al\u0131\u015fmalar\u0131n\u0131, Gazipa\u015fa, Alanya, Demre ve Muratpa\u015fa il\u00e7esinden sonra D\u00f6\u015femealt\u0131 il\u00e7esinde s\u00fcrd\u00fcrd\u00fc. G\u00fcn\u00fcn ilk ziyaretini Organize Sanayi B\u00f6lgesi\u2019ndeki Antalya Nakliyat\u00e7\u0131lar Sitesi\u2019ne ger\u00e7ekle\u015ftiren T\u00fct\u00fcnc\u00fc, tek tek esnaf\u0131 gezdi, istek ve taleplerini dinledi. Kepez\u2019de 2009 y\u0131l\u0131nda g\u00f6reve geldi\u011finde nakliyeci esnaf\u0131n\u0131n da\u011f\u0131n\u0131k bir \u015fekilde durdu\u011funu belirten T\u00fct\u00fcnc\u00fc, \u201cNakliyeci esnaf\u0131m\u0131z\u0131n \u00e7ok sorunlar\u0131 vard\u0131. Biz onlar\u0131n bu b\u00f6lgeye ta\u015f\u0131nmalar\u0131 s\u00fcrecinde yanlar\u0131nda olduk. Biz biliyoruz ki; bu sitenin geli\u015ftirilmeye ihtiyac\u0131 var. Bu site yeni hizmetler bekliyor de\u011fil mi? 1 Nisan\u2019dan itibaren Antalya\u2019da yeni bir d\u00f6nem ba\u015flayacak. O d\u00f6nemi sizler ba\u015flatacaks\u0131n\u0131z. Bu yeni d\u00f6nemin ad\u0131 Antalya\u2019n\u0131n alt\u0131n \u00e7a\u011f\u0131 olacak. Antalya\u2019n\u0131n alt\u0131n \u00e7a\u011f\u0131n\u0131 hep birlikte ba\u015flat\u0131nca, nakliyeciler sitemiz \u00e7ok daha g\u00fczel bir g\u00f6r\u00fcn\u00fcme sahip olacak. Antalya\u2019n\u0131n il\u00e7elerinde de nakliyecilerimize en g\u00fczel ortamlar\u0131 sa\u011flayaca\u011f\u0131z. Antalya\u2019ya lojistik konusunda katk\u0131 sa\u011flayan esnaf\u0131m\u0131z, \u00e7al\u0131\u015fanlar\u0131m\u0131z son derece g\u00fczel ortamlarda mesleklerini icra edecekler. Sizlerden hizmet alan sekt\u00f6rler, de\u011ferli hem\u015fehrilerimiz de \u00e7ok daha rahat bir bi\u00e7imde size ula\u015fabilecekler. Esnaf\u0131m\u0131z toplumun temelidir ve bizim en k\u0131ymetlimizdir. D\u00f6\u015femealt\u0131 il\u00e7emizde bizim i\u00e7in \u00e7ok k\u0131ymetli \u201d dedi. &nbsp;<\/p>\n\n\n\n<p>D\u00d6\u015eEMEALTI\u2019NIN \u00d6N\u00dcNDE \u00c7OK G\u00dcZEL UFUKLAR VAR<\/p>\n\n\n\n<p>Antalya Nakliyat\u00e7\u0131lar Derne\u011fini ziyaret eden T\u00fct\u00fcnc\u00fc, bir sonraki ziyaretini Milliyet\u00e7i Hareket Partisi D\u00f6\u015femealt\u0131 \u0130l\u00e7e Ba\u015fkanl\u0131\u011f\u0131na yapt\u0131. Milliyet\u00e7i Hareket Partisi D\u00f6\u015femealt\u0131 \u0130l\u00e7e Ba\u015fkan\u0131 Kadir G\u00fclcan ve y\u00f6netimi ile bir araya gelen T\u00fct\u00fcnc\u00fc,31 Mart se\u00e7imlerinin Antalya i\u00e7in, D\u00f6\u015femealt\u0131 i\u00e7in \u00e7ok \u00f6nemli oldu\u011funu vurgulad\u0131. T\u00fct\u00fcnc\u00fc, \u201cD\u00f6\u015femealt\u0131, y\u0131llard\u0131r hizmete susam\u0131\u015f, hizmete a\u00e7 kalm\u0131\u015f bir il\u00e7emiz. D\u00f6\u015femealt\u0131\u2019n\u0131n \u00f6n\u00fcnde \u00e7ok g\u00fczel ufuklar var. \u0130l\u00e7emiz hem bir dinlence merkezi, hem de tar\u0131mda \u00e7ok \u00f6nemli bir zenginli\u011fe sahip. Tar\u0131mda \u00e7ok b\u00fcy\u00fck at\u0131l\u0131mlar yapabilecek bir il\u00e7emiz.&nbsp; Merkeze giri\u015f kap\u0131s\u0131 olmas\u0131 sebebiyle de lojistik noktas\u0131nda da \u00f6nemli bir yer. \u201cdedi.<\/p>\n\n\n\n<p>B\u0130Z HER ZAMAN BERABER\u0130Z<\/p>\n\n\n\n<p>T\u00fct\u00fcnc\u00fc,Antalya Hac\u0131 Bekta\u015f-\u0131 Veli K\u00fclt\u00fcr Tan\u0131tma Cemevi Derne\u011fi Ba\u015fkan\u0131 Erg\u00fcn Kurt\u2019u da ziyaret etti. T\u00fct\u00fcnc\u00fc, \u201cGelin canlar cem olal\u0131m, z\u00fclfikara yar olal\u0131m. Biz her zaman beraberiz. Biz kalpleri yak\u0131nla\u015ft\u0131rmak istiyoruz. Bu \u00fclkede tek hedefimiz var. Kalpleri birle\u015ftirmek,&nbsp; g\u00f6n\u00fclleri birle\u015ftirmek&#8230; Hepimiz kendimiz olal\u0131m, hepimiz bir arada olal\u0131m. Herkesin ya\u015famaktan mutluluk duydu\u011fu bir \u015fehir meydana getirelim.Yunus\u2019un dedi\u011fi gibi: Biz yarat\u0131lan\u0131 seviyoruz, yaradan dan \u00f6t\u00fcr\u00fc\u2026\u201ddiye konu\u015ftu. Antalya Hac\u0131 Bekta\u015f-\u0131 Veli K\u00fclt\u00fcr Tan\u0131tma Cemevi Derne\u011fi Ba\u015fkan\u0131 Erg\u00fcn Kurt\u2019ta \u201cYolunuz a\u00e7\u0131k olsun. Hak yard\u0131mc\u0131n\u0131z, h\u0131z\u0131r yolda\u015f\u0131n\u0131z olsun. \u201c dedi.<\/p>\n\n\n\n<p>19 \u0130L\u00c7E ANTALYA\u2019NIN MERKEZ\u0130 OLACAK<\/p>\n\n\n\n<p>T\u00fct\u00fcnc\u00fc, AK Parti D\u00f6\u015femealt\u0131 \u0130l\u00e7e Ba\u015fkanl\u0131\u011f\u0131n\u0131 da ziyaret etti. Kepez Belediye Ba\u015fkanl\u0131\u011f\u0131 s\u00fcrecinde D\u00f6\u015femealt\u0131\u2019n\u0131n 15 y\u0131l boyunca kendilerine kom\u015fu kap\u0131s\u0131 oldu\u011funu belirten T\u00fct\u00fcnc\u00fc, \u201c Ve \u015fimdide Antalya B\u00fcy\u00fck\u015fehir yolculu\u011fumda en \u00f6nemli noktalardan bir tanesi olacak. D\u00f6\u015femealt\u0131\u2019nda farkl\u0131 bir se\u00e7im neticesi elde edece\u011fimizi bug\u00fcnden g\u00f6r\u00fcyorum. D\u00f6\u015femealt\u0131 senelerdir hizmet bekleyen ve arad\u0131\u011f\u0131n\u0131 bulamayan bir il\u00e7emiz\u2026 D\u00f6\u015femealt\u0131\u2019n\u0131n makuz talihini birlikte ve beraberce de\u011fi\u015ftirece\u011fiz. 31 Mart\u2019tan sonra hem b\u00fcy\u00fck\u015fehir belediyesi ile hem de 19 il\u00e7esi ile Antalya hizmetin merkezi haline gelecek. Ayd\u0131nl\u0131k yar\u0131nlar \u00e7ok yak\u0131n. B\u00fcy\u00fck\u015fehir Belediyesi ve il\u00e7e belediyelerimizle el ele g\u00f6n\u00fcl g\u00f6n\u00fcle verece\u011fiz. Tar\u0131mdan \u00e7al\u0131\u015fma hayat\u0131na, e\u011fitime k\u00fclt\u00fcre sanata kadar bir\u00e7ok g\u00fczel projeyi uygulamaya ge\u00e7irece\u011fiz. \u201c diye konu\u015ftu. AK Parti D\u00f6\u015femealt\u0131 \u0130l\u00e7e Ba\u015fkan\u0131 Ramazan Kaya da, durmadan yorulmadan D\u00f6\u015femealt\u0131 i\u00e7in, Antalya i\u00e7in \u00e7al\u0131\u015facaklar\u0131n\u0131 s\u00f6yledi. Cumhur \u0130ttifak\u0131\u2019n\u0131n Antalya B\u00fcy\u00fck\u015fehir Belediye Ba\u015fkan aday\u0131 Hakan T\u00fct\u00fcnc\u00fc,&nbsp; Yenik\u00f6y Atat\u00fcrk Caddesi \u00fczerindeki esnaf\u0131 da ziyaret etti. D\u00f6\u015femealt\u0131 esnaf\u0131na hay\u0131rl\u0131 ve bol kazan\u00e7 dileklerini iletti. Cadde \u00fczerinde kar\u015f\u0131la\u015ft\u0131\u011f\u0131 il\u00e7e sakinleriyle de konu\u015farak, hal hat\u0131r sordu.<\/p>\n\n\n\n<p>Kepez Belediyesi \/ B\u00fclten<\/p>\n","protected":false},"excerpt":{"rendered":"<p>Cumhur \u0130ttifak\u0131\u2019n\u0131n Antalya B\u00fcy\u00fck\u015fehir Belediye Ba\u015fkan aday\u0131 Hakan T\u00fct\u00fcnc\u00fc, \u201cD\u00f6\u015femealt\u0131, y\u0131llard\u0131r hizmete susam\u0131\u015f, hizmete a\u00e7 kalm\u0131\u015f bir il\u00e7emiz. D\u00f6\u015femealt\u0131\u2019n\u0131n makus talihini birlikte ve beraberce de\u011fi\u015ftirece\u011fiz. <a href=\"https:\/\/akdenizhaber.com.tr\/index.php\/2024\/02\/10\/tutuncu-dosemealti-yillardir-hizmete-ac-kaldi\/\" class=\"read-more-link\">[more&#8230;]<\/a><\/p>\n","protected":false},"author":2,"featured_media":20399,"comment_status":"open","ping_status":"open","sticky":false,"template":"","format":"standard","meta":{"footnotes":""},"categories":[2],"tags":[],"class_list":["post-20398","post","type-post","status-publish","format-standard","has-post-thumbnail","hentry","category-gundem"],"_links":{"self":[{"href":"https:\/\/akdenizhaber.com.tr\/index.php\/wp-json\/wp\/v2\/posts\/20398","targetHints":{"allow":["GET"]}}],"collection":[{"href":"https:\/\/akdenizhaber.com.tr\/index.php\/wp-json\/wp\/v2\/posts"}],"about":[{"href":"https:\/\/akdenizhaber.com.tr\/index.php\/wp-json\/wp\/v2\/types\/post"}],"author":[{"embeddable":true,"href":"https:\/\/akdenizhaber.com.tr\/index.php\/wp-json\/wp\/v2\/users\/2"}],"replies":[{"embeddable":true,"href":"https:\/\/akdenizhaber.com.tr\/index.php\/wp-json\/wp\/v2\/comments?post=20398"}],"version-history":[{"count":0,"href":"https:\/\/akdenizhaber.com.tr\/index.php\/wp-json\/wp\/v2\/posts\/20398\/revisions"}],"wp:featuredmedia":[{"embeddable":true,"href":"https:\/\/akdenizhaber.com.tr\/index.php\/wp-json\/wp\/v2\/media\/20399"}],"wp:attachment":[{"href":"https:\/\/akdenizhaber.com.tr\/index.php\/wp-json\/wp\/v2\/media?parent=20398"}],"wp:term":[{"taxonomy":"category","embeddable":true,"href":"https:\/\/akdenizhaber.com.tr\/index.php\/wp-json\/wp\/v2\/categories?post=20398"},{"taxonomy":"post_tag","embeddable":true,"href":"https:\/\/akdenizhaber.com.tr\/index.php\/wp-json\/wp\/v2\/tags?post=20398"}],"curies":[{"name":"wp","href":"https:\/\/api.w.org\/{rel}","templated":true}]}}