{"id":20395,"date":"2024-02-10T13:02:27","date_gmt":"2024-02-10T10:02:27","guid":{"rendered":"https:\/\/akdenizhaber.com.tr\/?p=20395"},"modified":"2024-02-10T13:02:27","modified_gmt":"2024-02-10T10:02:27","slug":"muhtarlardan-baskan-boceke-tesekkur","status":"publish","type":"post","link":"https:\/\/akdenizhaber.com.tr\/index.php\/2024\/02\/10\/muhtarlardan-baskan-boceke-tesekkur\/","title":{"rendered":"Muhtarlardan Ba\u015fkan B\u00f6cek\u2019e te\u015fekk\u00fcr"},"content":{"rendered":"\n<p><\/p>\n\n\n\n<p>Antalya B\u00fcy\u00fck\u015fehir Belediye Ba\u015fkan\u0131 Muhittin B\u00f6cek, \u201cyol arkada\u015flar\u0131m\u201d dedi\u011fi muhtarlarla bir araya geldi. 5 y\u0131ll\u0131k \u00e7al\u0131\u015fmalar\u0131 i\u00e7in muhtarlara te\u015fekk\u00fcr eden Ba\u015fkan Muhittin B\u00f6cek,<\/p>\n\n\n\n<p>\u201cAyn\u0131 kararl\u0131l\u0131k ve azimle 5 y\u0131l daha sizlerin ve Antalya halk\u0131n\u0131n deste\u011fi ile beraber olup yola devam edece\u011fiz\u201d dedi. Antalya Muhtarlar Dernek Ba\u015fkan\u0131 S\u00fcleyman Kabaa\u011fa\u00e7 ve Bat\u0131 Akdeniz Muhtarlar Federasyonu Ba\u015fkan\u0131, \u201cBiz yapt\u0131\u011f\u0131n\u0131z hizmetlerinizle \u00f6v\u00fcn\u00fcyoruz\u201d dedi.<\/p>\n\n\n\n<p>Bat\u0131 Akdeniz Muhtarlar Federasyonu Ba\u015fkan\u0131 Nazif Alp ve Antalya Muhtarlar Dernek Ba\u015fkan\u0131 S\u00fcleyman Kabaa\u011fa\u00e7 ile bir araya gelen Ba\u015fkan Muhittin B\u00f6cek, T\u00fcrkiye Muhtarlar Derne\u011fi Antalya \u015eube Ba\u015fkan\u0131 Mustafa Y\u0131lmaz\u2019\u0131 da ziyaret etti. Ziyarete D\u00f6\u015femealt\u0131 Muhtarlar Dernek Ba\u015fkan\u0131 Alkan Altun, Korkuteli Dernek Ba\u015fkan\u0131 Osman Karasucu, Manavgat Muhtarlar Dernek Ba\u015fkan\u0131 Tahsin Y\u0131lmaz, Serik Muhtarlar Dernek Ba\u015fkan\u0131 Mustafa Bar\u00e7\u0131n ve Muratpa\u015fa Muhtarlar Dernek Ba\u015fkan\u0131 Ahmet Akcan da kat\u0131ld\u0131.<\/p>\n\n\n\n<p>913 MAHALLE MUHTARIMIZLA \u00c7ALI\u015eTIK<\/p>\n\n\n\n<p>25 y\u0131ll\u0131k ba\u015far\u0131 hikayesinin sonucunda son 5 y\u0131lda da Antalya B\u00fcy\u00fck\u015fehir Belediye Ba\u015fkan\u0131 olarak Gazipa\u015fa\u2019dan Ka\u015f\u2019a 913 mahalle muhtar\u0131yla \u00e7al\u0131\u015fma \u015fans\u0131 buldu\u011funu s\u00f6yleyen Ba\u015fkan Muhittin B\u00f6cek, g\u00f6rev s\u00fcresi boyunca muhtarlarla uyumlu bir \u00e7al\u0131\u015fma ger\u00e7ekle\u015ftirdiklerini s\u00f6yledi. \u0130l\u00e7eleri ziyaret ederek muhtarlarla biraraya geldi\u011fini, onlar\u0131n talep ve isteklerini dinledi\u011fini s\u00f6yleyen Ba\u015fkan B\u00f6cek, \u201cMuhtarlar\u0131m\u0131zla beraber bir d\u00f6nem daha Gazipa\u015fa\u2019dan Ka\u015f\u2019a 913 mahallemizde hizmet etmek boynumun borcudur\u201d dedi.<\/p>\n\n\n\n<p>YAPTI\u011eI \u00c7ALI\u015eMALARI ANLATTI<\/p>\n\n\n\n<p>5 y\u0131ll\u0131k g\u00f6rev s\u00fcresi boyunca yapt\u0131\u011f\u0131 \u00e7al\u0131\u015fmalar\u0131 anlatan Ba\u015fkan B\u00f6cek, Antalya\u2019n\u0131n en \u00f6nemli sekt\u00f6rleri olan turizm ve tar\u0131m\u0131 \u00f6ncelikli tutarak pek \u00e7ok \u00e7al\u0131\u015fmaya imza att\u0131klar\u0131n\u0131 belirtti. Ba\u015fkan B\u00f6cek, \u201c\u0130l\u00e7e belediyelerimiz ve turizmcilerimizle Turizm Birli\u011fi\u2019ni kurduk.<\/p>\n\n\n\n<p>Antalya\u2019m\u0131za 16 milyon yabanc\u0131, 10 milyon da yurdum insan\u0131 turist olarak geliyor ancak biz 2 milyon 688 bin n\u00fcfusa g\u00f6re gelen b\u00fct\u00e7eyle hizmet ettik. B\u00fct\u00e7esine g\u00f6re en bor\u00e7lu belediyeyi devrald\u0131k. \u00c7al\u0131\u015fanlar\u0131m\u0131z\u0131n maa\u015flar\u0131n\u0131 bir g\u00fcn bile geciktirmedik. G\u00fcn\u00fc ge\u00e7mi\u015f kurumsal borcumuz yoktur\u201d diye konu\u015ftu.<\/p>\n\n\n\n<p>130 M\u0130LYON EURO BOR\u00c7 \u00d6DED\u0130K<\/p>\n\n\n\n<p>2007-2019 aras\u0131 58 milyon Euro bor\u00e7 \u00f6denmi\u015fken, son 5 y\u0131lda \u00f6dedikleri bor\u00e7 miktar\u0131n\u0131n 130 milyon Euro oldu\u011funun alt\u0131n\u0131 \u00e7izen Ba\u015fkan B\u00f6cek \u015funlar\u0131 s\u00f6yledi: \u201cYar\u0131m kalan ve kamu yarar\u0131 olan b\u00fct\u00fcn projeleri tamaml\u0131yoruz. Do\u011fu Garaj\u0131 Projesi i\u00e7inde yer alan Nekropol alan\u0131n\u0131tamamlad\u0131k. Bakanl\u0131kla anla\u015f\u0131p oray\u0131 m\u00fcze olarak a\u00e7t\u0131k. Yan\u0131nda y\u0131llard\u0131r kanayan bir yara olan Do\u011fu Garaj\u0131 vard\u0131. Orada yanl\u0131\u015flar vard\u0131 ama bitirmemiz gerekiyordu bitirdik. Otogar-\u00dcniversite- Devlet Hastanesi-M\u00fcze rayl\u0131 sistem hatt\u0131n\u0131 1,5 y\u0131l i\u00e7inde tamamlad\u0131k ve halk\u0131m\u0131z\u0131n hizmetine sunduk.\u201d<\/p>\n\n\n\n<p>YERELDEN KALKINMAYA DESTEK<\/p>\n\n\n\n<p>Yerelden Kalk\u0131nma hamlesiyle tar\u0131ma da b\u00fcy\u00fck \u00f6nem ve destek verdiklerini s\u00f6yleyen Ba\u015fkan Muhitin B\u00f6cek,\u201cHalk S\u00fct Projesini ba\u015flatt\u0131k. \u00c7ocuklar\u0131m\u0131za ayda 8 litre s\u00fct g\u00f6nderiyoruz. O s\u00fct\u00fc Toroslarda hayvanc\u0131l\u0131kla u\u011fra\u015fan vatanda\u015f\u0131m\u0131zdan al\u0131yoruz\u201d dedi.<\/p>\n\n\n\n<p>KAPALI SPOR SALONU M\u00dcZE OLARAK KALDI<\/p>\n\n\n\n<p>G\u00f6reve geldiklerinde in\u015faat\u0131 durmu\u015f olan eski Belediye binas\u0131n\u0131n da i\u00e7inde bulundu\u011fu alan\u0131 Karaalio\u011flu Kent Ya\u015fam Park\u0131 olarak tamamlay\u0131p, halka a\u00e7t\u0131klar\u0131n\u0131 belirten Ba\u015fkan B\u00f6cek, kent haf\u0131zas\u0131n\u0131n \u00f6nemli simgelerinden Kapal\u0131 Spor Salonu ile ilgili de a\u00e7\u0131klama yapt\u0131. Ba\u015fkan B\u00f6cek, \u201cKapal\u0131 Spor Salonu ile ilgili ge\u00e7enlerde siyaset yap\u0131lm\u0131\u015f. B\u00f6yle ucuz g\u00fcn\u00fc birlik siyaset yapmayaca\u011f\u0131m\u0131 herkes bilir. Oras\u0131 M\u00fcze olarak kald\u0131. Ad\u0131n\u0131 de\u011fi\u015ftirdik, Atat\u00fcrk Kapal\u0131 Spor Salonu yapt\u0131k. Mevzuatlardan dolay\u0131 bu haliyle duruyor\u201d ifadelerini kulland\u0131.<\/p>\n\n\n\n<p>Ba\u015fkan Muhittin B\u00f6cek, yar\u0131m kalan bir di\u011fer proje olan Sedir Spor Kompleksi\u2019ni bitirip, Cumhuriyetin 100. Y\u0131l\u0131 an\u0131s\u0131nasporcular\u0131n kullan\u0131m\u0131na a\u00e7t\u0131klar\u0131n\u0131 kaydetti.<\/p>\n\n\n\n<p>MUHTARLARA TE\u015eEKK\u00dcR ETT\u0130<\/p>\n\n\n\n<p>Pandemi, Manavgat yang\u0131n\u0131, 6 \u015eubat depremleri ba\u015fta olmak \u00fczere pek \u00e7ok olumsuzluk ya\u015fand\u0131\u011f\u0131n\u0131 s\u00f6yleyen Ba\u015fkan B\u00f6cek \u015funlar\u0131 ifade etti: \u201cMuhtarlar\u0131m\u0131zla, halk\u0131m\u0131zla hep beraber olduk. T\u00fcm bu ya\u015fananlara ra\u011fmen hi\u00e7bir bahaneye s\u0131\u011f\u0131nmadan \u00e7al\u0131\u015fma arkada\u015flar\u0131m dedi\u011fim siz muhtarlar\u0131m\u0131zla beraber b\u00fct\u00fcn k\u00f6yl\u00fc, \u00e7ift\u00e7ikarde\u015flerimize elimizden gelen deste\u011fi verdik. Elimizden gelen yard\u0131mlar\u0131 yapmaya da devam ediyoruz. Ayn\u0131 kararl\u0131l\u0131k ve azimle 5 y\u0131l daha sizlerin ve Antalya halk\u0131n\u0131n deste\u011fi ile beraber olup devam edece\u011fiz.\u201d<\/p>\n\n\n\n<p>YAPTI\u011eINIZ H\u0130ZMETLERLE \u00d6V\u00dcN\u00dcYORUZ<\/p>\n\n\n\n<p>Antalya Muhtarlar Dernek Ba\u015fkan\u0131 S\u00fcleyman Kabaa\u011fa\u00e7 da Ba\u015fkan Muhittin B\u00f6cek\u2019e ziyareti i\u00e7in te\u015fekk\u00fcr etti. \u201c\u0130ktidarlar imkanlar gelip ge\u00e7icidir, yap\u0131lan hizmetler kal\u0131c\u0131d\u0131r\u201d diyen Ba\u015fkan Kabaa\u011fa\u00e7, \u201cBiz sizin yapt\u0131\u011f\u0131n\u0131z hizmetlerle \u00f6v\u00fcn\u00fcyoruz. Bu kadar zorluk ve pandemide ya\u015fanan s\u0131k\u0131nt\u0131lar, ekonomik s\u0131k\u0131nt\u0131lar olmas\u0131na ra\u011fmen bir\u00e7ok zorlu\u011fu ba\u015far\u0131yla tamamlad\u0131n\u0131z. \u00d6n\u00fcm\u00fczdeki s\u00fcre\u00e7te de tekrardan ba\u015fkan aday\u0131s\u0131n\u0131z ve g\u00f6nl\u00fcm\u00fcz sizden yana. Bu ekonomik \u015fartlarda vatanda\u015f\u0131n ald\u0131\u011f\u0131 Halk Ekmek\u2019i ekme\u011fi 4.5 TL\u2019den tutan, i\u015f\u00e7ilerinize y\u00fczde 80 en fazla zam veren B\u00fcy\u00fck\u015fehir Belediye Ba\u015fkan\u0131 olarakelinizdeki imkanlar do\u011frultusunda yapt\u0131\u011f\u0131n\u0131z \u00e7al\u0131\u015fmalar\u0131n\u0131z\u0131 dikkatle izlemekteyiz. Bunlar\u0131 da takdirle kar\u015f\u0131l\u0131yoruz. \u0130n\u015fallah \u00f6n\u00fcm\u00fczdeki s\u00fcre\u00e7 i\u00e7erisinde de bunlar\u0131n devam\u0131 gelecek ve daha da g\u00fczel \u015feyler yapacaks\u0131n\u0131z\u201d ifadelerini kullanarak Ba\u015fkan B\u00f6cek\u2019e \u00e7al\u0131\u015fmalar\u0131 i\u00e7in te\u015fekk\u00fcr etti.&nbsp;<\/p>\n\n\n\n<p>TARIMA VERD\u0130\u011e\u0130 DESTEK \u0130\u00c7\u0130N TE\u015eEKK\u00dc ETT\u0130<\/p>\n\n\n\n<p>Bat\u0131 Akdeniz Muhtarlar Federasyonu Ba\u015fkan\u0131 ve Antalya Muratpa\u015faZiraat Odas\u0131 Ba\u015fkan\u0131 Nazif Alp\u015funlar\u0131 dile getirdi: \u201cYapt\u0131\u011f\u0131n\u0131z projelerle biz \u00f6v\u00fcn\u00fcyoruz. Bunun \u00f6tesinde de ayn\u0131 zamanda muhtarlar\u0131m\u0131z\u0131n sayesinde ziraat odas\u0131 ba\u015fkan\u0131y\u0131m. Ba\u015fkan\u0131m\u0131z\u0131n \u00e7ift\u00e7iye yapm\u0131\u015f oldu\u011fu b\u00fcy\u00fck hizmetlere bakmak laz\u0131m. 170 bin \u00e7ift\u00e7imiz ad\u0131na te\u015fekk\u00fcrlerimi sunuyorum. Hayvanc\u0131l\u0131kta i\u00e7me suyu bedelini 50 tona kadar 1 TL olarak belirledi. Son zamanlarda yem deste\u011fi yap\u0131yorsunuz. Kooperatiflerimiz elektrik faturalar\u0131n\u0131 \u00f6deyemez hale gelmi\u015fti. Sulama suyu i\u00e7in kooperatiflere enerjiyi \u00fccretsiz veriyorsunuz. Bunun yan\u0131nda damla ve kapal\u0131 devre sulama sistemleri kurdunuz. Hibe etti\u011finiz katma de\u011feri y\u00fcksek olan Antep f\u0131st\u0131\u011f\u0131 fidanlar\u0131 b\u00fcy\u00fcd\u00fc \u015fu anda f\u0131st\u0131k vermeye ba\u015flad\u0131. Tar\u0131ma yapt\u0131\u011f\u0131n\u0131z hizmet hakka hizmettir, bunu iyi bilmek laz\u0131m. Eli nas\u0131rl\u0131 \u00e7ift\u00e7iyi tarlada tutmam\u0131z gerek. Ba\u015fkan\u0131m\u0131z\u0131n tar\u0131ma yapt\u0131\u011f\u0131 hizmetlerden dolay\u0131 da \u00e7ok te\u015fekk\u00fcr ediyorum.\u201d<\/p>\n\n\n\n<p>Antalya B\u00fcy\u00fck\u015fehir Belediyesi \/ B\u00fclten<\/p>\n","protected":false},"excerpt":{"rendered":"<p>Antalya B\u00fcy\u00fck\u015fehir Belediye Ba\u015fkan\u0131 Muhittin B\u00f6cek, \u201cyol arkada\u015flar\u0131m\u201d dedi\u011fi muhtarlarla bir araya geldi. 5 y\u0131ll\u0131k \u00e7al\u0131\u015fmalar\u0131 i\u00e7in muhtarlara te\u015fekk\u00fcr eden Ba\u015fkan Muhittin B\u00f6cek, \u201cAyn\u0131 kararl\u0131l\u0131k <a href=\"https:\/\/akdenizhaber.com.tr\/index.php\/2024\/02\/10\/muhtarlardan-baskan-boceke-tesekkur\/\" class=\"read-more-link\">[more&#8230;]<\/a><\/p>\n","protected":false},"author":2,"featured_media":20396,"comment_status":"open","ping_status":"open","sticky":false,"template":"","format":"standard","meta":{"footnotes":""},"categories":[2],"tags":[],"class_list":["post-20395","post","type-post","status-publish","format-standard","has-post-thumbnail","hentry","category-gundem"],"_links":{"self":[{"href":"https:\/\/akdenizhaber.com.tr\/index.php\/wp-json\/wp\/v2\/posts\/20395","targetHints":{"allow":["GET"]}}],"collection":[{"href":"https:\/\/akdenizhaber.com.tr\/index.php\/wp-json\/wp\/v2\/posts"}],"about":[{"href":"https:\/\/akdenizhaber.com.tr\/index.php\/wp-json\/wp\/v2\/types\/post"}],"author":[{"embeddable":true,"href":"https:\/\/akdenizhaber.com.tr\/index.php\/wp-json\/wp\/v2\/users\/2"}],"replies":[{"embeddable":true,"href":"https:\/\/akdenizhaber.com.tr\/index.php\/wp-json\/wp\/v2\/comments?post=20395"}],"version-history":[{"count":0,"href":"https:\/\/akdenizhaber.com.tr\/index.php\/wp-json\/wp\/v2\/posts\/20395\/revisions"}],"wp:featuredmedia":[{"embeddable":true,"href":"https:\/\/akdenizhaber.com.tr\/index.php\/wp-json\/wp\/v2\/media\/20396"}],"wp:attachment":[{"href":"https:\/\/akdenizhaber.com.tr\/index.php\/wp-json\/wp\/v2\/media?parent=20395"}],"wp:term":[{"taxonomy":"category","embeddable":true,"href":"https:\/\/akdenizhaber.com.tr\/index.php\/wp-json\/wp\/v2\/categories?post=20395"},{"taxonomy":"post_tag","embeddable":true,"href":"https:\/\/akdenizhaber.com.tr\/index.php\/wp-json\/wp\/v2\/tags?post=20395"}],"curies":[{"name":"wp","href":"https:\/\/api.w.org\/{rel}","templated":true}]}}