{"id":20383,"date":"2024-02-10T12:56:31","date_gmt":"2024-02-10T09:56:31","guid":{"rendered":"https:\/\/akdenizhaber.com.tr\/?p=20383"},"modified":"2024-02-10T12:56:32","modified_gmt":"2024-02-10T09:56:32","slug":"ercin-dusunce-platformuna-konuk-oldu","status":"publish","type":"post","link":"https:\/\/akdenizhaber.com.tr\/index.php\/2024\/02\/10\/ercin-dusunce-platformuna-konuk-oldu\/","title":{"rendered":"Er\u00e7in, D\u00fc\u015f\u00fcnce Platformuna Konuk Oldu"},"content":{"rendered":"\n<p><\/p>\n\n\n\n<p>Antalya D\u00fc\u015f\u00fcnce Platformunun \u015eubat ay\u0131 ola\u011fan toplant\u0131 konu\u011fu, AFAD Antalya \u0130l M\u00fcd\u00fcr\u00fc Necmi Er\u00e7in oldu.<\/p>\n\n\n\n<p>Antalya D\u00fc\u015f\u00fcnce Platformu 2024 faaliyet y\u0131l\u0131 Ocak ay\u0131 toplant\u0131s\u0131n\u0131 Hilton Dubletree otelde ger\u00e7ekle\u015ftirdi. Toplant\u0131da, Afetlerde Sivil Toplum Kurulu\u015flar\u0131n\u0131n Rol\u00fc, AFAD\u2019\u0131n T\u00fcrkiye\u2019deki \u00e7al\u0131\u015fmalar\u0131 ile Antik d\u00f6nemlerden g\u00fcn\u00fcm\u00fcze Antalya\u2019daki Depremlerin D\u00f6nemselli\u011fi konular\u0131 konu\u015fuldu.<\/p>\n\n\n\n<p>Toplant\u0131, Antalya D\u00fc\u015f\u00fcnce Platformu Ba\u015fkan\u0131 Halil G\u00fcvenba\u015f\u2019\u0131n a\u00e7\u0131l\u0131\u015f konu\u015fmas\u0131 ile ba\u015flad\u0131. Ba\u015fkan G\u00fcvenba\u015f, \u2018\u0130nsan hayat\u0131n\u0131n ka\u00e7\u0131n\u0131lmaz ger\u00e7eklerinden birisi de afetlerdir. Depremler, do\u011fal afetler i\u00e7erisinde y\u0131k\u0131c\u0131 etkisi en y\u00fcksek olan hadiselerin ba\u015f\u0131nda gelmektedir. Yol a\u00e7t\u0131\u011f\u0131 can kay\u0131plar\u0131n\u0131n yan\u0131 s\u0131ra maddi ve manevi hasarlar\u0131n telafisi son derece g\u00fc\u00e7t\u00fcr\u2019 dedi.<\/p>\n\n\n\n<p>Konu\u015fmas\u0131na devam eden Ba\u015fkan G\u00fcvenba\u015f, STK&#8217;lar\u0131n afet y\u00f6netimindeki rol\u00fc, toplumun afetlere kar\u015f\u0131 daha dayan\u0131kl\u0131 hale gelmesine ve etkili m\u00fcdahalelerin ger\u00e7ekle\u015ftirilmesine katk\u0131da bulunur. Bu nedenle, STK&#8217;lar afet y\u00f6netimi s\u00fcre\u00e7lerinde \u00f6nemli payda\u015flar olarak kabul edilirler ve toplumun refah\u0131n\u0131 korumada \u00f6nemli bir rol oynarlar dedi.<\/p>\n\n\n\n<p>Toplant\u0131 Konu\u011fu AFAD \u0130l M\u00fcd\u00fcr\u00fc Necmi Er\u00e7in, \u00dclkemiz, D\u00fcnyan\u0131n en etkili deprem ku\u015faklar\u0131n\u0131n birinin \u00fczerinde yer al\u0131yor. Tarih boyunca bir\u00e7ok y\u0131k\u0131c\u0131 deprem ya\u015fad\u0131k. Ge\u00e7en sene 6 \u015eubatta 11 ilimizde ger\u00e7ekle\u015fen deprem de canlar\u0131m\u0131z\u0131 kaybetti\u011fimiz asr\u0131n felaketini ya\u015fad\u0131k dedi.Depremin hemen ard\u0131ndan, AFAD olarak b\u00f6lgeye gittik. Arama kurtarma \u00e7al\u0131\u015fmalar\u0131na ba\u015flad\u0131k. Devlet millet birlikteli\u011fiyle \u00e7al\u0131\u015fmalar \u00f6zveriyle y\u00fcr\u00fct\u00fcld\u00fc dedi. Konu\u015fmas\u0131na devam eden Er\u00e7in, Arama kurtarma \u00e7al\u0131\u015fmalar\u0131 ile birlikte b\u00f6lgede yeni konutlar\u0131n yap\u0131lmas\u0131 ile ilgili \u00e7al\u0131\u015fmalar e\u015f zamanl\u0131 olarak ba\u015flad\u0131. Antalya AFAD ekibi olarak t\u00fcm \u00f6zverimiz ile \u00e7al\u0131\u015ft\u0131k dedi. B\u00f6ylesine b\u00fcy\u00fck ac\u0131lar bir daha ya\u015famamak i\u00e7in AFAD olarak \u00e7al\u0131\u015fmalar\u0131na h\u0131z kesmeden devam ettiklerini, bir\u00e7ok proje ve e\u011fitim programlar\u0131 ile Antalya ili i\u00e7in \u00e7al\u0131\u015ft\u0131klar\u0131n\u0131 belirtti. T\u00fcm Antalya halk\u0131n\u0131n deprem ve do\u011fal afetler konusunda bilin\u00e7lenmesi i\u00e7in i\u015f birli\u011fi yapmaya, her konuda yard\u0131ma haz\u0131r olduklar\u0131n\u0131 belirtti. Ayr\u0131ca \u00f6ng\u00f6r\u00fclemez bir afet durumunda organize bir \u015fekilde hareket etmenin \u00f6neminin \u00e7ok b\u00fcy\u00fck oldu\u011fu, Sivil Toplum \u00d6rg\u00fctlerinin bu konuda en b\u00fcy\u00fck yard\u0131mc\u0131lar\u0131 olabilece\u011fini belirtti. Antalya D\u00fc\u015f\u00fcnce Platformu \u00fcyelerinin iste\u011fi ile bu do\u011frultuda yeni projeler ve e\u011fitimler d\u00fczenlenmesi konusunda fikir birli\u011fine var\u0131lm\u0131\u015ft\u0131r dedi.<\/p>\n\n\n\n<p>Toplant\u0131ya katk\u0131 sa\u011flayan, Antalya D\u00fc\u015f\u00fcnce Platformu \u00fcyesi Prof.Dr.Mustafa Ert\u00fcrk ve Uzman Tarih\u00e7i \u00c7a\u011fr\u0131 Y\u0131lmaz, Antik d\u00f6nemlerden g\u00fcn\u00fcm\u00fcze Antalya\u2019da depremler hakk\u0131nda sunumlar\u0131n\u0131 yapt\u0131lar.Prof.Dr.Mustafa Ert\u00fcrk, T\u00fcrkiye ve Antalya\u2019n\u0131n co\u011frafi konumu ve depremlerin d\u00f6nemselli\u011fi hakk\u0131nda bilgilendirme yaparken \u00c7a\u011fr\u0131 y\u0131lmaz Antik d\u00f6nemden bug\u00fcne de\u011fin Antalya\u2019da ya\u015fanm\u0131\u015f do\u011fal afetler ve Antalya ilinde bulunan antik kentlerin hangi do\u011fal afetleri g\u00f6rd\u00fc\u011f\u00fc hakk\u0131nda bilgilendirme yapt\u0131.<\/p>\n\n\n\n<p>Toplant\u0131n\u0131n sonunda, Platforma \u00fcye olan i\u015f insanlar\u0131na rozet takma merasimi d\u00fczenlendi.<\/p>\n\n\n\n<p>Antalya D\u00fc\u015f\u00fcnce Platformu \/ B\u00fclten<\/p>\n","protected":false},"excerpt":{"rendered":"<p>Antalya D\u00fc\u015f\u00fcnce Platformunun \u015eubat ay\u0131 ola\u011fan toplant\u0131 konu\u011fu, AFAD Antalya \u0130l M\u00fcd\u00fcr\u00fc Necmi Er\u00e7in oldu. Antalya D\u00fc\u015f\u00fcnce Platformu 2024 faaliyet y\u0131l\u0131 Ocak ay\u0131 toplant\u0131s\u0131n\u0131 Hilton <a href=\"https:\/\/akdenizhaber.com.tr\/index.php\/2024\/02\/10\/ercin-dusunce-platformuna-konuk-oldu\/\" class=\"read-more-link\">[more&#8230;]<\/a><\/p>\n","protected":false},"author":2,"featured_media":20384,"comment_status":"open","ping_status":"open","sticky":false,"template":"","format":"standard","meta":{"footnotes":""},"categories":[2],"tags":[],"class_list":["post-20383","post","type-post","status-publish","format-standard","has-post-thumbnail","hentry","category-gundem"],"_links":{"self":[{"href":"https:\/\/akdenizhaber.com.tr\/index.php\/wp-json\/wp\/v2\/posts\/20383","targetHints":{"allow":["GET"]}}],"collection":[{"href":"https:\/\/akdenizhaber.com.tr\/index.php\/wp-json\/wp\/v2\/posts"}],"about":[{"href":"https:\/\/akdenizhaber.com.tr\/index.php\/wp-json\/wp\/v2\/types\/post"}],"author":[{"embeddable":true,"href":"https:\/\/akdenizhaber.com.tr\/index.php\/wp-json\/wp\/v2\/users\/2"}],"replies":[{"embeddable":true,"href":"https:\/\/akdenizhaber.com.tr\/index.php\/wp-json\/wp\/v2\/comments?post=20383"}],"version-history":[{"count":0,"href":"https:\/\/akdenizhaber.com.tr\/index.php\/wp-json\/wp\/v2\/posts\/20383\/revisions"}],"wp:featuredmedia":[{"embeddable":true,"href":"https:\/\/akdenizhaber.com.tr\/index.php\/wp-json\/wp\/v2\/media\/20384"}],"wp:attachment":[{"href":"https:\/\/akdenizhaber.com.tr\/index.php\/wp-json\/wp\/v2\/media?parent=20383"}],"wp:term":[{"taxonomy":"category","embeddable":true,"href":"https:\/\/akdenizhaber.com.tr\/index.php\/wp-json\/wp\/v2\/categories?post=20383"},{"taxonomy":"post_tag","embeddable":true,"href":"https:\/\/akdenizhaber.com.tr\/index.php\/wp-json\/wp\/v2\/tags?post=20383"}],"curies":[{"name":"wp","href":"https:\/\/api.w.org\/{rel}","templated":true}]}}