{"id":20377,"date":"2024-02-09T17:35:15","date_gmt":"2024-02-09T14:35:15","guid":{"rendered":"https:\/\/akdenizhaber.com.tr\/?p=20377"},"modified":"2024-02-09T17:35:15","modified_gmt":"2024-02-09T14:35:15","slug":"ak-parti-suleyman-okudan-dedi","status":"publish","type":"post","link":"https:\/\/akdenizhaber.com.tr\/index.php\/2024\/02\/09\/ak-parti-suleyman-okudan-dedi\/","title":{"rendered":"AK PART\u0130 \u00a0\u201cS\u00dcLEYMAN OKUDAN\u201d DED\u0130"},"content":{"rendered":"\n<p><\/p>\n\n\n\n<p>AK Parti Antalya \u0130l\u00e7e Belediye Ba\u015fkan Adaylar\u0131 Tan\u0131t\u0131m Toplant\u0131s\u0131 Cumhurba\u015fkan\u0131 Recep Tayyip Erdo\u011fan\u2019\u0131n kat\u0131l\u0131m\u0131yla d\u00fcn ger\u00e7ekle\u015fti.<\/p>\n\n\n\n<p>Tan\u0131t\u0131m toplant\u0131s\u0131nda uzun s\u00fcredir Manavgat kamuoyunu me\u015fgul eden Manavgat Belediye Ba\u015fkan Aday\u0131 olarak da Prof. Dr. S\u00fcleyman Okudan a\u00e7\u0131kland\u0131.<\/p>\n\n\n\n<p>Bilindi\u011fi \u00fczere AK Parti Antalya B\u00fcy\u00fck\u015fehir Belediye Ba\u015fkan Aday\u0131 Kepez Belediye Ba\u015fkan\u0131 Hakan T\u00fct\u00fcnc\u00fc olarak daha \u00f6nce a\u00e7\u0131klanm\u0131\u015ft\u0131.<\/p>\n\n\n\n<p>AK PART\u0130&#8217;N\u0130N \u0130L\u00c7E BA\u015eKAN ADAYLARI \u015eU \u0130S\u0130MLER OLDU:<\/p>\n\n\n\n<p>Akseki: \u0130brahim \u00d6zkan<\/p>\n\n\n\n<p>Aksu: Durmu\u015f Kaan \u015eahin<\/p>\n\n\n\n<p>D\u00f6\u015femealt\u0131: Bekir K\u0131vr\u0131m<\/p>\n\n\n\n<p>Elmal\u0131: Ali G\u00f6k\u00e7e<\/p>\n\n\n\n<p>G\u00fcndo\u011fmu\u015f: Ali G\u00fclen<\/p>\n\n\n\n<p>\u0130brad\u0131: Hatice Sekmen<\/p>\n\n\n\n<p>Ka\u015f: Mutlu Uluta\u015f<\/p>\n\n\n\n<p>Kemer. Rahman \u015eeker<\/p>\n\n\n\n<p>Kepez: R\u0131za S\u00fcmer<\/p>\n\n\n\n<p>Konyaalt\u0131: Durali Kolpak<\/p>\n\n\n\n<p>Kumluca: H\u00fcseyin Orhantekin<\/p>\n\n\n\n<p>Manavgat: S\u00fcleyman Okudan<\/p>\n\n\n\n<p>Muratpa\u015fa: \u00d6zdemir Manavo\u011flu<\/p>\n\n\n\n<p>Serik: Veli Vural<\/p>\n\n\n\n<p>5 \u0130L\u00c7EYE MHP&#8217;DEN ADAY&nbsp;<\/p>\n\n\n\n<p>AK Parti Antalya&#8217;n\u0131n 14 il\u00e7esinde aday \u00e7\u0131kart\u0131rken geri kalan 5 il\u00e7ede Cumhur \u0130ttifak\u0131 ad\u0131na MHP aday \u00e7\u0131kard\u0131. MHP&#8217;nin aday \u00e7\u0131kard\u0131\u011f\u0131 il\u00e7eler Finike, Demre, Korkuteli, Alanya&nbsp; ve Gazipa\u015fa oldu.&nbsp;<\/p>\n\n\n\n<p>Alanya: Adem Murat Y\u00fccel<\/p>\n\n\n\n<p>Demre: \u0130brahim O\u011fuz&nbsp;<\/p>\n\n\n\n<p>Finike: Cenk \u015eim\u015fek<\/p>\n\n\n\n<p>Gazipa\u015fa: Mustafa Aksoy<\/p>\n\n\n\n<p>Korkuteli: Sad\u0131k \u00d6nal<\/p>\n\n\n\n<p>MANAVGAT ADAYI OKUDAN K\u0130MD\u0130R?<\/p>\n\n\n\n<p>Manavgat\u2019ta do\u011fdu. \u0130lk ve orta \u00f6\u011fretimini Manavgat&#8217;ta tamamlad\u0131. 1982 y\u0131l\u0131nda Ankara \u00dcniversitesi T\u0131p Fak\u00fcltesi&#8217;nden mezun oldu. 13 Kas\u0131m 2003 tarihinden 6 Aral\u0131k 2011 tarihine kadar Sel\u00e7uk \u00dcniversitesi rekt\u00f6rl\u00fc\u011f\u00fc g\u00f6revinde bulundu.<\/p>\n\n\n\n<p>HABER MERKEZ\u0130<\/p>\n","protected":false},"excerpt":{"rendered":"<p>AK Parti Antalya \u0130l\u00e7e Belediye Ba\u015fkan Adaylar\u0131 Tan\u0131t\u0131m Toplant\u0131s\u0131 Cumhurba\u015fkan\u0131 Recep Tayyip Erdo\u011fan\u2019\u0131n kat\u0131l\u0131m\u0131yla d\u00fcn ger\u00e7ekle\u015fti. Tan\u0131t\u0131m toplant\u0131s\u0131nda uzun s\u00fcredir Manavgat kamuoyunu me\u015fgul eden Manavgat <a href=\"https:\/\/akdenizhaber.com.tr\/index.php\/2024\/02\/09\/ak-parti-suleyman-okudan-dedi\/\" class=\"read-more-link\">[more&#8230;]<\/a><\/p>\n","protected":false},"author":2,"featured_media":20378,"comment_status":"open","ping_status":"open","sticky":false,"template":"","format":"standard","meta":{"footnotes":""},"categories":[2],"tags":[],"class_list":["post-20377","post","type-post","status-publish","format-standard","has-post-thumbnail","hentry","category-gundem"],"_links":{"self":[{"href":"https:\/\/akdenizhaber.com.tr\/index.php\/wp-json\/wp\/v2\/posts\/20377","targetHints":{"allow":["GET"]}}],"collection":[{"href":"https:\/\/akdenizhaber.com.tr\/index.php\/wp-json\/wp\/v2\/posts"}],"about":[{"href":"https:\/\/akdenizhaber.com.tr\/index.php\/wp-json\/wp\/v2\/types\/post"}],"author":[{"embeddable":true,"href":"https:\/\/akdenizhaber.com.tr\/index.php\/wp-json\/wp\/v2\/users\/2"}],"replies":[{"embeddable":true,"href":"https:\/\/akdenizhaber.com.tr\/index.php\/wp-json\/wp\/v2\/comments?post=20377"}],"version-history":[{"count":0,"href":"https:\/\/akdenizhaber.com.tr\/index.php\/wp-json\/wp\/v2\/posts\/20377\/revisions"}],"wp:featuredmedia":[{"embeddable":true,"href":"https:\/\/akdenizhaber.com.tr\/index.php\/wp-json\/wp\/v2\/media\/20378"}],"wp:attachment":[{"href":"https:\/\/akdenizhaber.com.tr\/index.php\/wp-json\/wp\/v2\/media?parent=20377"}],"wp:term":[{"taxonomy":"category","embeddable":true,"href":"https:\/\/akdenizhaber.com.tr\/index.php\/wp-json\/wp\/v2\/categories?post=20377"},{"taxonomy":"post_tag","embeddable":true,"href":"https:\/\/akdenizhaber.com.tr\/index.php\/wp-json\/wp\/v2\/tags?post=20377"}],"curies":[{"name":"wp","href":"https:\/\/api.w.org\/{rel}","templated":true}]}}