{"id":20369,"date":"2024-02-09T13:46:53","date_gmt":"2024-02-09T10:46:53","guid":{"rendered":"https:\/\/akdenizhaber.com.tr\/?p=20369"},"modified":"2024-02-09T13:46:53","modified_gmt":"2024-02-09T10:46:53","slug":"sonmez-ailesinin-aci-gunu","status":"publish","type":"post","link":"https:\/\/akdenizhaber.com.tr\/index.php\/2024\/02\/09\/sonmez-ailesinin-aci-gunu\/","title":{"rendered":"S\u00f6nmez Ailesinin Ac\u0131 G\u00fcn\u00fc"},"content":{"rendered":"\n<p><\/p>\n\n\n\n<p>Royal Akademy Dil Okulu i\u015fletmecisi G\u00f6khan ve M\u00fcjde S\u00f6nmez\u2019in o\u011fullar\u0131 <em>Scooter<\/em> kazas\u0131nda hayat\u0131n\u0131 kaybetti.<\/p>\n\n\n\n<p>Manavgat\u2019ta faaliyet g\u00f6steren Royal Akademy Yabanc\u0131 Dil Kursu sahipleri G\u00f6khan ve M\u00fcjde S\u00f6nmez\u2019in o\u011flu Soykan S\u00f6nmez (16) \u0130zmir\u2019de ge\u00e7irdi\u011fi <em>Scooter<\/em> kazas\u0131nda ya\u015fam\u0131n\u0131 yitirdi.<\/p>\n\n\n\n<p>Olay \u0130zmir\u2019in Kar\u015f\u0131yaka il\u00e7esinde meydana geldi. Kazada <em>Scooter<\/em>\u2019de bulunan Soykan S\u00f6nmez ve \u00fcvey karde\u015fi G\u00f6ktu\u011f G\u00fcle\u00e7 Mavi\u015fehir mahallesi Cahar Dudayev Bulvar\u0131nda M.E.\u00d6.\u2019n\u00fcn kulland\u0131\u011f\u0131 otomobil ile \u00e7arp\u0131\u015ft\u0131. Kazada yaralanan Soykan S\u00f6nmez, G\u00f6ktu\u011f G\u00fcle\u00e7 ve otomobilde bulunan D.E. Bayrakl\u0131 \u015fehir hastanesine kald\u0131r\u0131ld\u0131. Yap\u0131lan m\u00fcdahaleye ra\u011fmen Soykan S\u00f6nmez hayat\u0131n\u0131 kaybetti. Karde\u015fi G\u00f6ktu\u011f G\u00fcle\u00e7 ve di\u011fer yaral\u0131 D.E.nin tedavisi s\u00fcr\u00fcyor. G\u00f6zalt\u0131na al\u0131nan s\u00fcr\u00fcc\u00fc M.E.\u00d6&#8217;n\u00fcn i\u015flemleri ise devam ediyor.<\/p>\n\n\n\n<p>Kazada hayat\u0131n\u0131 kaybeden Soykan S\u00f6nmez\u2019in babas\u0131 ve annesi il\u00e7emizde Royal Akademy yabanc\u0131 dil kursu i\u015fletmecili\u011fi yap\u0131yordu.<\/p>\n\n\n\n<p>Haber Merkezi<\/p>\n","protected":false},"excerpt":{"rendered":"<p>Royal Akademy Dil Okulu i\u015fletmecisi G\u00f6khan ve M\u00fcjde S\u00f6nmez\u2019in o\u011fullar\u0131 Scooter kazas\u0131nda hayat\u0131n\u0131 kaybetti. Manavgat\u2019ta faaliyet g\u00f6steren Royal Akademy Yabanc\u0131 Dil Kursu sahipleri G\u00f6khan ve <a href=\"https:\/\/akdenizhaber.com.tr\/index.php\/2024\/02\/09\/sonmez-ailesinin-aci-gunu\/\" class=\"read-more-link\">[more&#8230;]<\/a><\/p>\n","protected":false},"author":2,"featured_media":20370,"comment_status":"open","ping_status":"open","sticky":false,"template":"","format":"standard","meta":{"footnotes":""},"categories":[2],"tags":[],"class_list":["post-20369","post","type-post","status-publish","format-standard","has-post-thumbnail","hentry","category-gundem"],"_links":{"self":[{"href":"https:\/\/akdenizhaber.com.tr\/index.php\/wp-json\/wp\/v2\/posts\/20369","targetHints":{"allow":["GET"]}}],"collection":[{"href":"https:\/\/akdenizhaber.com.tr\/index.php\/wp-json\/wp\/v2\/posts"}],"about":[{"href":"https:\/\/akdenizhaber.com.tr\/index.php\/wp-json\/wp\/v2\/types\/post"}],"author":[{"embeddable":true,"href":"https:\/\/akdenizhaber.com.tr\/index.php\/wp-json\/wp\/v2\/users\/2"}],"replies":[{"embeddable":true,"href":"https:\/\/akdenizhaber.com.tr\/index.php\/wp-json\/wp\/v2\/comments?post=20369"}],"version-history":[{"count":0,"href":"https:\/\/akdenizhaber.com.tr\/index.php\/wp-json\/wp\/v2\/posts\/20369\/revisions"}],"wp:featuredmedia":[{"embeddable":true,"href":"https:\/\/akdenizhaber.com.tr\/index.php\/wp-json\/wp\/v2\/media\/20370"}],"wp:attachment":[{"href":"https:\/\/akdenizhaber.com.tr\/index.php\/wp-json\/wp\/v2\/media?parent=20369"}],"wp:term":[{"taxonomy":"category","embeddable":true,"href":"https:\/\/akdenizhaber.com.tr\/index.php\/wp-json\/wp\/v2\/categories?post=20369"},{"taxonomy":"post_tag","embeddable":true,"href":"https:\/\/akdenizhaber.com.tr\/index.php\/wp-json\/wp\/v2\/tags?post=20369"}],"curies":[{"name":"wp","href":"https:\/\/api.w.org\/{rel}","templated":true}]}}